{"id":68938,"date":"2024-10-12T09:24:16","date_gmt":"2024-10-12T12:24:16","guid":{"rendered":"https:\/\/blogopara.com.br\/?p=68938"},"modified":"2024-10-12T09:24:18","modified_gmt":"2024-10-12T12:24:18","slug":"horas-apos-queda-de-aviao-helicoptero-dos-bombeiros-cai-em-distrito-de-ouro-preto","status":"publish","type":"post","link":"https:\/\/blogopara.com.br\/index.php\/2024\/10\/12\/horas-apos-queda-de-aviao-helicoptero-dos-bombeiros-cai-em-distrito-de-ouro-preto","title":{"rendered":"Horas ap\u00f3s queda de avi\u00e3o, helic\u00f3ptero dos bombeiros cai em distrito de Ouro Preto"},"content":{"rendered":"<p style=\"text-align: justify;\">Um helic\u00f3ptero do Corpo de Bombeiros caiu, no fim da \u00faltima sexta-feira (11 de outubro), em uma \u00e1rea de serra na cidade de Ouro Preto, na regi\u00e3o Central de Minas Gerais. Seis pessoas estavam na aeronave no momento do acidente, que aconteceu poucas horas ap\u00f3s um\u00a0<strong>avi\u00e3o que era utilizado no combate a inc\u00eandios florestais cair<\/strong>, na mesma cidade. O governador Romeu Zema (Novo) confirmou que os seis tripulantes morreram.<\/p>\n<p style=\"text-align: justify;\">A confirma\u00e7\u00e3o da queda da aeronave foi divulgada na manh\u00e3 deste s\u00e1bado (12) pela pr\u00f3pria corpora\u00e7\u00e3o, que perdeu contato com o helic\u00f3ptero Arcanjo 04, que realizava um atendimento na regi\u00e3o de Ouro Preto.<\/p>\n<p style=\"text-align: justify;\">&#8220;Prontamente foram empenhadas mais de 84 pessoas, entre bombeiros e demais agentes, c\u00e3es de busca e aeronaves do CBMMG, PMMG e For\u00e7a A\u00e9rea Brasileira. As buscas se concentraram nas coordenadas informadas pelo dispositivo de emerg\u00eancia do Arcanjo&#8221;, detalham os bombeiros.<\/p>\n<p style=\"text-align: justify;\">Depois de 12 horas realizando buscas, a aeronave acidentada foi localizada em uma \u00e1rea \u00edngreme na serra de Ouro Preto. Agora, acontecem as buscas pelos seis tripulantes do helic\u00f3ptero.<\/p>\n<h2 style=\"text-align: justify;\">Avi\u00e3o caiu na tarde de sexta<\/h2>\n<p style=\"text-align: justify;\"><strong>Um piloto morreu ap\u00f3s a queda de um monomotor<\/strong>\u00a0no distrito de S\u00e3o Bartolomeu, em Ouro Preto, na regi\u00e3o Central de Minas Gerais, nesta sexta-feira (11 de outubro). O corpo vai passar por exames no Instituto M\u00e9dico Legal (IML), em Belo Horizonte.<\/p>\n<p style=\"text-align: justify;\">O piloto foi identificado como Adriano Machado. Nas redes sociais, ele postava imagens do trabalho e chegou a fazer uma publica\u00e7\u00f5es horas antes de perder a vida. As imagens mostram uma aeronave no combate a inc\u00eandio.<strong><br \/>\n<\/strong><\/p>\n<p style=\"text-align: justify;\"><strong>O monomotor era usado no combate a inc\u00eandios florestais<\/strong>. A informa\u00e7\u00e3o foi repassada por uma pessoa ligada \u00e0 Aeroterra Avia\u00e7\u00e3o Agr\u00edcola, empresa registrada como propriet\u00e1ria da aeronave que se acidentou.<\/p>\n<p style=\"text-align: justify;\">A aeronave estava em deslocamento para Belo Horizonte no momento da queda, conforme informado. &#8220;N\u00e3o sabemos o que motivou o acidente. Deslocamos uma equipe para o local. Supomos que pode ter sido o mau tempo que provocou\u201d, informou um representante da Aeroterra. As causas ainda ser\u00e3o investigadas.<\/p>\n<p style=\"text-align: justify;\">A Pol\u00edcia Civil afirmou que &#8220;est\u00e1 em contato com equipes que atuam no Centro de Investiga\u00e7\u00e3o e Preven\u00e7\u00e3o de Acidentes Aeron\u00e1uticos (Cenipa) e aguarda a finaliza\u00e7\u00e3o dos laudos que subsidiar\u00e3o a investiga\u00e7\u00e3o que apura a causa e circunst\u00e2ncias do acidente&#8221;.<\/p>\n<p style=\"text-align: justify;\">Conforme o Cenipa, \u00f3rg\u00e3o respons\u00e1vel pela investiga\u00e7\u00e3o dos acidentes a\u00e9reos, \u201cna a\u00e7\u00e3o inicial s\u00e3o utilizadas t\u00e9cnicas espec\u00edficas, conduzidas por pessoal qualificado e credenciado que realiza a coleta e a confirma\u00e7\u00e3o de dados, a preserva\u00e7\u00e3o dos elementos, a verifica\u00e7\u00e3o inicial de danos causados \u00e0 aeronave, ou pela aeronave, e o levantamento de outras informa\u00e7\u00f5es necess\u00e1rias \u00e0 investiga\u00e7\u00e3o\u201d.<\/p>\n<p style=\"text-align: justify;\">O Cenipa afirma ainda que a investiga\u00e7\u00e3o ter\u00e1 o menor prazo poss\u00edvel, dependendo sempre da complexidade da ocorr\u00eancia e da necessidade de descobrir os poss\u00edveis fatores contribuintes.<\/p>\n","protected":false},"excerpt":{"rendered":"<p>Um helic\u00f3ptero do Corpo de Bombeiros caiu, no fim da \u00faltima sexta-feira (11 de outubro), em uma \u00e1rea de serra na cidade de Ouro Preto, na regi\u00e3o Central de Minas Gerais. Seis pessoas estavam na aeronave no momento do acidente, que aconteceu poucas horas ap\u00f3s um\u00a0avi\u00e3o que era utilizado no combate a inc\u00eandios florestais cair, [&hellip;]<\/p>\n","protected":false},"author":1,"featured_media":68939,"comment_status":"open","ping_status":"open","sticky":false,"template":"","format":"standard","meta":{"_uag_custom_page_level_css":"","_monsterinsights_skip_tracking":false,"_monsterinsights_sitenote_active":false,"_monsterinsights_sitenote_note":"","_monsterinsights_sitenote_category":0,"jetpack_post_was_ever_published":false,"_jetpack_newsletter_access":"","_jetpack_dont_email_post_to_subs":false,"_jetpack_newsletter_tier_id":0,"_jetpack_memberships_contains_paywalled_content":false,"_jetpack_memberships_contains_paid_content":false,"footnotes":"","jetpack_publicize_message":"","jetpack_publicize_feature_enabled":true,"jetpack_social_post_already_shared":true,"jetpack_social_options":{"image_generator_settings":{"template":"highway","default_image_id":0,"font":"","enabled":false},"version":2}},"categories":[200],"tags":[],"class_list":["post-68938","post","type-post","status-publish","format-standard","has-post-thumbnail","hentry","category-brasil"],"jetpack_publicize_connections":[],"jetpack_featured_media_url":"https:\/\/blogopara.com.br\/wp-content\/uploads\/2024\/10\/arcanjo4-40633978.jpeg","uagb_featured_image_src":{"full":["https:\/\/blogopara.com.br\/wp-content\/uploads\/2024\/10\/arcanjo4-40633978.jpeg",500,330,false],"thumbnail":["https:\/\/blogopara.com.br\/wp-content\/uploads\/2024\/10\/arcanjo4-40633978-150x150.jpeg",150,150,true],"medium":["https:\/\/blogopara.com.br\/wp-content\/uploads\/2024\/10\/arcanjo4-40633978-300x198.jpeg",300,198,true],"medium_large":["https:\/\/blogopara.com.br\/wp-content\/uploads\/2024\/10\/arcanjo4-40633978.jpeg",500,330,false],"large":["https:\/\/blogopara.com.br\/wp-content\/uploads\/2024\/10\/arcanjo4-40633978.jpeg",500,330,false],"1536x1536":["https:\/\/blogopara.com.br\/wp-content\/uploads\/2024\/10\/arcanjo4-40633978.jpeg",500,330,false],"2048x2048":["https:\/\/blogopara.com.br\/wp-content\/uploads\/2024\/10\/arcanjo4-40633978.jpeg",500,330,false],"mantranews-slider-large":["https:\/\/blogopara.com.br\/wp-content\/uploads\/2024\/10\/arcanjo4-40633978.jpeg",500,330,false],"mantranews-featured-medium":["https:\/\/blogopara.com.br\/wp-content\/uploads\/2024\/10\/arcanjo4-40633978-420x307.jpeg",420,307,true],"mantranews-featured-long":["https:\/\/blogopara.com.br\/wp-content\/uploads\/2024\/10\/arcanjo4-40633978-300x330.jpeg",300,330,true],"mantranews-block-medium":["https:\/\/blogopara.com.br\/wp-content\/uploads\/2024\/10\/arcanjo4-40633978-464x290.jpeg",464,290,true],"mantranews-carousel-image":["https:\/\/blogopara.com.br\/wp-content\/uploads\/2024\/10\/arcanjo4-40633978.jpeg",500,330,false],"mantranews-block-thumb":["https:\/\/blogopara.com.br\/wp-content\/uploads\/2024\/10\/arcanjo4-40633978-322x230.jpeg",322,230,true],"mantranews-single-large":["https:\/\/blogopara.com.br\/wp-content\/uploads\/2024\/10\/arcanjo4-40633978.jpeg",500,330,false]},"uagb_author_info":{"display_name":"Reda\u00e7\u00e3o geral","author_link":"https:\/\/blogopara.com.br\/index.php\/author\/blogopara"},"uagb_comment_info":0,"uagb_excerpt":"Um helic\u00f3ptero do Corpo de Bombeiros caiu, no fim da \u00faltima sexta-feira (11 de outubro), em uma \u00e1rea de serra na cidade de Ouro Preto, na regi\u00e3o Central de Minas Gerais. Seis pessoas estavam na aeronave no momento do acidente, que aconteceu poucas horas ap\u00f3s um\u00a0avi\u00e3o que era utilizado no combate a inc\u00eandios florestais cair,&hellip;","jetpack_sharing_enabled":true,"jetpack_likes_enabled":true,"_links":{"self":[{"href":"https:\/\/blogopara.com.br\/index.php\/wp-json\/wp\/v2\/posts\/68938","targetHints":{"allow":["GET"]}}],"collection":[{"href":"https:\/\/blogopara.com.br\/index.php\/wp-json\/wp\/v2\/posts"}],"about":[{"href":"https:\/\/blogopara.com.br\/index.php\/wp-json\/wp\/v2\/types\/post"}],"author":[{"embeddable":true,"href":"https:\/\/blogopara.com.br\/index.php\/wp-json\/wp\/v2\/users\/1"}],"replies":[{"embeddable":true,"href":"https:\/\/blogopara.com.br\/index.php\/wp-json\/wp\/v2\/comments?post=68938"}],"version-history":[{"count":1,"href":"https:\/\/blogopara.com.br\/index.php\/wp-json\/wp\/v2\/posts\/68938\/revisions"}],"predecessor-version":[{"id":68940,"href":"https:\/\/blogopara.com.br\/index.php\/wp-json\/wp\/v2\/posts\/68938\/revisions\/68940"}],"wp:featuredmedia":[{"embeddable":true,"href":"https:\/\/blogopara.com.br\/index.php\/wp-json\/wp\/v2\/media\/68939"}],"wp:attachment":[{"href":"https:\/\/blogopara.com.br\/index.php\/wp-json\/wp\/v2\/media?parent=68938"}],"wp:term":[{"taxonomy":"category","embeddable":true,"href":"https:\/\/blogopara.com.br\/index.php\/wp-json\/wp\/v2\/categories?post=68938"},{"taxonomy":"post_tag","embeddable":true,"href":"https:\/\/blogopara.com.br\/index.php\/wp-json\/wp\/v2\/tags?post=68938"}],"curies":[{"name":"wp","href":"https:\/\/api.w.org\/{rel}","templated":true}]}}