{"id":68990,"date":"2024-10-15T10:42:19","date_gmt":"2024-10-15T13:42:19","guid":{"rendered":"https:\/\/blogopara.com.br\/?p=68990"},"modified":"2024-10-15T11:21:46","modified_gmt":"2024-10-15T14:21:46","slug":"juazeiro-vereador-allan-jones-declara-que-sera-oposicao-a-nova-gestao-municipal","status":"publish","type":"post","link":"https:\/\/blogopara.com.br\/index.php\/2024\/10\/15\/juazeiro-vereador-allan-jones-declara-que-sera-oposicao-a-nova-gestao-municipal","title":{"rendered":"Juazeiro: Vereador Allan Jones declara que ser\u00e1 oposi\u00e7\u00e3o a nova gest\u00e3o municipal"},"content":{"rendered":"<div class=\"x9f619 xjbqb8w x78zum5 x168nmei x13lgxp2 x5pf9jr xo71vjh xsag5q8 xz9dl7a x1uhb9sk x1plvlek xryxfnj x1c4vz4f x2lah0s x1q0g3np xqjyukv x1qjc9v5 x1oa3qoh x1nhvcw1\">\n<div class=\"x9f619 xjbqb8w x78zum5 x168nmei x13lgxp2 x5pf9jr xo71vjh x1uhb9sk x1plvlek xryxfnj x1iyjqo2 x2lwn1j xeuugli x1q0g3np xqjyukv x1qjc9v5 x1oa3qoh x1nhvcw1\">\n<div class=\"x9f619 xjbqb8w x78zum5 x168nmei x13lgxp2 x5pf9jr xo71vjh x1uhb9sk x1plvlek xryxfnj x1iyjqo2 x2lwn1j xeuugli xdt5ytf xqjyukv x1qjc9v5 x1oa3qoh x1nhvcw1\">\n<div class=\"x9f619 xjbqb8w x78zum5 x168nmei x13lgxp2 x5pf9jr xo71vjh x1uhb9sk x1plvlek xryxfnj x1c4vz4f x2lah0s xdt5ytf xqjyukv x1qjc9v5 x1oa3qoh x1nhvcw1\">\n<p style=\"text-align: justify;\">O que j\u00e1 era esperado se concretizou nessa segunda-feira (14) o vereador eleito, Allan Jones (PDT), o mais votado na hist\u00f3ria pol\u00edtica de Juazeiro, 4.179 votos, usou os meios de comunica\u00e7\u00e3o para declarar que estar\u00e1 no bloco de oposi\u00e7\u00e3o a nova gest\u00e3o municipal.<\/p>\n<p style=\"text-align: justify;\">Segundo Allan, \u00e9 necess\u00e1rio fazer uma autocritica da gest\u00e3o da prefeita Suzana Ramos: &#8220;erramos e n\u00e3o adianta agora a gente procurar culpados, acho que foi um conjunto de a\u00e7\u00f5es equivocadas que acabaram levando a uma derrota no dia 6 de outubro. A gente participou internamente, fazia questionamentos e sugeria, mas \u00e9 natural do processo, \u00e0s vezes somos mais ouvidos e \u00e0s vezes mal-ouvidos, tamb\u00e9m fui secret\u00e1rio e na vitrine, na secretaria de sa\u00fade, a maior vitrine&#8230;ent\u00e3o erramos e se erramos a popula\u00e7\u00e3o j\u00e1 corrigiu esse erro com a vota\u00e7\u00e3o&#8221;, afirmou o vereador.<\/p>\n<p style=\"text-align: justify;\"><span style=\"color: initial;\">O vereador eleito tamb\u00e9m proje\u00e7\u00f5es para o futuro, declarando que est\u00e1 pronto para disputar \u00e0s elei\u00e7\u00f5es em 2026: &#8220;A gente faz parte de um grupo e meu nome est\u00e1 posto. N\u00e3o estou ainda falando de candidatura, mas meu nome est\u00e1 posto como integrante de um grupo. Tivemos uma vota\u00e7\u00e3o expressiva, que demonstrou o reconhecimento (da popula\u00e7\u00e3o) e tamb\u00e9m a possibilidade da gente galgar e disputar outras elei\u00e7\u00f5es&#8221;, finalizou o vereador eleito.<\/span><\/p>\n<p style=\"text-align: justify;\">A expectativa \u00e9 que o prefeito eleitor, Andrei Gon\u00e7alves tenha forte e qualificada oposi\u00e7\u00e3o durante a sua gest\u00e3o.<\/p>\n<\/div>\n<p>Fonte de informa\u00e7\u00f5es: Redegn<\/p>\n<div class=\"x9f619 xjbqb8w x78zum5 x168nmei x13lgxp2 x5pf9jr xo71vjh x1uhb9sk x1plvlek xryxfnj x1c4vz4f x2lah0s xdt5ytf xqjyukv x1qjc9v5 x1oa3qoh x1nhvcw1\"><\/div>\n<\/div>\n<\/div>\n<\/div>\n","protected":false},"excerpt":{"rendered":"<p>O que j\u00e1 era esperado se concretizou nessa segunda-feira (14) o vereador eleito, Allan Jones (PDT), o mais votado na hist\u00f3ria pol\u00edtica de Juazeiro, 4.179 votos, usou os meios de comunica\u00e7\u00e3o para declarar que estar\u00e1 no bloco de oposi\u00e7\u00e3o a nova gest\u00e3o municipal. Segundo Allan, \u00e9 necess\u00e1rio fazer uma autocritica da gest\u00e3o da prefeita Suzana [&hellip;]<\/p>\n","protected":false},"author":1,"featured_media":26849,"comment_status":"open","ping_status":"open","sticky":false,"template":"","format":"standard","meta":{"_uag_custom_page_level_css":"","_monsterinsights_skip_tracking":false,"_monsterinsights_sitenote_active":false,"_monsterinsights_sitenote_note":"","_monsterinsights_sitenote_category":0,"jetpack_post_was_ever_published":false,"_jetpack_newsletter_access":"","_jetpack_dont_email_post_to_subs":false,"_jetpack_newsletter_tier_id":0,"_jetpack_memberships_contains_paywalled_content":false,"_jetpack_memberships_contains_paid_content":false,"footnotes":"","jetpack_publicize_message":"","jetpack_publicize_feature_enabled":true,"jetpack_social_post_already_shared":true,"jetpack_social_options":{"image_generator_settings":{"template":"highway","default_image_id":0,"font":"","enabled":false},"version":2}},"categories":[197],"tags":[595,1951,11131,1116],"class_list":["post-68990","post","type-post","status-publish","format-standard","has-post-thumbnail","hentry","category-politica","tag-allan-jones","tag-camara-de-vereadores-de-juazeiro","tag-parlamento","tag-vereador-allan-jones"],"jetpack_publicize_connections":[],"jetpack_featured_media_url":"https:\/\/blogopara.com.br\/wp-content\/uploads\/2021\/08\/thumbnail_Allan-Joness.jpg","uagb_featured_image_src":{"full":["https:\/\/blogopara.com.br\/wp-content\/uploads\/2021\/08\/thumbnail_Allan-Joness.jpg",500,333,false],"thumbnail":["https:\/\/blogopara.com.br\/wp-content\/uploads\/2021\/08\/thumbnail_Allan-Joness-150x150.jpg",150,150,true],"medium":["https:\/\/blogopara.com.br\/wp-content\/uploads\/2021\/08\/thumbnail_Allan-Joness-300x200.jpg",300,200,true],"medium_large":["https:\/\/blogopara.com.br\/wp-content\/uploads\/2021\/08\/thumbnail_Allan-Joness.jpg",500,333,false],"large":["https:\/\/blogopara.com.br\/wp-content\/uploads\/2021\/08\/thumbnail_Allan-Joness.jpg",500,333,false],"1536x1536":["https:\/\/blogopara.com.br\/wp-content\/uploads\/2021\/08\/thumbnail_Allan-Joness.jpg",500,333,false],"2048x2048":["https:\/\/blogopara.com.br\/wp-content\/uploads\/2021\/08\/thumbnail_Allan-Joness.jpg",500,333,false],"mantranews-slider-large":["https:\/\/blogopara.com.br\/wp-content\/uploads\/2021\/08\/thumbnail_Allan-Joness.jpg",500,333,false],"mantranews-featured-medium":["https:\/\/blogopara.com.br\/wp-content\/uploads\/2021\/08\/thumbnail_Allan-Joness-420x307.jpg",420,307,true],"mantranews-featured-long":["https:\/\/blogopara.com.br\/wp-content\/uploads\/2021\/08\/thumbnail_Allan-Joness-300x333.jpg",300,333,true],"mantranews-block-medium":["https:\/\/blogopara.com.br\/wp-content\/uploads\/2021\/08\/thumbnail_Allan-Joness-464x290.jpg",464,290,true],"mantranews-carousel-image":["https:\/\/blogopara.com.br\/wp-content\/uploads\/2021\/08\/thumbnail_Allan-Joness.jpg",500,333,false],"mantranews-block-thumb":["https:\/\/blogopara.com.br\/wp-content\/uploads\/2021\/08\/thumbnail_Allan-Joness-322x230.jpg",322,230,true],"mantranews-single-large":["https:\/\/blogopara.com.br\/wp-content\/uploads\/2021\/08\/thumbnail_Allan-Joness.jpg",500,333,false]},"uagb_author_info":{"display_name":"Reda\u00e7\u00e3o geral","author_link":"https:\/\/blogopara.com.br\/index.php\/author\/blogopara"},"uagb_comment_info":0,"uagb_excerpt":"O que j\u00e1 era esperado se concretizou nessa segunda-feira (14) o vereador eleito, Allan Jones (PDT), o mais votado na hist\u00f3ria pol\u00edtica de Juazeiro, 4.179 votos, usou os meios de comunica\u00e7\u00e3o para declarar que estar\u00e1 no bloco de oposi\u00e7\u00e3o a nova gest\u00e3o municipal. Segundo Allan, \u00e9 necess\u00e1rio fazer uma autocritica da gest\u00e3o da prefeita Suzana&hellip;","jetpack_sharing_enabled":true,"jetpack_likes_enabled":true,"_links":{"self":[{"href":"https:\/\/blogopara.com.br\/index.php\/wp-json\/wp\/v2\/posts\/68990","targetHints":{"allow":["GET"]}}],"collection":[{"href":"https:\/\/blogopara.com.br\/index.php\/wp-json\/wp\/v2\/posts"}],"about":[{"href":"https:\/\/blogopara.com.br\/index.php\/wp-json\/wp\/v2\/types\/post"}],"author":[{"embeddable":true,"href":"https:\/\/blogopara.com.br\/index.php\/wp-json\/wp\/v2\/users\/1"}],"replies":[{"embeddable":true,"href":"https:\/\/blogopara.com.br\/index.php\/wp-json\/wp\/v2\/comments?post=68990"}],"version-history":[{"count":2,"href":"https:\/\/blogopara.com.br\/index.php\/wp-json\/wp\/v2\/posts\/68990\/revisions"}],"predecessor-version":[{"id":69012,"href":"https:\/\/blogopara.com.br\/index.php\/wp-json\/wp\/v2\/posts\/68990\/revisions\/69012"}],"wp:featuredmedia":[{"embeddable":true,"href":"https:\/\/blogopara.com.br\/index.php\/wp-json\/wp\/v2\/media\/26849"}],"wp:attachment":[{"href":"https:\/\/blogopara.com.br\/index.php\/wp-json\/wp\/v2\/media?parent=68990"}],"wp:term":[{"taxonomy":"category","embeddable":true,"href":"https:\/\/blogopara.com.br\/index.php\/wp-json\/wp\/v2\/categories?post=68990"},{"taxonomy":"post_tag","embeddable":true,"href":"https:\/\/blogopara.com.br\/index.php\/wp-json\/wp\/v2\/tags?post=68990"}],"curies":[{"name":"wp","href":"https:\/\/api.w.org\/{rel}","templated":true}]}}