{"id":68994,"date":"2024-10-15T10:46:08","date_gmt":"2024-10-15T13:46:08","guid":{"rendered":"https:\/\/blogopara.com.br\/?p=68994"},"modified":"2024-10-15T10:46:11","modified_gmt":"2024-10-15T13:46:11","slug":"gestao-suzana-ramos-parabeniza-professores-pelo-seu-dia-e-destaca-iniciativas-de-valorizacao-para-categoria","status":"publish","type":"post","link":"https:\/\/blogopara.com.br\/index.php\/2024\/10\/15\/gestao-suzana-ramos-parabeniza-professores-pelo-seu-dia-e-destaca-iniciativas-de-valorizacao-para-categoria","title":{"rendered":"Gest\u00e3o Suzana Ramos parabeniza professores pelo seu dia e destaca iniciativas de valoriza\u00e7\u00e3o para categoria"},"content":{"rendered":"<p style=\"text-align: justify;\">No Dia do Professor, celebrado nesta ter\u00e7a-feira (15), a Prefeitura de Juazeiro, atrav\u00e9s da Secretaria de Educa\u00e7\u00e3o e Juventude (Seduc), celebra os investimentos do munic\u00edpio na Educa\u00e7\u00e3o, na valoriza\u00e7\u00e3o dos educadores e parabeniza toda a categoria pelo compromisso e cuidado com estudantes da rede municipal de ensino.<\/p>\n<p>&#8220;Os professores s\u00e3o os pilares da nossa sociedade. S\u00e3o eles que, com dedica\u00e7\u00e3o e empenho constroem o caminho para o futuro de nossas crian\u00e7as e jovens. Neste Dia dos Professores, quero expressar minha profunda gratid\u00e3o a cada um de voc\u00eas, que, seguem transformando vidas atrav\u00e9s do conhecimento&#8221;, compartilhou Suzana Ramos.<\/p>\n<p>A prefeita tamb\u00e9m enfatizou as melhorias implementadas em sua gest\u00e3o, como a reforma de 70 escolas, a amplia\u00e7\u00e3o de programas educacionais, o fornecimento de novos materiais did\u00e1ticos, valoriza\u00e7\u00e3o profissional e o aumento no investimento em forma\u00e7\u00e3o continuada para os professores. &#8220;Trabalhamos para garantir que nossos educadores tenham as ferramentas necess\u00e1rias para desempenharem sua miss\u00e3o com excel\u00eancia, al\u00e9m de condi\u00e7\u00f5es dignas para exercerem o que h\u00e1 de mais nobre: a arte de ensinar&#8221;.<\/p>\n<p>Valoriza\u00e7\u00e3o<\/p>\n<p>O munic\u00edpio tamb\u00e9m investiu na carreira do professor, ap\u00f3s instituir a retomada da reg\u00eancia, sancionou a Lei 3.812 de 2023 que eleva o piso salarial dos profissionais da educa\u00e7\u00e3o em 15%, consagrando pol\u00edticas p\u00fablicas de valoriza\u00e7\u00e3o da educa\u00e7\u00e3o e de seus profissionais, al\u00e9m de cumprir com a implementa\u00e7\u00e3o de a\u00e7\u00f5es previstas no Plano de Cargos, Carreiras e Remunera\u00e7\u00f5es (PCCR), que prev\u00ea a promo\u00e7\u00e3o de forma\u00e7\u00f5es continuadas que ampliam a qualifica\u00e7\u00e3o dos profissionais e geram impactos positivos no desempenho dos estudantes.<\/p>\n<p>O munic\u00edpio tamb\u00e9m realizou concurso p\u00fablico com a oferta de mais de 500 vagas para atua\u00e7\u00e3o na Educa\u00e7\u00e3o Infantil, Anos Iniciais e Finais do Ensino Fundamental, Elei\u00e7\u00e3o de gestores, vice-gestores e coordenadores pedag\u00f3gicos, al\u00e9m da realiza\u00e7\u00e3o de Processo Seletivo.<\/p>\n<p>A gest\u00e3o Suzana Ramos tamb\u00e9m implementou a oficializa\u00e7\u00e3o do feriado escolar do Dia do Professor. O Projeto de Lei, elaborado pelo executivo municipal e sancionado em 22 de junho, institui no Calend\u00e1rio Oficial de Eventos do Munic\u00edpio o \u2018Dia do Professor\u2019, a ser celebrado como data comemorativa e feriado escolar em 15 de outubro. A medida permite que, quando a data coincidir com o final de semana, o gozo da folga aconte\u00e7a em um dia \u00fatil, antes ou ap\u00f3s o feriado oficial.<\/p>\n<p>Texto: Camila Santana &#8211; Ascom Seduc\/PMJ<\/p>\n","protected":false},"excerpt":{"rendered":"<p>No Dia do Professor, celebrado nesta ter\u00e7a-feira (15), a Prefeitura de Juazeiro, atrav\u00e9s da Secretaria de Educa\u00e7\u00e3o e Juventude (Seduc), celebra os investimentos do munic\u00edpio na Educa\u00e7\u00e3o, na valoriza\u00e7\u00e3o dos educadores e parabeniza toda a categoria pelo compromisso e cuidado com estudantes da rede municipal de ensino. &#8220;Os professores s\u00e3o os pilares da nossa sociedade. [&hellip;]<\/p>\n","protected":false},"author":1,"featured_media":68995,"comment_status":"open","ping_status":"open","sticky":false,"template":"","format":"standard","meta":{"_uag_custom_page_level_css":"","_monsterinsights_skip_tracking":false,"_monsterinsights_sitenote_active":false,"_monsterinsights_sitenote_note":"","_monsterinsights_sitenote_category":0,"jetpack_post_was_ever_published":false,"_jetpack_newsletter_access":"","_jetpack_dont_email_post_to_subs":false,"_jetpack_newsletter_tier_id":0,"_jetpack_memberships_contains_paywalled_content":false,"_jetpack_memberships_contains_paid_content":false,"footnotes":"","jetpack_publicize_message":"","jetpack_publicize_feature_enabled":true,"jetpack_social_post_already_shared":true,"jetpack_social_options":{"image_generator_settings":{"template":"highway","default_image_id":0,"font":"","enabled":false},"version":2}},"categories":[203],"tags":[],"class_list":["post-68994","post","type-post","status-publish","format-standard","has-post-thumbnail","hentry","category-juazeiro"],"jetpack_publicize_connections":[],"jetpack_featured_media_url":"https:\/\/blogopara.com.br\/wp-content\/uploads\/2024\/10\/thumbnail_Professores-2.jpg","uagb_featured_image_src":{"full":["https:\/\/blogopara.com.br\/wp-content\/uploads\/2024\/10\/thumbnail_Professores-2.jpg",500,333,false],"thumbnail":["https:\/\/blogopara.com.br\/wp-content\/uploads\/2024\/10\/thumbnail_Professores-2-150x150.jpg",150,150,true],"medium":["https:\/\/blogopara.com.br\/wp-content\/uploads\/2024\/10\/thumbnail_Professores-2-300x200.jpg",300,200,true],"medium_large":["https:\/\/blogopara.com.br\/wp-content\/uploads\/2024\/10\/thumbnail_Professores-2.jpg",500,333,false],"large":["https:\/\/blogopara.com.br\/wp-content\/uploads\/2024\/10\/thumbnail_Professores-2.jpg",500,333,false],"1536x1536":["https:\/\/blogopara.com.br\/wp-content\/uploads\/2024\/10\/thumbnail_Professores-2.jpg",500,333,false],"2048x2048":["https:\/\/blogopara.com.br\/wp-content\/uploads\/2024\/10\/thumbnail_Professores-2.jpg",500,333,false],"mantranews-slider-large":["https:\/\/blogopara.com.br\/wp-content\/uploads\/2024\/10\/thumbnail_Professores-2.jpg",500,333,false],"mantranews-featured-medium":["https:\/\/blogopara.com.br\/wp-content\/uploads\/2024\/10\/thumbnail_Professores-2-420x307.jpg",420,307,true],"mantranews-featured-long":["https:\/\/blogopara.com.br\/wp-content\/uploads\/2024\/10\/thumbnail_Professores-2-300x333.jpg",300,333,true],"mantranews-block-medium":["https:\/\/blogopara.com.br\/wp-content\/uploads\/2024\/10\/thumbnail_Professores-2-464x290.jpg",464,290,true],"mantranews-carousel-image":["https:\/\/blogopara.com.br\/wp-content\/uploads\/2024\/10\/thumbnail_Professores-2.jpg",500,333,false],"mantranews-block-thumb":["https:\/\/blogopara.com.br\/wp-content\/uploads\/2024\/10\/thumbnail_Professores-2-322x230.jpg",322,230,true],"mantranews-single-large":["https:\/\/blogopara.com.br\/wp-content\/uploads\/2024\/10\/thumbnail_Professores-2.jpg",500,333,false]},"uagb_author_info":{"display_name":"Reda\u00e7\u00e3o geral","author_link":"https:\/\/blogopara.com.br\/index.php\/author\/blogopara"},"uagb_comment_info":0,"uagb_excerpt":"No Dia do Professor, celebrado nesta ter\u00e7a-feira (15), a Prefeitura de Juazeiro, atrav\u00e9s da Secretaria de Educa\u00e7\u00e3o e Juventude (Seduc), celebra os investimentos do munic\u00edpio na Educa\u00e7\u00e3o, na valoriza\u00e7\u00e3o dos educadores e parabeniza toda a categoria pelo compromisso e cuidado com estudantes da rede municipal de ensino. &#8220;Os professores s\u00e3o os pilares da nossa sociedade.&hellip;","jetpack_sharing_enabled":true,"jetpack_likes_enabled":true,"_links":{"self":[{"href":"https:\/\/blogopara.com.br\/index.php\/wp-json\/wp\/v2\/posts\/68994","targetHints":{"allow":["GET"]}}],"collection":[{"href":"https:\/\/blogopara.com.br\/index.php\/wp-json\/wp\/v2\/posts"}],"about":[{"href":"https:\/\/blogopara.com.br\/index.php\/wp-json\/wp\/v2\/types\/post"}],"author":[{"embeddable":true,"href":"https:\/\/blogopara.com.br\/index.php\/wp-json\/wp\/v2\/users\/1"}],"replies":[{"embeddable":true,"href":"https:\/\/blogopara.com.br\/index.php\/wp-json\/wp\/v2\/comments?post=68994"}],"version-history":[{"count":1,"href":"https:\/\/blogopara.com.br\/index.php\/wp-json\/wp\/v2\/posts\/68994\/revisions"}],"predecessor-version":[{"id":68996,"href":"https:\/\/blogopara.com.br\/index.php\/wp-json\/wp\/v2\/posts\/68994\/revisions\/68996"}],"wp:featuredmedia":[{"embeddable":true,"href":"https:\/\/blogopara.com.br\/index.php\/wp-json\/wp\/v2\/media\/68995"}],"wp:attachment":[{"href":"https:\/\/blogopara.com.br\/index.php\/wp-json\/wp\/v2\/media?parent=68994"}],"wp:term":[{"taxonomy":"category","embeddable":true,"href":"https:\/\/blogopara.com.br\/index.php\/wp-json\/wp\/v2\/categories?post=68994"},{"taxonomy":"post_tag","embeddable":true,"href":"https:\/\/blogopara.com.br\/index.php\/wp-json\/wp\/v2\/tags?post=68994"}],"curies":[{"name":"wp","href":"https:\/\/api.w.org\/{rel}","templated":true}]}}