{"id":69019,"date":"2024-10-16T08:51:42","date_gmt":"2024-10-16T11:51:42","guid":{"rendered":"https:\/\/blogopara.com.br\/?p=69019"},"modified":"2024-10-16T09:36:21","modified_gmt":"2024-10-16T12:36:21","slug":"curaca-murilo-bomfim-se-reune-com-parlamentares-para-garantir-construcao-do-centro-cirurgico-no-municipio","status":"publish","type":"post","link":"https:\/\/blogopara.com.br\/index.php\/2024\/10\/16\/curaca-murilo-bomfim-se-reune-com-parlamentares-para-garantir-construcao-do-centro-cirurgico-no-municipio","title":{"rendered":"Cura\u00e7\u00e1: Murilo Bomfim se re\u00fane com parlamentares para garantir constru\u00e7\u00e3o do centro cir\u00fargico no munic\u00edpio"},"content":{"rendered":"<div class=\"separator\" style=\"text-align: justify;\">Nesta ter\u00e7a (15), o prefeito eleito de Cura\u00e7\u00e1, Murilo Bomfim, se encontrou em Salvador com o senador \u00c2ngelo Coronel (PSD) e o deputado federal Diego Coronel (PSD), para discutir parcerias e recursos destinados ao desenvolvimento de Cura\u00e7\u00e1.<\/div>\n<div style=\"text-align: justify;\"><\/div>\n<div class=\"separator\" style=\"text-align: justify;\">Durante o encontro, Murilo enfatizou a urg\u00eancia de garantir a constru\u00e7\u00e3o do centro cir\u00fargico do Hospital Municipal. \u201cEu vim aqui atr\u00e1s de recursos para a amplia\u00e7\u00e3o do centro cir\u00fargico do Hospital do Cura\u00e7\u00e1. Com o apoio do senador e do deputado, que j\u00e1 garantiram sua colabora\u00e7\u00e3o para isso, vamos transformar essa necessidade em realidade&#8221;, enfatizou Murilo.<\/div>\n<div><\/div>\n<div class=\"separator\" style=\"text-align: justify;\">O senador \u00c2ngelo Coronel elogiou a determina\u00e7\u00e3o do prefeito eleito. &#8220;Como ele mesmo falou durante a campanha, nos pr\u00f3ximos dois anos de gest\u00e3o, Murilo vai fazer mais do que em 20 anos. N\u00e3o tenho a menor d\u00favida que ser\u00e1 o melhor prefeito da hist\u00f3ria deste munic\u00edpio&#8221;, afirmou.<\/div>\n<div><\/div>\n<div class=\"separator\" style=\"text-align: justify;\">O deputado federal Diego Coronel tamb\u00e9m destacou a proatividade de Murilo. &#8220;Nosso prefeito j\u00e1 est\u00e1 aqui planejando Cura\u00e7\u00e1. Isso \u00e9 importante, ele n\u00e3o vai esperar Janeiro para come\u00e7ar a trabalhar. Ele j\u00e1 vem trabalhando pelo seu povo&#8221;, concluiu o deputado.<\/div>\n<div class=\"separator\" style=\"text-align: justify;\"><b>\u00a0<\/b><\/div>\n<div class=\"separator\" style=\"text-align: justify;\"><b>ASCOM &#8211; MURILO BOMFIM<\/b><\/div>\n","protected":false},"excerpt":{"rendered":"<p>Nesta ter\u00e7a (15), o prefeito eleito de Cura\u00e7\u00e1, Murilo Bomfim, se encontrou em Salvador com o senador \u00c2ngelo Coronel (PSD) e o deputado federal Diego Coronel (PSD), para discutir parcerias e recursos destinados ao desenvolvimento de Cura\u00e7\u00e1. Durante o encontro, Murilo enfatizou a urg\u00eancia de garantir a constru\u00e7\u00e3o do centro cir\u00fargico do Hospital Municipal. \u201cEu [&hellip;]<\/p>\n","protected":false},"author":1,"featured_media":69020,"comment_status":"open","ping_status":"open","sticky":false,"template":"","format":"standard","meta":{"_uag_custom_page_level_css":"","_monsterinsights_skip_tracking":false,"_monsterinsights_sitenote_active":false,"_monsterinsights_sitenote_note":"","_monsterinsights_sitenote_category":0,"jetpack_post_was_ever_published":false,"_jetpack_newsletter_access":"","_jetpack_dont_email_post_to_subs":false,"_jetpack_newsletter_tier_id":0,"_jetpack_memberships_contains_paywalled_content":false,"_jetpack_memberships_contains_paid_content":false,"footnotes":"","jetpack_publicize_message":"","jetpack_publicize_feature_enabled":true,"jetpack_social_post_already_shared":true,"jetpack_social_options":{"image_generator_settings":{"template":"highway","default_image_id":0,"font":"","enabled":false},"version":2}},"categories":[197],"tags":[],"class_list":["post-69019","post","type-post","status-publish","format-standard","has-post-thumbnail","hentry","category-politica"],"jetpack_publicize_connections":[],"jetpack_featured_media_url":"https:\/\/blogopara.com.br\/wp-content\/uploads\/2024\/10\/unnamed-1.jpg","uagb_featured_image_src":{"full":["https:\/\/blogopara.com.br\/wp-content\/uploads\/2024\/10\/unnamed-1.jpg",451,457,false],"thumbnail":["https:\/\/blogopara.com.br\/wp-content\/uploads\/2024\/10\/unnamed-1-150x150.jpg",150,150,true],"medium":["https:\/\/blogopara.com.br\/wp-content\/uploads\/2024\/10\/unnamed-1-296x300.jpg",296,300,true],"medium_large":["https:\/\/blogopara.com.br\/wp-content\/uploads\/2024\/10\/unnamed-1.jpg",451,457,false],"large":["https:\/\/blogopara.com.br\/wp-content\/uploads\/2024\/10\/unnamed-1.jpg",451,457,false],"1536x1536":["https:\/\/blogopara.com.br\/wp-content\/uploads\/2024\/10\/unnamed-1.jpg",451,457,false],"2048x2048":["https:\/\/blogopara.com.br\/wp-content\/uploads\/2024\/10\/unnamed-1.jpg",451,457,false],"mantranews-slider-large":["https:\/\/blogopara.com.br\/wp-content\/uploads\/2024\/10\/unnamed-1.jpg",451,457,false],"mantranews-featured-medium":["https:\/\/blogopara.com.br\/wp-content\/uploads\/2024\/10\/unnamed-1-420x307.jpg",420,307,true],"mantranews-featured-long":["https:\/\/blogopara.com.br\/wp-content\/uploads\/2024\/10\/unnamed-1-300x443.jpg",300,443,true],"mantranews-block-medium":["https:\/\/blogopara.com.br\/wp-content\/uploads\/2024\/10\/unnamed-1-451x290.jpg",451,290,true],"mantranews-carousel-image":["https:\/\/blogopara.com.br\/wp-content\/uploads\/2024\/10\/unnamed-1.jpg",451,457,false],"mantranews-block-thumb":["https:\/\/blogopara.com.br\/wp-content\/uploads\/2024\/10\/unnamed-1-322x230.jpg",322,230,true],"mantranews-single-large":["https:\/\/blogopara.com.br\/wp-content\/uploads\/2024\/10\/unnamed-1.jpg",451,457,false]},"uagb_author_info":{"display_name":"Reda\u00e7\u00e3o geral","author_link":"https:\/\/blogopara.com.br\/index.php\/author\/blogopara"},"uagb_comment_info":0,"uagb_excerpt":"Nesta ter\u00e7a (15), o prefeito eleito de Cura\u00e7\u00e1, Murilo Bomfim, se encontrou em Salvador com o senador \u00c2ngelo Coronel (PSD) e o deputado federal Diego Coronel (PSD), para discutir parcerias e recursos destinados ao desenvolvimento de Cura\u00e7\u00e1. Durante o encontro, Murilo enfatizou a urg\u00eancia de garantir a constru\u00e7\u00e3o do centro cir\u00fargico do Hospital Municipal. \u201cEu&hellip;","jetpack_sharing_enabled":true,"jetpack_likes_enabled":true,"_links":{"self":[{"href":"https:\/\/blogopara.com.br\/index.php\/wp-json\/wp\/v2\/posts\/69019","targetHints":{"allow":["GET"]}}],"collection":[{"href":"https:\/\/blogopara.com.br\/index.php\/wp-json\/wp\/v2\/posts"}],"about":[{"href":"https:\/\/blogopara.com.br\/index.php\/wp-json\/wp\/v2\/types\/post"}],"author":[{"embeddable":true,"href":"https:\/\/blogopara.com.br\/index.php\/wp-json\/wp\/v2\/users\/1"}],"replies":[{"embeddable":true,"href":"https:\/\/blogopara.com.br\/index.php\/wp-json\/wp\/v2\/comments?post=69019"}],"version-history":[{"count":2,"href":"https:\/\/blogopara.com.br\/index.php\/wp-json\/wp\/v2\/posts\/69019\/revisions"}],"predecessor-version":[{"id":69028,"href":"https:\/\/blogopara.com.br\/index.php\/wp-json\/wp\/v2\/posts\/69019\/revisions\/69028"}],"wp:featuredmedia":[{"embeddable":true,"href":"https:\/\/blogopara.com.br\/index.php\/wp-json\/wp\/v2\/media\/69020"}],"wp:attachment":[{"href":"https:\/\/blogopara.com.br\/index.php\/wp-json\/wp\/v2\/media?parent=69019"}],"wp:term":[{"taxonomy":"category","embeddable":true,"href":"https:\/\/blogopara.com.br\/index.php\/wp-json\/wp\/v2\/categories?post=69019"},{"taxonomy":"post_tag","embeddable":true,"href":"https:\/\/blogopara.com.br\/index.php\/wp-json\/wp\/v2\/tags?post=69019"}],"curies":[{"name":"wp","href":"https:\/\/api.w.org\/{rel}","templated":true}]}}