{"id":69097,"date":"2024-10-18T10:57:03","date_gmt":"2024-10-18T13:57:03","guid":{"rendered":"https:\/\/blogopara.com.br\/?p=69097"},"modified":"2024-10-18T10:57:05","modified_gmt":"2024-10-18T13:57:05","slug":"juazeiro-obra-da-travessia-urbana-agrava-problemas-de-infraestrutura-da-cidade","status":"publish","type":"post","link":"https:\/\/blogopara.com.br\/index.php\/2024\/10\/18\/juazeiro-obra-da-travessia-urbana-agrava-problemas-de-infraestrutura-da-cidade","title":{"rendered":"Juazeiro: Obra da travessia Urbana agrava problemas de infraestrutura da cidade"},"content":{"rendered":"<p style=\"text-align: justify;\"><span style=\"font-size: revert; color: initial;\">A obra, or\u00e7ada em mais de R$ 180 milh\u00f5es, \u00e9 realizada pelo Minist\u00e9rio da Infraestrutura e pelo Departamento Nacional de Infraestrutura de Transportes (DNIT). O projeto prev\u00ea a duplica\u00e7\u00e3o da \u00e1rea urbana da BR-407, no trecho entre a rotat\u00f3ria do Mercado do Produtor de Juazeiro e a Ponte Presidente Dutra, com amplia\u00e7\u00e3o das faixas de rolamento e constru\u00e7\u00e3o de cinco viadutos: na sa\u00edda da ponte, nas proximidades do supermercado Assa\u00ed, na antiga rotat\u00f3ria da Lagoa de Calu, nas proximidades do Mercado do Produtor e outro na BA-210, al\u00e9m de al\u00e7as de acesso e alargamento de todo trecho da BR-235, entre outras melhorias.<\/span><\/p>\n<p style=\"text-align: justify;\">Mas a lentid\u00e3o e as dificuldades encontradas pela empresa, tem atrasado o cronograma de execu\u00e7\u00e3o. Desde o ano passado que a obra tem causado problemas para as comunidades do Jo\u00e3o XXIII, Alto do Cruzeiro e Alto do Alencar.<\/p>\n<p style=\"text-align: justify;\">Os moradores da Rua da Lagoa, no bairro Jo\u00e3o XXIII, j\u00e1 tinham sinalizado que teriam problemas no per\u00edodo chuvoso. &#8220;Devido as obras do anel vi\u00e1rio, est\u00e3o tampando as passagens das \u00e1guas que descem do canal. Por\u00e9m, aqui quando chove inunda tudo. No per\u00edodo chuvoso, era costume a \u00e1gua invadir at\u00e9 as nossas casas. Para evitar isso, fizeram umas passagens com a m\u00e1quina para a \u00e1gua escoar, mas agora est\u00e3o tampando essas passagens. Como ficar\u00e1 a situa\u00e7\u00e3o de n\u00f3s moradores na \u00e9poca da chuva? Teremos que abandonar nossas resid\u00eancias? Por que est\u00e3o tampando essas passagens? Queremos uma explica\u00e7\u00e3o\u201d, cobrou na ocasi\u00e3o.<\/p>\n<p style=\"text-align: justify;\">\n","protected":false},"excerpt":{"rendered":"<p>A obra, or\u00e7ada em mais de R$ 180 milh\u00f5es, \u00e9 realizada pelo Minist\u00e9rio da Infraestrutura e pelo Departamento Nacional de Infraestrutura de Transportes (DNIT). O projeto prev\u00ea a duplica\u00e7\u00e3o da \u00e1rea urbana da BR-407, no trecho entre a rotat\u00f3ria do Mercado do Produtor de Juazeiro e a Ponte Presidente Dutra, com amplia\u00e7\u00e3o das faixas de [&hellip;]<\/p>\n","protected":false},"author":1,"featured_media":69098,"comment_status":"open","ping_status":"open","sticky":false,"template":"","format":"standard","meta":{"_uag_custom_page_level_css":"","_monsterinsights_skip_tracking":false,"_monsterinsights_sitenote_active":false,"_monsterinsights_sitenote_note":"","_monsterinsights_sitenote_category":0,"jetpack_post_was_ever_published":false,"_jetpack_newsletter_access":"","_jetpack_dont_email_post_to_subs":false,"_jetpack_newsletter_tier_id":0,"_jetpack_memberships_contains_paywalled_content":false,"_jetpack_memberships_contains_paid_content":false,"footnotes":"","jetpack_publicize_message":"","jetpack_publicize_feature_enabled":true,"jetpack_social_post_already_shared":true,"jetpack_social_options":{"image_generator_settings":{"template":"highway","default_image_id":0,"font":"","enabled":false},"version":2}},"categories":[203],"tags":[],"class_list":["post-69097","post","type-post","status-publish","format-standard","has-post-thumbnail","hentry","category-juazeiro"],"jetpack_publicize_connections":[],"jetpack_featured_media_url":"https:\/\/blogopara.com.br\/wp-content\/uploads\/2024\/10\/Instagram-post-parabens-Salvador-colorido-azul-e-amarelo-1-1.jpg","uagb_featured_image_src":{"full":["https:\/\/blogopara.com.br\/wp-content\/uploads\/2024\/10\/Instagram-post-parabens-Salvador-colorido-azul-e-amarelo-1-1.jpg",500,500,false],"thumbnail":["https:\/\/blogopara.com.br\/wp-content\/uploads\/2024\/10\/Instagram-post-parabens-Salvador-colorido-azul-e-amarelo-1-1-150x150.jpg",150,150,true],"medium":["https:\/\/blogopara.com.br\/wp-content\/uploads\/2024\/10\/Instagram-post-parabens-Salvador-colorido-azul-e-amarelo-1-1-300x300.jpg",300,300,true],"medium_large":["https:\/\/blogopara.com.br\/wp-content\/uploads\/2024\/10\/Instagram-post-parabens-Salvador-colorido-azul-e-amarelo-1-1.jpg",500,500,false],"large":["https:\/\/blogopara.com.br\/wp-content\/uploads\/2024\/10\/Instagram-post-parabens-Salvador-colorido-azul-e-amarelo-1-1.jpg",500,500,false],"1536x1536":["https:\/\/blogopara.com.br\/wp-content\/uploads\/2024\/10\/Instagram-post-parabens-Salvador-colorido-azul-e-amarelo-1-1.jpg",500,500,false],"2048x2048":["https:\/\/blogopara.com.br\/wp-content\/uploads\/2024\/10\/Instagram-post-parabens-Salvador-colorido-azul-e-amarelo-1-1.jpg",500,500,false],"mantranews-slider-large":["https:\/\/blogopara.com.br\/wp-content\/uploads\/2024\/10\/Instagram-post-parabens-Salvador-colorido-azul-e-amarelo-1-1.jpg",500,500,false],"mantranews-featured-medium":["https:\/\/blogopara.com.br\/wp-content\/uploads\/2024\/10\/Instagram-post-parabens-Salvador-colorido-azul-e-amarelo-1-1-420x307.jpg",420,307,true],"mantranews-featured-long":["https:\/\/blogopara.com.br\/wp-content\/uploads\/2024\/10\/Instagram-post-parabens-Salvador-colorido-azul-e-amarelo-1-1-300x443.jpg",300,443,true],"mantranews-block-medium":["https:\/\/blogopara.com.br\/wp-content\/uploads\/2024\/10\/Instagram-post-parabens-Salvador-colorido-azul-e-amarelo-1-1-464x290.jpg",464,290,true],"mantranews-carousel-image":["https:\/\/blogopara.com.br\/wp-content\/uploads\/2024\/10\/Instagram-post-parabens-Salvador-colorido-azul-e-amarelo-1-1.jpg",500,500,false],"mantranews-block-thumb":["https:\/\/blogopara.com.br\/wp-content\/uploads\/2024\/10\/Instagram-post-parabens-Salvador-colorido-azul-e-amarelo-1-1-322x230.jpg",322,230,true],"mantranews-single-large":["https:\/\/blogopara.com.br\/wp-content\/uploads\/2024\/10\/Instagram-post-parabens-Salvador-colorido-azul-e-amarelo-1-1.jpg",500,500,false]},"uagb_author_info":{"display_name":"Reda\u00e7\u00e3o geral","author_link":"https:\/\/blogopara.com.br\/index.php\/author\/blogopara"},"uagb_comment_info":0,"uagb_excerpt":"A obra, or\u00e7ada em mais de R$ 180 milh\u00f5es, \u00e9 realizada pelo Minist\u00e9rio da Infraestrutura e pelo Departamento Nacional de Infraestrutura de Transportes (DNIT). O projeto prev\u00ea a duplica\u00e7\u00e3o da \u00e1rea urbana da BR-407, no trecho entre a rotat\u00f3ria do Mercado do Produtor de Juazeiro e a Ponte Presidente Dutra, com amplia\u00e7\u00e3o das faixas de&hellip;","jetpack_sharing_enabled":true,"jetpack_likes_enabled":true,"_links":{"self":[{"href":"https:\/\/blogopara.com.br\/index.php\/wp-json\/wp\/v2\/posts\/69097","targetHints":{"allow":["GET"]}}],"collection":[{"href":"https:\/\/blogopara.com.br\/index.php\/wp-json\/wp\/v2\/posts"}],"about":[{"href":"https:\/\/blogopara.com.br\/index.php\/wp-json\/wp\/v2\/types\/post"}],"author":[{"embeddable":true,"href":"https:\/\/blogopara.com.br\/index.php\/wp-json\/wp\/v2\/users\/1"}],"replies":[{"embeddable":true,"href":"https:\/\/blogopara.com.br\/index.php\/wp-json\/wp\/v2\/comments?post=69097"}],"version-history":[{"count":1,"href":"https:\/\/blogopara.com.br\/index.php\/wp-json\/wp\/v2\/posts\/69097\/revisions"}],"predecessor-version":[{"id":69099,"href":"https:\/\/blogopara.com.br\/index.php\/wp-json\/wp\/v2\/posts\/69097\/revisions\/69099"}],"wp:featuredmedia":[{"embeddable":true,"href":"https:\/\/blogopara.com.br\/index.php\/wp-json\/wp\/v2\/media\/69098"}],"wp:attachment":[{"href":"https:\/\/blogopara.com.br\/index.php\/wp-json\/wp\/v2\/media?parent=69097"}],"wp:term":[{"taxonomy":"category","embeddable":true,"href":"https:\/\/blogopara.com.br\/index.php\/wp-json\/wp\/v2\/categories?post=69097"},{"taxonomy":"post_tag","embeddable":true,"href":"https:\/\/blogopara.com.br\/index.php\/wp-json\/wp\/v2\/tags?post=69097"}],"curies":[{"name":"wp","href":"https:\/\/api.w.org\/{rel}","templated":true}]}}