{"id":69307,"date":"2024-10-29T11:11:14","date_gmt":"2024-10-29T14:11:14","guid":{"rendered":"https:\/\/blogopara.com.br\/?p=69307"},"modified":"2024-10-29T11:11:17","modified_gmt":"2024-10-29T14:11:17","slug":"mais-14-reus-sao-condenados-pelo-stf-por-envolvimento-nos-atos-golpistas-de-8-de-janeiro","status":"publish","type":"post","link":"https:\/\/blogopara.com.br\/index.php\/2024\/10\/29\/mais-14-reus-sao-condenados-pelo-stf-por-envolvimento-nos-atos-golpistas-de-8-de-janeiro","title":{"rendered":"Mais 14 r\u00e9us s\u00e3o condenados pelo STF por envolvimento nos atos golpistas de 8 de janeiro"},"content":{"rendered":"<div>\n<p style=\"text-align: justify;\">A quantidade de pessoas condenadas por envolvimento nos atos antidemocr\u00e1ticos do dia 8 de janeiro de 2023 aumentou. Em decis\u00e3o tomada na sess\u00e3o virtual encerrada na \u00faltima sexta-feira (25), o Supremo Tribunal Federal (STF) condenou mais 14 r\u00e9us.<\/p>\n<p dir=\"ltr\" style=\"text-align: justify;\">Desse n\u00famero, 12 casos s\u00e3o de r\u00e9us que, mesmo tendo cometido crimes de menor gravidade, rejeitaram o Acordo de N\u00e3o Persecu\u00e7\u00e3o Penal (ANPP) proposto pela Procuradoria-Geral da Rep\u00fablica (PGR) para evitar a continuidade da a\u00e7\u00e3o penal.<\/p>\n<p dir=\"ltr\" style=\"text-align: justify;\">Segundo a den\u00fancia oferecida pela PGR, os r\u00e9us em 12 a\u00e7\u00f5es penais ficaram no acampamento montado no Quartel General do Ex\u00e9rcito, em Bras\u00edlia, enquanto outro grupo se deslocou para a Pra\u00e7a dos Tr\u00eas Poderes e invadiu e depredou os pr\u00e9dios do Congresso Nacional, do Pal\u00e1cio do Planalto e do STF. A PGR considera que, como os crimes t\u00eam origem em uma atua\u00e7\u00e3o coletiva (a\u00e7\u00e3o multitudin\u00e1ria), os acusados, mesmo n\u00e3o tendo participado de todas as fases, dividem uma parcela da responsabilidade.<\/p>\n<p dir=\"ltr\" style=\"text-align: justify;\">Eles foram condenados a um ano de deten\u00e7\u00e3o, substitu\u00edda por restri\u00e7\u00e3o de direitos, pelo crime de associa\u00e7\u00e3o criminosa e a uma multa de 10 sal\u00e1rios m\u00ednimos por incita\u00e7\u00e3o ao crime, por estimularem as For\u00e7as Armadas a tomar o poder sob a alega\u00e7\u00e3o de fraude eleitoral.<\/p>\n<p dir=\"ltr\" style=\"text-align: justify;\">Mesmo com a substitui\u00e7\u00e3o da pena de deten\u00e7\u00e3o, os envolvidos deixar\u00e3o de ser r\u00e9us prim\u00e1rios quando se encerrar a possibilidade de recursos e a decis\u00e3o se tornar definitiva (tr\u00e2nsito em julgado). O ministro Alexandre de Moraes, relator, frisou que mais de 400 r\u00e9us em situa\u00e7\u00e3o id\u00eantica optaram por confessar a pr\u00e1tica dos crimes e firmar o ANPP.<\/p>\n<\/div>\n<div>\n<p dir=\"ltr\" style=\"text-align: justify;\">As defesas alegaram, entre outros pontos, que as condutas dos r\u00e9us n\u00e3o foram individualizadas, que os atos praticados por eles n\u00e3o seriam criminosos e que n\u00e3o houve inten\u00e7\u00e3o de cometer crimes (dolo).<\/p>\n<p dir=\"ltr\" style=\"text-align: justify;\">Por maioria, prevaleceu o entendimento do relator de que, como se tratou de uma a\u00e7\u00e3o conjunta com a mesma finalidade e executada por diversas pessoas, todos contribu\u00edram para o resultado como coautores. Ele destacou que os r\u00e9us tinham conhecimento pr\u00e9vio da incita\u00e7\u00e3o ao golpe de Estado e que sua perman\u00eancia no acampamento at\u00e9 o dia seguinte aos atos comprova a \u201cfinalidade golpista e antidemocr\u00e1tica, que visava \u00e0 aboli\u00e7\u00e3o do Estado de Direito\u201d com a deposi\u00e7\u00e3o do governo legitimamente eleito em 2022.<\/p>\n<p dir=\"ltr\" style=\"text-align: justify;\">A restri\u00e7\u00e3o de direitos abrange 225 horas de presta\u00e7\u00e3o de servi\u00e7os \u00e0 comunidade ou a entidades p\u00fablicas, a participa\u00e7\u00e3o presencial no curso \u201cDemocracia, Estado de Direito e Golpe de Estado\u201d, elaborado pelo Minist\u00e9rio P\u00fablico Federal, a proibi\u00e7\u00e3o de se ausentar da comarca de resid\u00eancia e de usar redes sociais e a reten\u00e7\u00e3o dos passaportes at\u00e9 a extin\u00e7\u00e3o da pena. A condena\u00e7\u00e3o tamb\u00e9m prev\u00ea a revoga\u00e7\u00e3o do porte de arma de quem o tiver e indeniza\u00e7\u00e3o por danos morais coletivos, no valor m\u00ednimo de R$ 5 milh\u00f5es, a ser dividida com outros condenados pelos atos antidemocr\u00e1ticos.<\/p>\n<p dir=\"ltr\" style=\"text-align: justify;\">Em outros dois casos, os r\u00e9us foram condenados a 12 anos de pris\u00e3o pelos crimes de associa\u00e7\u00e3o criminosa armada, aboli\u00e7\u00e3o violenta do Estado Democr\u00e1tico de Direito e tentativa de golpe de Estado e ao pagamento de indeniza\u00e7\u00e3o de R$ 30 milh\u00f5es, juntamente com os demais condenados. Ambos foram detidos antes de chegarem \u00e0 Pra\u00e7a dos Tr\u00eas Poderes com armas como fac\u00f5es, estilingues, bolas de gude e esferas de a\u00e7o.<\/p>\n<p dir=\"ltr\" style=\"text-align: justify;\">O relator afirmou que, de acordo com as provas apresentadas pela PGR, os dois integravam as caravanas que estavam no acampamento do QG do Ex\u00e9rcito naquele fim de semana e participaram da marcha que seguia para a Pra\u00e7a dos Tr\u00eas Poderes e que, com viol\u00eancia ou grave amea\u00e7a, tentou abolir o Estado Democr\u00e1tico de Direito por meio da depreda\u00e7\u00e3o e da ocupa\u00e7\u00e3o dos pr\u00e9dios dos tr\u00eas Poderes.<\/p>\n<\/div>\n","protected":false},"excerpt":{"rendered":"<p>A quantidade de pessoas condenadas por envolvimento nos atos antidemocr\u00e1ticos do dia 8 de janeiro de 2023 aumentou. Em decis\u00e3o tomada na sess\u00e3o virtual encerrada na \u00faltima sexta-feira (25), o Supremo Tribunal Federal (STF) condenou mais 14 r\u00e9us. Desse n\u00famero, 12 casos s\u00e3o de r\u00e9us que, mesmo tendo cometido crimes de menor gravidade, rejeitaram o [&hellip;]<\/p>\n","protected":false},"author":1,"featured_media":48415,"comment_status":"open","ping_status":"open","sticky":false,"template":"","format":"standard","meta":{"_uag_custom_page_level_css":"","_monsterinsights_skip_tracking":false,"_monsterinsights_sitenote_active":false,"_monsterinsights_sitenote_note":"","_monsterinsights_sitenote_category":0,"jetpack_post_was_ever_published":false,"_jetpack_newsletter_access":"","_jetpack_dont_email_post_to_subs":false,"_jetpack_newsletter_tier_id":0,"_jetpack_memberships_contains_paywalled_content":false,"_jetpack_memberships_contains_paid_content":false,"footnotes":"","jetpack_publicize_message":"","jetpack_publicize_feature_enabled":true,"jetpack_social_post_already_shared":true,"jetpack_social_options":{"image_generator_settings":{"template":"highway","default_image_id":0,"font":"","enabled":false},"version":2}},"categories":[200],"tags":[],"class_list":["post-69307","post","type-post","status-publish","format-standard","has-post-thumbnail","hentry","category-brasil"],"jetpack_publicize_connections":[],"jetpack_featured_media_url":"https:\/\/blogopara.com.br\/wp-content\/uploads\/2023\/01\/atogolpistas-e1673391905392.webp","uagb_featured_image_src":{"full":["https:\/\/blogopara.com.br\/wp-content\/uploads\/2023\/01\/atogolpistas-e1673391905392.webp",500,333,false],"thumbnail":["https:\/\/blogopara.com.br\/wp-content\/uploads\/2023\/01\/atogolpistas-150x150.webp",150,150,true],"medium":["https:\/\/blogopara.com.br\/wp-content\/uploads\/2023\/01\/atogolpistas-300x200.webp",300,200,true],"medium_large":["https:\/\/blogopara.com.br\/wp-content\/uploads\/2023\/01\/atogolpistas-e1673391905392.webp",500,333,false],"large":["https:\/\/blogopara.com.br\/wp-content\/uploads\/2023\/01\/atogolpistas-e1673391905392.webp",500,333,false],"1536x1536":["https:\/\/blogopara.com.br\/wp-content\/uploads\/2023\/01\/atogolpistas-e1673391905392.webp",500,333,false],"2048x2048":["https:\/\/blogopara.com.br\/wp-content\/uploads\/2023\/01\/atogolpistas-e1673391905392.webp",500,333,false],"mantranews-slider-large":["https:\/\/blogopara.com.br\/wp-content\/uploads\/2023\/01\/atogolpistas-e1673391905392.webp",500,333,false],"mantranews-featured-medium":["https:\/\/blogopara.com.br\/wp-content\/uploads\/2023\/01\/atogolpistas-420x307.webp",420,307,true],"mantranews-featured-long":["https:\/\/blogopara.com.br\/wp-content\/uploads\/2023\/01\/atogolpistas-300x400.webp",300,400,true],"mantranews-block-medium":["https:\/\/blogopara.com.br\/wp-content\/uploads\/2023\/01\/atogolpistas-464x290.webp",464,290,true],"mantranews-carousel-image":["https:\/\/blogopara.com.br\/wp-content\/uploads\/2023\/01\/atogolpistas-e1673391905392.webp",500,333,false],"mantranews-block-thumb":["https:\/\/blogopara.com.br\/wp-content\/uploads\/2023\/01\/atogolpistas-322x230.webp",322,230,true],"mantranews-single-large":["https:\/\/blogopara.com.br\/wp-content\/uploads\/2023\/01\/atogolpistas-e1673391905392.webp",500,333,false]},"uagb_author_info":{"display_name":"Reda\u00e7\u00e3o geral","author_link":"https:\/\/blogopara.com.br\/index.php\/author\/blogopara"},"uagb_comment_info":0,"uagb_excerpt":"A quantidade de pessoas condenadas por envolvimento nos atos antidemocr\u00e1ticos do dia 8 de janeiro de 2023 aumentou. Em decis\u00e3o tomada na sess\u00e3o virtual encerrada na \u00faltima sexta-feira (25), o Supremo Tribunal Federal (STF) condenou mais 14 r\u00e9us. Desse n\u00famero, 12 casos s\u00e3o de r\u00e9us que, mesmo tendo cometido crimes de menor gravidade, rejeitaram o&hellip;","jetpack_sharing_enabled":true,"jetpack_likes_enabled":true,"_links":{"self":[{"href":"https:\/\/blogopara.com.br\/index.php\/wp-json\/wp\/v2\/posts\/69307","targetHints":{"allow":["GET"]}}],"collection":[{"href":"https:\/\/blogopara.com.br\/index.php\/wp-json\/wp\/v2\/posts"}],"about":[{"href":"https:\/\/blogopara.com.br\/index.php\/wp-json\/wp\/v2\/types\/post"}],"author":[{"embeddable":true,"href":"https:\/\/blogopara.com.br\/index.php\/wp-json\/wp\/v2\/users\/1"}],"replies":[{"embeddable":true,"href":"https:\/\/blogopara.com.br\/index.php\/wp-json\/wp\/v2\/comments?post=69307"}],"version-history":[{"count":1,"href":"https:\/\/blogopara.com.br\/index.php\/wp-json\/wp\/v2\/posts\/69307\/revisions"}],"predecessor-version":[{"id":69308,"href":"https:\/\/blogopara.com.br\/index.php\/wp-json\/wp\/v2\/posts\/69307\/revisions\/69308"}],"wp:featuredmedia":[{"embeddable":true,"href":"https:\/\/blogopara.com.br\/index.php\/wp-json\/wp\/v2\/media\/48415"}],"wp:attachment":[{"href":"https:\/\/blogopara.com.br\/index.php\/wp-json\/wp\/v2\/media?parent=69307"}],"wp:term":[{"taxonomy":"category","embeddable":true,"href":"https:\/\/blogopara.com.br\/index.php\/wp-json\/wp\/v2\/categories?post=69307"},{"taxonomy":"post_tag","embeddable":true,"href":"https:\/\/blogopara.com.br\/index.php\/wp-json\/wp\/v2\/tags?post=69307"}],"curies":[{"name":"wp","href":"https:\/\/api.w.org\/{rel}","templated":true}]}}