{"id":69318,"date":"2024-10-30T10:26:00","date_gmt":"2024-10-30T13:26:00","guid":{"rendered":"https:\/\/blogopara.com.br\/?p=69318"},"modified":"2024-10-29T17:28:01","modified_gmt":"2024-10-29T20:28:01","slug":"prefeitura-de-juazeiro-inaugura-nova-praca-no-bairro-maringa-nesta-quinta-feira","status":"publish","type":"post","link":"https:\/\/blogopara.com.br\/index.php\/2024\/10\/30\/prefeitura-de-juazeiro-inaugura-nova-praca-no-bairro-maringa-nesta-quinta-feira","title":{"rendered":"Prefeitura de Juazeiro inaugura nova pra\u00e7a no bairro Maring\u00e1 nesta quinta-feira"},"content":{"rendered":"<p class=\"x_MsoNormal\" style=\"text-align: justify;\">Nesta quinta-feira (31), \u00e0s 17h30, a Prefeitura de Juazeiro vai entregar a revitaliza\u00e7\u00e3o da Pra\u00e7a S\u00e3o Jos\u00e9, no bairro Maring\u00e1. A obra faz parte de um conjunto de a\u00e7\u00f5es focadas na requalifica\u00e7\u00e3o dos espa\u00e7os p\u00fablicos da cidade, refor\u00e7ando o compromisso da gest\u00e3o com a valoriza\u00e7\u00e3o das \u00e1reas de conviv\u00eancia e a promo\u00e7\u00e3o do bem-estar dos juazeirenses. A nova pra\u00e7a recebeu melhorias estruturais, como ilumina\u00e7\u00e3o de LED, \u00e1reas de recrea\u00e7\u00e3o, parque infantil, novos bancos e um projeto de paisagismo.<\/p>\n<p class=\"x_MsoNormal\" style=\"text-align: justify;\">&#8220;Estamos entregando mais um espa\u00e7o voltado para a conviv\u00eancia familiar, proporcionando bem-estar e qualidade de vida para todos. Esse \u00e9 o reflexo do nosso compromisso com a popula\u00e7\u00e3o de Juazeiro. Convido a todos para participarem desse momento importante, n\u00e3o s\u00f3 para o bairro Maring\u00e1, mas tamb\u00e9m para o Nossa Senhora da Penha, que fica pr\u00f3ximo&#8221;, declarou a prefeita Suzana Ramos.<\/p>\n<p class=\"x_MsoNormal\" style=\"text-align: justify;\">Texto: Lucas Lima &#8211; Ascom\/PMJ<\/p>\n","protected":false},"excerpt":{"rendered":"<p>Nesta quinta-feira (31), \u00e0s 17h30, a Prefeitura de Juazeiro vai entregar a revitaliza\u00e7\u00e3o da Pra\u00e7a S\u00e3o Jos\u00e9, no bairro Maring\u00e1. A obra faz parte de um conjunto de a\u00e7\u00f5es focadas na requalifica\u00e7\u00e3o dos espa\u00e7os p\u00fablicos da cidade, refor\u00e7ando o compromisso da gest\u00e3o com a valoriza\u00e7\u00e3o das \u00e1reas de conviv\u00eancia e a promo\u00e7\u00e3o do bem-estar dos [&hellip;]<\/p>\n","protected":false},"author":1,"featured_media":69319,"comment_status":"open","ping_status":"open","sticky":false,"template":"","format":"standard","meta":{"_uag_custom_page_level_css":"","_monsterinsights_skip_tracking":false,"_monsterinsights_sitenote_active":false,"_monsterinsights_sitenote_note":"","_monsterinsights_sitenote_category":0,"jetpack_post_was_ever_published":false,"_jetpack_newsletter_access":"","_jetpack_dont_email_post_to_subs":false,"_jetpack_newsletter_tier_id":0,"_jetpack_memberships_contains_paywalled_content":false,"_jetpack_memberships_contains_paid_content":false,"footnotes":"","jetpack_publicize_message":"","jetpack_publicize_feature_enabled":true,"jetpack_social_post_already_shared":true,"jetpack_social_options":{"image_generator_settings":{"template":"highway","default_image_id":0,"font":"","enabled":false},"version":2}},"categories":[203],"tags":[],"class_list":["post-69318","post","type-post","status-publish","format-standard","has-post-thumbnail","hentry","category-juazeiro"],"jetpack_publicize_connections":[],"jetpack_featured_media_url":"https:\/\/blogopara.com.br\/wp-content\/uploads\/2024\/10\/thumbnail_WhatsApp-Image-2024-10-17-at-09.46.23.jpg","uagb_featured_image_src":{"full":["https:\/\/blogopara.com.br\/wp-content\/uploads\/2024\/10\/thumbnail_WhatsApp-Image-2024-10-17-at-09.46.23.jpg",500,281,false],"thumbnail":["https:\/\/blogopara.com.br\/wp-content\/uploads\/2024\/10\/thumbnail_WhatsApp-Image-2024-10-17-at-09.46.23-150x150.jpg",150,150,true],"medium":["https:\/\/blogopara.com.br\/wp-content\/uploads\/2024\/10\/thumbnail_WhatsApp-Image-2024-10-17-at-09.46.23-300x169.jpg",300,169,true],"medium_large":["https:\/\/blogopara.com.br\/wp-content\/uploads\/2024\/10\/thumbnail_WhatsApp-Image-2024-10-17-at-09.46.23.jpg",500,281,false],"large":["https:\/\/blogopara.com.br\/wp-content\/uploads\/2024\/10\/thumbnail_WhatsApp-Image-2024-10-17-at-09.46.23.jpg",500,281,false],"1536x1536":["https:\/\/blogopara.com.br\/wp-content\/uploads\/2024\/10\/thumbnail_WhatsApp-Image-2024-10-17-at-09.46.23.jpg",500,281,false],"2048x2048":["https:\/\/blogopara.com.br\/wp-content\/uploads\/2024\/10\/thumbnail_WhatsApp-Image-2024-10-17-at-09.46.23.jpg",500,281,false],"mantranews-slider-large":["https:\/\/blogopara.com.br\/wp-content\/uploads\/2024\/10\/thumbnail_WhatsApp-Image-2024-10-17-at-09.46.23.jpg",500,281,false],"mantranews-featured-medium":["https:\/\/blogopara.com.br\/wp-content\/uploads\/2024\/10\/thumbnail_WhatsApp-Image-2024-10-17-at-09.46.23-420x281.jpg",420,281,true],"mantranews-featured-long":["https:\/\/blogopara.com.br\/wp-content\/uploads\/2024\/10\/thumbnail_WhatsApp-Image-2024-10-17-at-09.46.23-300x281.jpg",300,281,true],"mantranews-block-medium":["https:\/\/blogopara.com.br\/wp-content\/uploads\/2024\/10\/thumbnail_WhatsApp-Image-2024-10-17-at-09.46.23-464x281.jpg",464,281,true],"mantranews-carousel-image":["https:\/\/blogopara.com.br\/wp-content\/uploads\/2024\/10\/thumbnail_WhatsApp-Image-2024-10-17-at-09.46.23.jpg",500,281,false],"mantranews-block-thumb":["https:\/\/blogopara.com.br\/wp-content\/uploads\/2024\/10\/thumbnail_WhatsApp-Image-2024-10-17-at-09.46.23-322x230.jpg",322,230,true],"mantranews-single-large":["https:\/\/blogopara.com.br\/wp-content\/uploads\/2024\/10\/thumbnail_WhatsApp-Image-2024-10-17-at-09.46.23.jpg",500,281,false]},"uagb_author_info":{"display_name":"Reda\u00e7\u00e3o geral","author_link":"https:\/\/blogopara.com.br\/index.php\/author\/blogopara"},"uagb_comment_info":0,"uagb_excerpt":"Nesta quinta-feira (31), \u00e0s 17h30, a Prefeitura de Juazeiro vai entregar a revitaliza\u00e7\u00e3o da Pra\u00e7a S\u00e3o Jos\u00e9, no bairro Maring\u00e1. A obra faz parte de um conjunto de a\u00e7\u00f5es focadas na requalifica\u00e7\u00e3o dos espa\u00e7os p\u00fablicos da cidade, refor\u00e7ando o compromisso da gest\u00e3o com a valoriza\u00e7\u00e3o das \u00e1reas de conviv\u00eancia e a promo\u00e7\u00e3o do bem-estar dos&hellip;","jetpack_sharing_enabled":true,"jetpack_likes_enabled":true,"_links":{"self":[{"href":"https:\/\/blogopara.com.br\/index.php\/wp-json\/wp\/v2\/posts\/69318","targetHints":{"allow":["GET"]}}],"collection":[{"href":"https:\/\/blogopara.com.br\/index.php\/wp-json\/wp\/v2\/posts"}],"about":[{"href":"https:\/\/blogopara.com.br\/index.php\/wp-json\/wp\/v2\/types\/post"}],"author":[{"embeddable":true,"href":"https:\/\/blogopara.com.br\/index.php\/wp-json\/wp\/v2\/users\/1"}],"replies":[{"embeddable":true,"href":"https:\/\/blogopara.com.br\/index.php\/wp-json\/wp\/v2\/comments?post=69318"}],"version-history":[{"count":1,"href":"https:\/\/blogopara.com.br\/index.php\/wp-json\/wp\/v2\/posts\/69318\/revisions"}],"predecessor-version":[{"id":69320,"href":"https:\/\/blogopara.com.br\/index.php\/wp-json\/wp\/v2\/posts\/69318\/revisions\/69320"}],"wp:featuredmedia":[{"embeddable":true,"href":"https:\/\/blogopara.com.br\/index.php\/wp-json\/wp\/v2\/media\/69319"}],"wp:attachment":[{"href":"https:\/\/blogopara.com.br\/index.php\/wp-json\/wp\/v2\/media?parent=69318"}],"wp:term":[{"taxonomy":"category","embeddable":true,"href":"https:\/\/blogopara.com.br\/index.php\/wp-json\/wp\/v2\/categories?post=69318"},{"taxonomy":"post_tag","embeddable":true,"href":"https:\/\/blogopara.com.br\/index.php\/wp-json\/wp\/v2\/tags?post=69318"}],"curies":[{"name":"wp","href":"https:\/\/api.w.org\/{rel}","templated":true}]}}