{"id":69335,"date":"2024-10-31T08:25:18","date_gmt":"2024-10-31T11:25:18","guid":{"rendered":"https:\/\/blogopara.com.br\/?p=69335"},"modified":"2024-10-31T08:25:20","modified_gmt":"2024-10-31T11:25:20","slug":"liderancas-do-pt-temem-que-lula-nao-dispute-a-presidencia-da-republica-em-2026","status":"publish","type":"post","link":"https:\/\/blogopara.com.br\/index.php\/2024\/10\/31\/liderancas-do-pt-temem-que-lula-nao-dispute-a-presidencia-da-republica-em-2026","title":{"rendered":"Lideran\u00e7as do PT temem que Lula n\u00e3o dispute a Presid\u00eancia da Rep\u00fablica em 2026"},"content":{"rendered":"<p style=\"text-align: justify;\">A possibilidade de Lula n\u00e3o ser candidato \u00e0 reelei\u00e7\u00e3o em 2026 j\u00e1 \u00e9 discutida internamente por lideran\u00e7as do PT.<\/p>\n<p style=\"text-align: justify;\">Elas consideram que o presidente pode desistir de se apresentar ao eleitorado caso sua popularidade e a aprova\u00e7\u00e3o do governo n\u00e3o deem a ele a seguran\u00e7a da reelei\u00e7\u00e3o.<\/p>\n<p style=\"text-align: justify;\">O temor \u00e9 que o presidente chegue \u00e0 conclus\u00e3o de que encerrar a carreira eleitoral com a vit\u00f3ria de 2022 seria o mais adequado \u2014e que n\u00e3o valeria a pena o risco de sofrer uma derrota na que poderia ser a \u00faltima elei\u00e7\u00e3o presidencial que disputaria.<\/p>\n<p style=\"text-align: justify;\">Uma derrota dificilmente seria seguida de uma revanche eleitoral em 2030. Lula ter\u00e1 85 anos, e terminaria o mandato com quase 90 anos.<\/p>\n<p style=\"text-align: justify;\">A previs\u00e3o, no entanto, \u00e9 a de que a press\u00e3o para que ele se candidate em 2026 ser\u00e1 gigantesca, mesmo com risco de derrota. O partido e, mais que isso, o campo da esquerda teria uma \u201clulodepend\u00eancia\u201d, j\u00e1 que n\u00e3o h\u00e1 outra lideran\u00e7a com a for\u00e7a dele capaz de atrair o voto de milh\u00f5es de pessoas.<\/p>\n<p style=\"text-align: justify;\">Sem Lula, a bancada do PT e de partidos aliados poderia encolher a n\u00edveis in\u00e9ditos, colocando o pa\u00eds nas m\u00e3os da direita por duas d\u00e9cadas, analisam as mesmas lideran\u00e7as.<\/p>\n<p style=\"text-align: justify;\">\n<h2 style=\"text-align: justify;\"><span class=\"assinatura_exclusiva\">M\u00f4nica Bergamo\/Folhapress<\/span><\/h2>\n<div class=\"flexivel-interno\" style=\"text-align: justify;\"><\/div>\n","protected":false},"excerpt":{"rendered":"<p>A possibilidade de Lula n\u00e3o ser candidato \u00e0 reelei\u00e7\u00e3o em 2026 j\u00e1 \u00e9 discutida internamente por lideran\u00e7as do PT. Elas consideram que o presidente pode desistir de se apresentar ao eleitorado caso sua popularidade e a aprova\u00e7\u00e3o do governo n\u00e3o deem a ele a seguran\u00e7a da reelei\u00e7\u00e3o. O temor \u00e9 que o presidente chegue \u00e0 [&hellip;]<\/p>\n","protected":false},"author":1,"featured_media":2285,"comment_status":"open","ping_status":"open","sticky":false,"template":"","format":"standard","meta":{"_uag_custom_page_level_css":"","_monsterinsights_skip_tracking":false,"_monsterinsights_sitenote_active":false,"_monsterinsights_sitenote_note":"","_monsterinsights_sitenote_category":0,"jetpack_post_was_ever_published":false,"_jetpack_newsletter_access":"","_jetpack_dont_email_post_to_subs":false,"_jetpack_newsletter_tier_id":0,"_jetpack_memberships_contains_paywalled_content":false,"_jetpack_memberships_contains_paid_content":false,"footnotes":"","jetpack_publicize_message":"","jetpack_publicize_feature_enabled":true,"jetpack_social_post_already_shared":true,"jetpack_social_options":{"image_generator_settings":{"template":"highway","default_image_id":0,"font":"","enabled":false},"version":2}},"categories":[200],"tags":[],"class_list":["post-69335","post","type-post","status-publish","format-standard","has-post-thumbnail","hentry","category-brasil"],"jetpack_publicize_connections":[],"jetpack_featured_media_url":"https:\/\/blogopara.com.br\/wp-content\/uploads\/2019\/08\/lula-agencia-brasil.jpg","uagb_featured_image_src":{"full":["https:\/\/blogopara.com.br\/wp-content\/uploads\/2019\/08\/lula-agencia-brasil.jpg",770,400,false],"thumbnail":["https:\/\/blogopara.com.br\/wp-content\/uploads\/2019\/08\/lula-agencia-brasil-150x150.jpg",150,150,true],"medium":["https:\/\/blogopara.com.br\/wp-content\/uploads\/2019\/08\/lula-agencia-brasil-300x156.jpg",300,156,true],"medium_large":["https:\/\/blogopara.com.br\/wp-content\/uploads\/2019\/08\/lula-agencia-brasil-768x399.jpg",640,333,true],"large":["https:\/\/blogopara.com.br\/wp-content\/uploads\/2019\/08\/lula-agencia-brasil.jpg",640,332,false],"1536x1536":["https:\/\/blogopara.com.br\/wp-content\/uploads\/2019\/08\/lula-agencia-brasil.jpg",770,400,false],"2048x2048":["https:\/\/blogopara.com.br\/wp-content\/uploads\/2019\/08\/lula-agencia-brasil.jpg",770,400,false],"mantranews-slider-large":["https:\/\/blogopara.com.br\/wp-content\/uploads\/2019\/08\/lula-agencia-brasil.jpg",770,400,false],"mantranews-featured-medium":["https:\/\/blogopara.com.br\/wp-content\/uploads\/2019\/08\/lula-agencia-brasil.jpg",420,218,false],"mantranews-featured-long":["https:\/\/blogopara.com.br\/wp-content\/uploads\/2019\/08\/lula-agencia-brasil.jpg",300,156,false],"mantranews-block-medium":["https:\/\/blogopara.com.br\/wp-content\/uploads\/2019\/08\/lula-agencia-brasil.jpg",464,241,false],"mantranews-carousel-image":["https:\/\/blogopara.com.br\/wp-content\/uploads\/2019\/08\/lula-agencia-brasil.jpg",600,312,false],"mantranews-block-thumb":["https:\/\/blogopara.com.br\/wp-content\/uploads\/2019\/08\/lula-agencia-brasil.jpg",322,167,false],"mantranews-single-large":["https:\/\/blogopara.com.br\/wp-content\/uploads\/2019\/08\/lula-agencia-brasil.jpg",770,400,false]},"uagb_author_info":{"display_name":"Reda\u00e7\u00e3o geral","author_link":"https:\/\/blogopara.com.br\/index.php\/author\/blogopara"},"uagb_comment_info":0,"uagb_excerpt":"A possibilidade de Lula n\u00e3o ser candidato \u00e0 reelei\u00e7\u00e3o em 2026 j\u00e1 \u00e9 discutida internamente por lideran\u00e7as do PT. Elas consideram que o presidente pode desistir de se apresentar ao eleitorado caso sua popularidade e a aprova\u00e7\u00e3o do governo n\u00e3o deem a ele a seguran\u00e7a da reelei\u00e7\u00e3o. O temor \u00e9 que o presidente chegue \u00e0&hellip;","jetpack_sharing_enabled":true,"jetpack_likes_enabled":true,"_links":{"self":[{"href":"https:\/\/blogopara.com.br\/index.php\/wp-json\/wp\/v2\/posts\/69335","targetHints":{"allow":["GET"]}}],"collection":[{"href":"https:\/\/blogopara.com.br\/index.php\/wp-json\/wp\/v2\/posts"}],"about":[{"href":"https:\/\/blogopara.com.br\/index.php\/wp-json\/wp\/v2\/types\/post"}],"author":[{"embeddable":true,"href":"https:\/\/blogopara.com.br\/index.php\/wp-json\/wp\/v2\/users\/1"}],"replies":[{"embeddable":true,"href":"https:\/\/blogopara.com.br\/index.php\/wp-json\/wp\/v2\/comments?post=69335"}],"version-history":[{"count":1,"href":"https:\/\/blogopara.com.br\/index.php\/wp-json\/wp\/v2\/posts\/69335\/revisions"}],"predecessor-version":[{"id":69336,"href":"https:\/\/blogopara.com.br\/index.php\/wp-json\/wp\/v2\/posts\/69335\/revisions\/69336"}],"wp:featuredmedia":[{"embeddable":true,"href":"https:\/\/blogopara.com.br\/index.php\/wp-json\/wp\/v2\/media\/2285"}],"wp:attachment":[{"href":"https:\/\/blogopara.com.br\/index.php\/wp-json\/wp\/v2\/media?parent=69335"}],"wp:term":[{"taxonomy":"category","embeddable":true,"href":"https:\/\/blogopara.com.br\/index.php\/wp-json\/wp\/v2\/categories?post=69335"},{"taxonomy":"post_tag","embeddable":true,"href":"https:\/\/blogopara.com.br\/index.php\/wp-json\/wp\/v2\/tags?post=69335"}],"curies":[{"name":"wp","href":"https:\/\/api.w.org\/{rel}","templated":true}]}}