{"id":69438,"date":"2024-11-04T09:05:47","date_gmt":"2024-11-04T12:05:47","guid":{"rendered":"https:\/\/blogopara.com.br\/?p=69438"},"modified":"2024-11-04T09:05:51","modified_gmt":"2024-11-04T12:05:51","slug":"petrolina-pacientes-reclamam-de-longas-filas-para-marcar-consultas-na-ubs-do-bairro-alto-da-boa-vista","status":"publish","type":"post","link":"https:\/\/blogopara.com.br\/index.php\/2024\/11\/04\/petrolina-pacientes-reclamam-de-longas-filas-para-marcar-consultas-na-ubs-do-bairro-alto-da-boa-vista","title":{"rendered":"Petrolina: pacientes reclamam de longas filas para marcar consultas na UBS do bairro Alto da Boa Vista"},"content":{"rendered":"<p style=\"text-align: justify;\">Dezenas de pessoas que estavam em busca de atendimento formaram filas e procuraram para denuncar a Unidade B\u00e1sica de Sa\u00fade, do bairro Alto da Boa Vista.<\/p>\n<p style=\"text-align: justify;\">Segundo as denuncias, as longas filas foram formadas ainda na madrugada desta sexta-feira, 01 de novembro, na expectativa de que se conseguisse uma ficha para atendimento m\u00e9dico no Posto de Sa\u00fade &#8220;Doutora Sinh\u00e3&#8221;.<\/p>\n<p style=\"text-align: justify;\">De acordo com os pacientes, muitas pessoas n\u00e3o foram atendidas&#8221;<\/p>\n<p style=\"text-align: justify;\">Em nota, a Secretaria de Sa\u00fade informa que a Unidade B\u00e1sica de Sa\u00fade Dra Sinh\u00e1, localizada no bairro Alto da Boa Vista disp\u00f5e de duas Equipes de Sa\u00fade da Fam\u00edlia que realizam atendimentos de segunda a sexta-feira nos turnos da \u00a0manh\u00e3 e tarde.<\/p>\n<p style=\"text-align: justify;\">A secretaria ressalta ainda que n\u00e3o h\u00e1 necessidade dos pacientes chegarem na madrugada, para conseguir atendimento.<br \/>\nAs marca\u00e7\u00f5es de consultas s\u00e3o sem limites de vagas e t\u00eam por objetivo atender as necessidades dos pacientes classificados como casos cl\u00ednicos de baixa complexidade.<\/p>\n<p style=\"text-align: justify;\">A \u00a0UBS Dra Sinh\u00e1 funciona no hor\u00e1rio das 7h \u00e0s 18h.<\/p>\n<p style=\"text-align: justify;\">\n<p style=\"text-align: justify;\">Fonte: redegn<\/p>\n","protected":false},"excerpt":{"rendered":"<p>Dezenas de pessoas que estavam em busca de atendimento formaram filas e procuraram para denuncar a Unidade B\u00e1sica de Sa\u00fade, do bairro Alto da Boa Vista. Segundo as denuncias, as longas filas foram formadas ainda na madrugada desta sexta-feira, 01 de novembro, na expectativa de que se conseguisse uma ficha para atendimento m\u00e9dico no Posto [&hellip;]<\/p>\n","protected":false},"author":1,"featured_media":69439,"comment_status":"open","ping_status":"open","sticky":false,"template":"","format":"standard","meta":{"_uag_custom_page_level_css":"","_monsterinsights_skip_tracking":false,"_monsterinsights_sitenote_active":false,"_monsterinsights_sitenote_note":"","_monsterinsights_sitenote_category":0,"jetpack_post_was_ever_published":false,"_jetpack_newsletter_access":"","_jetpack_dont_email_post_to_subs":false,"_jetpack_newsletter_tier_id":0,"_jetpack_memberships_contains_paywalled_content":false,"_jetpack_memberships_contains_paid_content":false,"footnotes":"","jetpack_publicize_message":"","jetpack_publicize_feature_enabled":true,"jetpack_social_post_already_shared":true,"jetpack_social_options":{"image_generator_settings":{"template":"highway","default_image_id":0,"font":"","enabled":false},"version":2}},"categories":[851],"tags":[11110,10828],"class_list":["post-69438","post","type-post","status-publish","format-standard","has-post-thumbnail","hentry","category-petrolina","tag-familia-bezerra-coelho","tag-simao-durando"],"jetpack_publicize_connections":[],"jetpack_featured_media_url":"https:\/\/blogopara.com.br\/wp-content\/uploads\/2024\/11\/filas-crop.jpg","uagb_featured_image_src":{"full":["https:\/\/blogopara.com.br\/wp-content\/uploads\/2024\/11\/filas-crop.jpg",500,420,false],"thumbnail":["https:\/\/blogopara.com.br\/wp-content\/uploads\/2024\/11\/filas-crop-150x150.jpg",150,150,true],"medium":["https:\/\/blogopara.com.br\/wp-content\/uploads\/2024\/11\/filas-crop-300x252.jpg",300,252,true],"medium_large":["https:\/\/blogopara.com.br\/wp-content\/uploads\/2024\/11\/filas-crop.jpg",500,420,false],"large":["https:\/\/blogopara.com.br\/wp-content\/uploads\/2024\/11\/filas-crop.jpg",500,420,false],"1536x1536":["https:\/\/blogopara.com.br\/wp-content\/uploads\/2024\/11\/filas-crop.jpg",500,420,false],"2048x2048":["https:\/\/blogopara.com.br\/wp-content\/uploads\/2024\/11\/filas-crop.jpg",500,420,false],"mantranews-slider-large":["https:\/\/blogopara.com.br\/wp-content\/uploads\/2024\/11\/filas-crop.jpg",500,420,false],"mantranews-featured-medium":["https:\/\/blogopara.com.br\/wp-content\/uploads\/2024\/11\/filas-crop-420x307.jpg",420,307,true],"mantranews-featured-long":["https:\/\/blogopara.com.br\/wp-content\/uploads\/2024\/11\/filas-crop-300x420.jpg",300,420,true],"mantranews-block-medium":["https:\/\/blogopara.com.br\/wp-content\/uploads\/2024\/11\/filas-crop-464x290.jpg",464,290,true],"mantranews-carousel-image":["https:\/\/blogopara.com.br\/wp-content\/uploads\/2024\/11\/filas-crop.jpg",500,420,false],"mantranews-block-thumb":["https:\/\/blogopara.com.br\/wp-content\/uploads\/2024\/11\/filas-crop-322x230.jpg",322,230,true],"mantranews-single-large":["https:\/\/blogopara.com.br\/wp-content\/uploads\/2024\/11\/filas-crop.jpg",500,420,false]},"uagb_author_info":{"display_name":"Reda\u00e7\u00e3o geral","author_link":"https:\/\/blogopara.com.br\/index.php\/author\/blogopara"},"uagb_comment_info":0,"uagb_excerpt":"Dezenas de pessoas que estavam em busca de atendimento formaram filas e procuraram para denuncar a Unidade B\u00e1sica de Sa\u00fade, do bairro Alto da Boa Vista. Segundo as denuncias, as longas filas foram formadas ainda na madrugada desta sexta-feira, 01 de novembro, na expectativa de que se conseguisse uma ficha para atendimento m\u00e9dico no Posto&hellip;","jetpack_sharing_enabled":true,"jetpack_likes_enabled":true,"_links":{"self":[{"href":"https:\/\/blogopara.com.br\/index.php\/wp-json\/wp\/v2\/posts\/69438","targetHints":{"allow":["GET"]}}],"collection":[{"href":"https:\/\/blogopara.com.br\/index.php\/wp-json\/wp\/v2\/posts"}],"about":[{"href":"https:\/\/blogopara.com.br\/index.php\/wp-json\/wp\/v2\/types\/post"}],"author":[{"embeddable":true,"href":"https:\/\/blogopara.com.br\/index.php\/wp-json\/wp\/v2\/users\/1"}],"replies":[{"embeddable":true,"href":"https:\/\/blogopara.com.br\/index.php\/wp-json\/wp\/v2\/comments?post=69438"}],"version-history":[{"count":1,"href":"https:\/\/blogopara.com.br\/index.php\/wp-json\/wp\/v2\/posts\/69438\/revisions"}],"predecessor-version":[{"id":69440,"href":"https:\/\/blogopara.com.br\/index.php\/wp-json\/wp\/v2\/posts\/69438\/revisions\/69440"}],"wp:featuredmedia":[{"embeddable":true,"href":"https:\/\/blogopara.com.br\/index.php\/wp-json\/wp\/v2\/media\/69439"}],"wp:attachment":[{"href":"https:\/\/blogopara.com.br\/index.php\/wp-json\/wp\/v2\/media?parent=69438"}],"wp:term":[{"taxonomy":"category","embeddable":true,"href":"https:\/\/blogopara.com.br\/index.php\/wp-json\/wp\/v2\/categories?post=69438"},{"taxonomy":"post_tag","embeddable":true,"href":"https:\/\/blogopara.com.br\/index.php\/wp-json\/wp\/v2\/tags?post=69438"}],"curies":[{"name":"wp","href":"https:\/\/api.w.org\/{rel}","templated":true}]}}