{"id":69473,"date":"2024-11-06T12:37:17","date_gmt":"2024-11-06T15:37:17","guid":{"rendered":"https:\/\/blogopara.com.br\/?p=69473"},"modified":"2024-11-06T12:37:21","modified_gmt":"2024-11-06T15:37:21","slug":"comissao-provisoria-do-cmdrs-inicia-discussao-sobre-criacao-do-regime-interno","status":"publish","type":"post","link":"https:\/\/blogopara.com.br\/index.php\/2024\/11\/06\/comissao-provisoria-do-cmdrs-inicia-discussao-sobre-criacao-do-regime-interno","title":{"rendered":"Comiss\u00e3o Provis\u00f3ria do CMDRS inicia discuss\u00e3o sobre cria\u00e7\u00e3o do Regime Interno"},"content":{"rendered":"<p style=\"text-align: justify;\">Reuni\u00e3o define a instala\u00e7\u00e3o da Comiss\u00e3o Provis\u00f3ria do Conselho Municipal de Desenvolvimento Rural Sustent\u00e1vel, Projeto de Lei sancionado no \u00faltimo dia 09 de setembro. O primeiro encontro com os representantes das entidades membros aconteceu nesta quarta-feira (06), na sede da Secretaria de Agricultura.<\/p>\n<p>Fazem parte da Comiss\u00e3o Provis\u00f3ria, a presidente do Sintraf Petrolina, Is\u00e1lia Damacena; N\u00e9lio Gurgel, representando o IPA; Ozaneide Gomes, em nome das Associa\u00e7\u00f5es de Agricultores locais; Rui Holanda, representando a Cooperativa de Pecuaristas e Agricultores do Vale do S\u00e3o Francisco \u2013 COOPAVASF e Cec\u00edlia Rodrigues, preposta da Prefeitura de Petrolina. Os presentes iniciaram a an\u00e1lise da Lei n\u00ba 3.735 de cria\u00e7\u00e3o do CMDRS que tem como principal miss\u00e3o a elabora\u00e7\u00e3o do Plano Municipal de Desenvolvimento Rural Sustent\u00e1vel, cujo objetivo principal \u00e9 o fortalecimento Agricultura Familiar de Petrolina.<\/p>\n<p style=\"text-align: justify;\">Houve avan\u00e7o nas discuss\u00f5es e ficou definida a provoca\u00e7\u00e3o de emendas ao projeto para a participa\u00e7\u00e3o or\u00e7ament\u00e1ria no munic\u00edpio, com recursos permanentes atrav\u00e9s da LOA \u2013 Lei Or\u00e7ament\u00e1ria Anual e a autonomia do Conselho, que tem car\u00e1ter deliberativo, consultivo, fiscalizador e orientativo das pol\u00edticas p\u00fablicas. Uma vez que visa o desenvolvimento rural sustent\u00e1vel com base nas metas e nos objetivos para fortalecimento de programas de promo\u00e7\u00e3o social, acesso \u00e0 terra, economia solid\u00e1ria, seguran\u00e7a alimentar, desenvolvimento de atividades produtivas rurais, manuten\u00e7\u00e3o da cultura rural e sustentabilidade, entre outros.<\/p>\n<p style=\"text-align: justify;\">Na pr\u00f3xima quarta-feira (13), acontecer\u00e1 mais uma reuni\u00e3o para o in\u00edcio da elabora\u00e7\u00e3o do Regime Interno do Conselho, a partir das 9h na Seagri.<\/p>\n<p style=\"text-align: justify;\">M\u00f4nia Ramos \u2013 Jornalista<br \/>\nAscom<\/p>\n","protected":false},"excerpt":{"rendered":"<p>Reuni\u00e3o define a instala\u00e7\u00e3o da Comiss\u00e3o Provis\u00f3ria do Conselho Municipal de Desenvolvimento Rural Sustent\u00e1vel, Projeto de Lei sancionado no \u00faltimo dia 09 de setembro. O primeiro encontro com os representantes das entidades membros aconteceu nesta quarta-feira (06), na sede da Secretaria de Agricultura. Fazem parte da Comiss\u00e3o Provis\u00f3ria, a presidente do Sintraf Petrolina, Is\u00e1lia Damacena; [&hellip;]<\/p>\n","protected":false},"author":1,"featured_media":69474,"comment_status":"open","ping_status":"open","sticky":false,"template":"","format":"standard","meta":{"_uag_custom_page_level_css":"","_monsterinsights_skip_tracking":false,"_monsterinsights_sitenote_active":false,"_monsterinsights_sitenote_note":"","_monsterinsights_sitenote_category":0,"jetpack_post_was_ever_published":false,"_jetpack_newsletter_access":"","_jetpack_dont_email_post_to_subs":false,"_jetpack_newsletter_tier_id":0,"_jetpack_memberships_contains_paywalled_content":false,"_jetpack_memberships_contains_paid_content":false,"footnotes":"","jetpack_publicize_message":"","jetpack_publicize_feature_enabled":true,"jetpack_social_post_already_shared":true,"jetpack_social_options":{"image_generator_settings":{"template":"highway","default_image_id":0,"font":"","enabled":false},"version":2}},"categories":[851],"tags":[],"class_list":["post-69473","post","type-post","status-publish","format-standard","has-post-thumbnail","hentry","category-petrolina"],"jetpack_publicize_connections":[],"jetpack_featured_media_url":"https:\/\/blogopara.com.br\/wp-content\/uploads\/2024\/11\/ba59d106-6e52-4433-b00b-7b0b1e81f087.jpg","uagb_featured_image_src":{"full":["https:\/\/blogopara.com.br\/wp-content\/uploads\/2024\/11\/ba59d106-6e52-4433-b00b-7b0b1e81f087.jpg",500,375,false],"thumbnail":["https:\/\/blogopara.com.br\/wp-content\/uploads\/2024\/11\/ba59d106-6e52-4433-b00b-7b0b1e81f087-150x150.jpg",150,150,true],"medium":["https:\/\/blogopara.com.br\/wp-content\/uploads\/2024\/11\/ba59d106-6e52-4433-b00b-7b0b1e81f087-300x225.jpg",300,225,true],"medium_large":["https:\/\/blogopara.com.br\/wp-content\/uploads\/2024\/11\/ba59d106-6e52-4433-b00b-7b0b1e81f087.jpg",500,375,false],"large":["https:\/\/blogopara.com.br\/wp-content\/uploads\/2024\/11\/ba59d106-6e52-4433-b00b-7b0b1e81f087.jpg",500,375,false],"1536x1536":["https:\/\/blogopara.com.br\/wp-content\/uploads\/2024\/11\/ba59d106-6e52-4433-b00b-7b0b1e81f087.jpg",500,375,false],"2048x2048":["https:\/\/blogopara.com.br\/wp-content\/uploads\/2024\/11\/ba59d106-6e52-4433-b00b-7b0b1e81f087.jpg",500,375,false],"mantranews-slider-large":["https:\/\/blogopara.com.br\/wp-content\/uploads\/2024\/11\/ba59d106-6e52-4433-b00b-7b0b1e81f087.jpg",500,375,false],"mantranews-featured-medium":["https:\/\/blogopara.com.br\/wp-content\/uploads\/2024\/11\/ba59d106-6e52-4433-b00b-7b0b1e81f087-420x307.jpg",420,307,true],"mantranews-featured-long":["https:\/\/blogopara.com.br\/wp-content\/uploads\/2024\/11\/ba59d106-6e52-4433-b00b-7b0b1e81f087-300x375.jpg",300,375,true],"mantranews-block-medium":["https:\/\/blogopara.com.br\/wp-content\/uploads\/2024\/11\/ba59d106-6e52-4433-b00b-7b0b1e81f087-464x290.jpg",464,290,true],"mantranews-carousel-image":["https:\/\/blogopara.com.br\/wp-content\/uploads\/2024\/11\/ba59d106-6e52-4433-b00b-7b0b1e81f087.jpg",500,375,false],"mantranews-block-thumb":["https:\/\/blogopara.com.br\/wp-content\/uploads\/2024\/11\/ba59d106-6e52-4433-b00b-7b0b1e81f087-322x230.jpg",322,230,true],"mantranews-single-large":["https:\/\/blogopara.com.br\/wp-content\/uploads\/2024\/11\/ba59d106-6e52-4433-b00b-7b0b1e81f087.jpg",500,375,false]},"uagb_author_info":{"display_name":"Reda\u00e7\u00e3o geral","author_link":"https:\/\/blogopara.com.br\/index.php\/author\/blogopara"},"uagb_comment_info":0,"uagb_excerpt":"Reuni\u00e3o define a instala\u00e7\u00e3o da Comiss\u00e3o Provis\u00f3ria do Conselho Municipal de Desenvolvimento Rural Sustent\u00e1vel, Projeto de Lei sancionado no \u00faltimo dia 09 de setembro. O primeiro encontro com os representantes das entidades membros aconteceu nesta quarta-feira (06), na sede da Secretaria de Agricultura. Fazem parte da Comiss\u00e3o Provis\u00f3ria, a presidente do Sintraf Petrolina, Is\u00e1lia Damacena;&hellip;","jetpack_sharing_enabled":true,"jetpack_likes_enabled":true,"_links":{"self":[{"href":"https:\/\/blogopara.com.br\/index.php\/wp-json\/wp\/v2\/posts\/69473","targetHints":{"allow":["GET"]}}],"collection":[{"href":"https:\/\/blogopara.com.br\/index.php\/wp-json\/wp\/v2\/posts"}],"about":[{"href":"https:\/\/blogopara.com.br\/index.php\/wp-json\/wp\/v2\/types\/post"}],"author":[{"embeddable":true,"href":"https:\/\/blogopara.com.br\/index.php\/wp-json\/wp\/v2\/users\/1"}],"replies":[{"embeddable":true,"href":"https:\/\/blogopara.com.br\/index.php\/wp-json\/wp\/v2\/comments?post=69473"}],"version-history":[{"count":1,"href":"https:\/\/blogopara.com.br\/index.php\/wp-json\/wp\/v2\/posts\/69473\/revisions"}],"predecessor-version":[{"id":69475,"href":"https:\/\/blogopara.com.br\/index.php\/wp-json\/wp\/v2\/posts\/69473\/revisions\/69475"}],"wp:featuredmedia":[{"embeddable":true,"href":"https:\/\/blogopara.com.br\/index.php\/wp-json\/wp\/v2\/media\/69474"}],"wp:attachment":[{"href":"https:\/\/blogopara.com.br\/index.php\/wp-json\/wp\/v2\/media?parent=69473"}],"wp:term":[{"taxonomy":"category","embeddable":true,"href":"https:\/\/blogopara.com.br\/index.php\/wp-json\/wp\/v2\/categories?post=69473"},{"taxonomy":"post_tag","embeddable":true,"href":"https:\/\/blogopara.com.br\/index.php\/wp-json\/wp\/v2\/tags?post=69473"}],"curies":[{"name":"wp","href":"https:\/\/api.w.org\/{rel}","templated":true}]}}