{"id":69476,"date":"2024-11-06T12:44:54","date_gmt":"2024-11-06T15:44:54","guid":{"rendered":"https:\/\/blogopara.com.br\/?p=69476"},"modified":"2024-11-06T15:39:17","modified_gmt":"2024-11-06T18:39:17","slug":"prefeitura-de-juazeiro-divulga-lista-de-cancoes-classificadas-para-a-26a-edicao-do-festival-nacional-edesio-santos-da-cancao","status":"publish","type":"post","link":"https:\/\/blogopara.com.br\/index.php\/2024\/11\/06\/prefeitura-de-juazeiro-divulga-lista-de-cancoes-classificadas-para-a-26a-edicao-do-festival-nacional-edesio-santos-da-cancao","title":{"rendered":"Prefeitura de Juazeiro divulga lista de can\u00e7\u00f5es classificadas para a 26\u00aa edi\u00e7\u00e3o do Festival Nacional Ed\u00e9sio Santos da Can\u00e7\u00e3o"},"content":{"rendered":"<p class=\"x_MsoNormal\" style=\"text-align: justify;\">A Prefeitura de Juazeiro divulgou no Di\u00e1rio Oficial, desta ter\u00e7a-feira (05), o resultado preliminar, com as 24 can\u00e7\u00f5es selecionadas para a semifinal da 26\u00aa edi\u00e7\u00e3o do Festival Nacional Ed\u00e9sio Santos da Can\u00e7\u00e3o. O evento ser\u00e1 realizado entre os dias 14 e 16 de novembro, no Centro de Cultura Jo\u00e3o Gilberto.<\/p>\n<p class=\"x_MsoNormal\" style=\"text-align: justify;\">De acordo com o coordenador do Festival, Edvaldo Franciolli, os candidatos t\u00eam at\u00e9 o dia 8 de novembro para interpor recurso ao resultado preliminar. \u201cA comiss\u00e3o julgadora teve um trabalho \u00e1rduo para escolher as 24 can\u00e7\u00f5es semifinalistas, porque a qualidade das m\u00fasicas inscritas estava muito boa. A partir de agora, vamos aguardar os recursos, se houver, e, em seguida, faremos a divulga\u00e7\u00e3o do resultado final e o sorteio das can\u00e7\u00f5es que ir\u00e3o se apresentar nos dias 14 e no dia 15 de novembro\u201d.<\/p>\n<p class=\"x_MsoNormal\" style=\"text-align: justify;\"><b>Premia\u00e7\u00e3o<\/b><\/p>\n<p class=\"x_MsoNormal\" style=\"text-align: justify;\">Entre as 12 can\u00e7\u00f5es finalistas, as tr\u00eas primeiras colocadas, al\u00e9m do melhor int\u00e9rprete, da melhor can\u00e7\u00e3o local e do vencedor do J\u00fari Popular, receber\u00e3o as seguintes premia\u00e7\u00f5es: 1\u00ba lugar \u2013 R$ 10,5 mil; 2\u00ba lugar \u2013 R$ 8,5 mil; 3\u00ba lugar \u2013 R$ 6,5 mil; Melhor M\u00fasica Local \u2013 R$ 3,5 mil; Melhor Int\u00e9rprete \u2013 R$ 3,5 mil; e Pr\u00eamio do J\u00fari Popular \u2013 R$ 2,5 mil.<\/p>\n<p>Confira:<\/p>\n<p><a href=\"https:\/\/blogopara.com.br\/wp-content\/uploads\/2024\/11\/Resultado-Preliminar_Festival-Edesio-Santos-da-Cancao.pdf\">Resultado Preliminar_Festival Ed\u00e9sio Santos da Can\u00e7\u00e3o<\/a><\/p>\n<p class=\"x_MsoNormal\" style=\"text-align: justify;\">\n<p class=\"x_MsoNormal\" style=\"text-align: justify;\">Ascom\/PMJ<\/p>\n","protected":false},"excerpt":{"rendered":"<p>A Prefeitura de Juazeiro divulgou no Di\u00e1rio Oficial, desta ter\u00e7a-feira (05), o resultado preliminar, com as 24 can\u00e7\u00f5es selecionadas para a semifinal da 26\u00aa edi\u00e7\u00e3o do Festival Nacional Ed\u00e9sio Santos da Can\u00e7\u00e3o. O evento ser\u00e1 realizado entre os dias 14 e 16 de novembro, no Centro de Cultura Jo\u00e3o Gilberto. De acordo com o coordenador [&hellip;]<\/p>\n","protected":false},"author":1,"featured_media":69486,"comment_status":"open","ping_status":"open","sticky":false,"template":"","format":"standard","meta":{"_uag_custom_page_level_css":"","_monsterinsights_skip_tracking":false,"_monsterinsights_sitenote_active":false,"_monsterinsights_sitenote_note":"","_monsterinsights_sitenote_category":0,"jetpack_post_was_ever_published":false,"_jetpack_newsletter_access":"","_jetpack_dont_email_post_to_subs":false,"_jetpack_newsletter_tier_id":0,"_jetpack_memberships_contains_paywalled_content":false,"_jetpack_memberships_contains_paid_content":false,"footnotes":"","jetpack_publicize_message":"","jetpack_publicize_feature_enabled":true,"jetpack_social_post_already_shared":true,"jetpack_social_options":{"image_generator_settings":{"template":"highway","default_image_id":0,"font":"","enabled":false},"version":2}},"categories":[203],"tags":[],"class_list":["post-69476","post","type-post","status-publish","format-standard","has-post-thumbnail","hentry","category-juazeiro"],"jetpack_publicize_connections":[],"jetpack_featured_media_url":"https:\/\/blogopara.com.br\/wp-content\/uploads\/2024\/11\/Abertura-Edesio-Santos-3-1-1.jpg","uagb_featured_image_src":{"full":["https:\/\/blogopara.com.br\/wp-content\/uploads\/2024\/11\/Abertura-Edesio-Santos-3-1-1.jpg",500,333,false],"thumbnail":["https:\/\/blogopara.com.br\/wp-content\/uploads\/2024\/11\/Abertura-Edesio-Santos-3-1-1-150x150.jpg",150,150,true],"medium":["https:\/\/blogopara.com.br\/wp-content\/uploads\/2024\/11\/Abertura-Edesio-Santos-3-1-1-300x200.jpg",300,200,true],"medium_large":["https:\/\/blogopara.com.br\/wp-content\/uploads\/2024\/11\/Abertura-Edesio-Santos-3-1-1.jpg",500,333,false],"large":["https:\/\/blogopara.com.br\/wp-content\/uploads\/2024\/11\/Abertura-Edesio-Santos-3-1-1.jpg",500,333,false],"1536x1536":["https:\/\/blogopara.com.br\/wp-content\/uploads\/2024\/11\/Abertura-Edesio-Santos-3-1-1.jpg",500,333,false],"2048x2048":["https:\/\/blogopara.com.br\/wp-content\/uploads\/2024\/11\/Abertura-Edesio-Santos-3-1-1.jpg",500,333,false],"mantranews-slider-large":["https:\/\/blogopara.com.br\/wp-content\/uploads\/2024\/11\/Abertura-Edesio-Santos-3-1-1.jpg",500,333,false],"mantranews-featured-medium":["https:\/\/blogopara.com.br\/wp-content\/uploads\/2024\/11\/Abertura-Edesio-Santos-3-1-1-420x307.jpg",420,307,true],"mantranews-featured-long":["https:\/\/blogopara.com.br\/wp-content\/uploads\/2024\/11\/Abertura-Edesio-Santos-3-1-1-300x333.jpg",300,333,true],"mantranews-block-medium":["https:\/\/blogopara.com.br\/wp-content\/uploads\/2024\/11\/Abertura-Edesio-Santos-3-1-1-464x290.jpg",464,290,true],"mantranews-carousel-image":["https:\/\/blogopara.com.br\/wp-content\/uploads\/2024\/11\/Abertura-Edesio-Santos-3-1-1.jpg",500,333,false],"mantranews-block-thumb":["https:\/\/blogopara.com.br\/wp-content\/uploads\/2024\/11\/Abertura-Edesio-Santos-3-1-1-322x230.jpg",322,230,true],"mantranews-single-large":["https:\/\/blogopara.com.br\/wp-content\/uploads\/2024\/11\/Abertura-Edesio-Santos-3-1-1.jpg",500,333,false]},"uagb_author_info":{"display_name":"Reda\u00e7\u00e3o geral","author_link":"https:\/\/blogopara.com.br\/index.php\/author\/blogopara"},"uagb_comment_info":0,"uagb_excerpt":"A Prefeitura de Juazeiro divulgou no Di\u00e1rio Oficial, desta ter\u00e7a-feira (05), o resultado preliminar, com as 24 can\u00e7\u00f5es selecionadas para a semifinal da 26\u00aa edi\u00e7\u00e3o do Festival Nacional Ed\u00e9sio Santos da Can\u00e7\u00e3o. O evento ser\u00e1 realizado entre os dias 14 e 16 de novembro, no Centro de Cultura Jo\u00e3o Gilberto. De acordo com o coordenador&hellip;","jetpack_sharing_enabled":true,"jetpack_likes_enabled":true,"_links":{"self":[{"href":"https:\/\/blogopara.com.br\/index.php\/wp-json\/wp\/v2\/posts\/69476","targetHints":{"allow":["GET"]}}],"collection":[{"href":"https:\/\/blogopara.com.br\/index.php\/wp-json\/wp\/v2\/posts"}],"about":[{"href":"https:\/\/blogopara.com.br\/index.php\/wp-json\/wp\/v2\/types\/post"}],"author":[{"embeddable":true,"href":"https:\/\/blogopara.com.br\/index.php\/wp-json\/wp\/v2\/users\/1"}],"replies":[{"embeddable":true,"href":"https:\/\/blogopara.com.br\/index.php\/wp-json\/wp\/v2\/comments?post=69476"}],"version-history":[{"count":1,"href":"https:\/\/blogopara.com.br\/index.php\/wp-json\/wp\/v2\/posts\/69476\/revisions"}],"predecessor-version":[{"id":69479,"href":"https:\/\/blogopara.com.br\/index.php\/wp-json\/wp\/v2\/posts\/69476\/revisions\/69479"}],"wp:featuredmedia":[{"embeddable":true,"href":"https:\/\/blogopara.com.br\/index.php\/wp-json\/wp\/v2\/media\/69486"}],"wp:attachment":[{"href":"https:\/\/blogopara.com.br\/index.php\/wp-json\/wp\/v2\/media?parent=69476"}],"wp:term":[{"taxonomy":"category","embeddable":true,"href":"https:\/\/blogopara.com.br\/index.php\/wp-json\/wp\/v2\/categories?post=69476"},{"taxonomy":"post_tag","embeddable":true,"href":"https:\/\/blogopara.com.br\/index.php\/wp-json\/wp\/v2\/tags?post=69476"}],"curies":[{"name":"wp","href":"https:\/\/api.w.org\/{rel}","templated":true}]}}