{"id":69499,"date":"2024-11-07T15:05:26","date_gmt":"2024-11-07T18:05:26","guid":{"rendered":"https:\/\/blogopara.com.br\/?p=69499"},"modified":"2024-11-07T15:05:28","modified_gmt":"2024-11-07T18:05:28","slug":"predio-desaba-apos-explosao-em-maceio-ha-tres-mortos","status":"publish","type":"post","link":"https:\/\/blogopara.com.br\/index.php\/2024\/11\/07\/predio-desaba-apos-explosao-em-maceio-ha-tres-mortos","title":{"rendered":"Pr\u00e9dio desaba ap\u00f3s explos\u00e3o em Macei\u00f3; h\u00e1 tr\u00eas mortos"},"content":{"rendered":"<div id=\"chunk-483mo\">\n<div class=\"mc-column content-text active-extra-styles \" data-block-type=\"unstyled\" data-block-weight=\"57\" data-block-id=\"2\">\n<p class=\" content-text__container \" style=\"text-align: justify;\" data-track-category=\"Link no Texto\" data-track-links=\"\" data-mrf-recirculation=\"Artigo - Links Texto\">Uma explos\u00e3o causou o desabamento de um pr\u00e9dio no Residencial\u00a0Macei\u00f3\u00a0I, na Cidade Universit\u00e1ria, na madrugada desta quinta-feira (7).\u00a0<span class=\"highlight highlighted\">A suspeita do Corpo de Bombeiros \u00e9 que a explos\u00e3o foi causada pelo vazamento de g\u00e1s de cozinha.<\/span>\u00a0A equipe confirmou que\u00a0tr\u00eas pessoas morreram e n\u00e3o h\u00e1 sobreviventes entre os escombros. Veja quem s\u00e3o os mortos:<\/p>\n<\/div>\n<\/div>\n<div class=\"wall protected-content\">\n<div id=\"chunk-6cnqp\" style=\"text-align: justify;\">\n<div class=\"mc-column content-text active-extra-styles\" data-block-type=\"raw\" data-block-weight=\"20\" data-block-id=\"4\">\n<ul class=\"content-unordered-list\">\n<li>Tharlison Felipe, 12 anos;<\/li>\n<li>Gilvan da Silva, av\u00f4 de Tharlison, de 59 anos;<\/li>\n<li>Wesley Lopes da Silva, de 35 anos.<\/li>\n<\/ul>\n<\/div>\n<\/div>\n<div id=\"chunk-34mt2\" style=\"text-align: justify;\">\n<div class=\"mc-column content-text active-extra-styles \" data-block-type=\"unstyled\" data-block-weight=\"47\" data-block-id=\"5\">\n<p class=\" content-text__container \" data-track-category=\"Link no Texto\" data-track-links=\"\" data-mrf-recirculation=\"Artigo - Links Texto\">Ainda segundo o Corpo de Bombeiros, cinco pessoas feridas foram levadas para o hospital, entre elas a av\u00f3 e o irm\u00e3o de Tharlison. O Hospital Geral do Estado informou que recebeu quatro feridos. Eles permanecem internados, com estado de sa\u00fade est\u00e1vel. A identidade deles n\u00e3o foi divulgada.<\/p>\n<\/div>\n<\/div>\n<div id=\"chunk-68n3m\" style=\"text-align: justify;\">\n<div class=\"mc-column content-text active-extra-styles\" data-block-type=\"raw\" data-block-weight=\"30\" data-block-id=\"7\">\n<ul class=\"content-unordered-list\">\n<li>Uma mulher, de 51 anos, av\u00f3 de Tharlison;<\/li>\n<li>Um jovem de 18 anos;<\/li>\n<li>Uma adolescente de 15 anos;<\/li>\n<li>Uma crian\u00e7a de 8 anos<\/li>\n<li>N\u00e3o h\u00e1 informa\u00e7\u00e3o sobre o quinto ferido.<\/li>\n<\/ul>\n<p><span style=\"font-size: revert; color: initial;\">O pr\u00e9dio, que foi completamente destru\u00eddo, era formado por um piso t\u00e9rreo e um andar. Cada pavimento tinha quatro apartamentos do tipo duplex (com dois andares). A Defesa Civil de Macei\u00f3 informou que isolou 20 apartamentos em cinco blocos. Muitos escombros e m\u00f3veis quebrados ficaram espalhados pela rua. A Pol\u00edcia Militar isolou a regi\u00e3o.<\/span><\/p>\n<\/div>\n<\/div>\n<div id=\"chunk-6ji67\" style=\"text-align: justify;\">\n<div class=\"mc-column content-text active-extra-styles \" data-block-type=\"unstyled\" data-block-weight=\"35\" data-block-id=\"9\">\n<p class=\" content-text__container \" data-track-category=\"Link no Texto\" data-track-links=\"\" data-mrf-recirculation=\"Artigo - Links Texto\">Moradores acionaram o Corpo de Bombeiros por volta das 4h30 e informaram sobre uma explos\u00e3o de g\u00e1s de cozinha. O tenente Anselmo, do Corpo de Bombeiros, relatou um forte cheiro de g\u00e1s no local.<\/p>\n<\/div>\n<\/div>\n<div id=\"chunk-78r52\" style=\"text-align: justify;\">\n<div class=\"mc-column content-text active-extra-styles \" data-block-type=\"unstyled\" data-block-weight=\"46\" data-block-id=\"10\">\n<p class=\" content-text__container \" data-track-category=\"Link no Texto\" data-track-links=\"\" data-mrf-recirculation=\"Artigo - Links Texto\">A Prefeitura disponibilizou abrigos para as pessoas que precisam deixar as suas casas, ap\u00f3s determina\u00e7\u00e3o da Defesa Civil. &#8220;Vamos realizar uma nova vistoria ap\u00f3s a retirada dos escombros, n\u00e3o descartamos a possibilidade de interdi\u00e7\u00e3o de mais apartamentos&#8221;, disse o coordenador da Defesa Civil, Abelardo Nobre.<\/p>\n<\/div>\n<\/div>\n<div id=\"chunk-f5fm3\" style=\"text-align: justify;\">\n<div class=\"mc-column content-text active-extra-styles\" data-block-type=\"raw\" data-block-weight=\"4\" data-block-id=\"12\">\n<p class=\"content-text__container\" data-mrf-recirculation=\"Artigo - Links Texto\">\n<div class=\"content-intertitle\">\n<h2>Vizinha ferida por estilha\u00e7os<\/h2>\n<\/div>\n<p><span style=\"font-size: revert; color: initial;\">&#8220;Eu vi muita gente gritando e ajudei como eu pude. Foi tudo muito triste&#8221;, disse o morador Br\u00e1s, que mora no entorno do pr\u00e9dio e ajudou na busca por sobreviventes entre os escombros.<\/span><\/p>\n<\/div>\n<\/div>\n<div id=\"chunk-1n0i8\" style=\"text-align: justify;\">\n<div class=\"mc-column content-text active-extra-styles \" data-block-type=\"unstyled\" data-block-weight=\"21\" data-block-id=\"15\">\n<p class=\" content-text__container \" data-track-category=\"Link no Texto\" data-track-links=\"\" data-mrf-recirculation=\"Artigo - Links Texto\">A aposentada Maria, vizinha do pr\u00e9dio que desabou, ficou ferida por estilha\u00e7os. Ela contou que estava dormindo quando a explos\u00e3o aconteceu.<\/p>\n<\/div>\n<\/div>\n<div id=\"chunk-cfmlt\">\n<div class=\"mc-column content-text active-extra-styles\" style=\"text-align: justify;\" data-block-type=\"raw\" data-block-weight=\"31\" data-block-id=\"16\">\n<blockquote class=\"content-blockquote theme-border-color-primary-before\"><p>&#8220;Eu moro no pr\u00e9dio vizinho e me acordei no susto com o impacto da explos\u00e3o. Fiquei ferida na cabe\u00e7a por estilha\u00e7os. Mas gra\u00e7as a Deus estou bem&#8221;, disse a moradora Maria.<\/p><\/blockquote>\n<\/div>\n<\/div>\n<\/div>\n","protected":false},"excerpt":{"rendered":"<p>Uma explos\u00e3o causou o desabamento de um pr\u00e9dio no Residencial\u00a0Macei\u00f3\u00a0I, na Cidade Universit\u00e1ria, na madrugada desta quinta-feira (7).\u00a0A suspeita do Corpo de Bombeiros \u00e9 que a explos\u00e3o foi causada pelo vazamento de g\u00e1s de cozinha.\u00a0A equipe confirmou que\u00a0tr\u00eas pessoas morreram e n\u00e3o h\u00e1 sobreviventes entre os escombros. Veja quem s\u00e3o os mortos: Tharlison Felipe, 12 [&hellip;]<\/p>\n","protected":false},"author":1,"featured_media":69500,"comment_status":"open","ping_status":"open","sticky":false,"template":"","format":"standard","meta":{"_uag_custom_page_level_css":"","_monsterinsights_skip_tracking":false,"_monsterinsights_sitenote_active":false,"_monsterinsights_sitenote_note":"","_monsterinsights_sitenote_category":0,"jetpack_post_was_ever_published":false,"_jetpack_newsletter_access":"","_jetpack_dont_email_post_to_subs":false,"_jetpack_newsletter_tier_id":0,"_jetpack_memberships_contains_paywalled_content":false,"_jetpack_memberships_contains_paid_content":false,"footnotes":"","jetpack_publicize_message":"","jetpack_publicize_feature_enabled":true,"jetpack_social_post_already_shared":true,"jetpack_social_options":{"image_generator_settings":{"template":"highway","default_image_id":0,"font":"","enabled":false},"version":2}},"categories":[200],"tags":[],"class_list":["post-69499","post","type-post","status-publish","format-standard","has-post-thumbnail","hentry","category-brasil"],"jetpack_publicize_connections":[],"jetpack_featured_media_url":"https:\/\/blogopara.com.br\/wp-content\/uploads\/2024\/11\/jjjjjjjjjjjjjjjjjjjjjjjjjjjjjjjjjjjjjjjjjjjjjjjjjj.jpg","uagb_featured_image_src":{"full":["https:\/\/blogopara.com.br\/wp-content\/uploads\/2024\/11\/jjjjjjjjjjjjjjjjjjjjjjjjjjjjjjjjjjjjjjjjjjjjjjjjjj.jpg",500,281,false],"thumbnail":["https:\/\/blogopara.com.br\/wp-content\/uploads\/2024\/11\/jjjjjjjjjjjjjjjjjjjjjjjjjjjjjjjjjjjjjjjjjjjjjjjjjj-150x150.jpg",150,150,true],"medium":["https:\/\/blogopara.com.br\/wp-content\/uploads\/2024\/11\/jjjjjjjjjjjjjjjjjjjjjjjjjjjjjjjjjjjjjjjjjjjjjjjjjj-300x169.jpg",300,169,true],"medium_large":["https:\/\/blogopara.com.br\/wp-content\/uploads\/2024\/11\/jjjjjjjjjjjjjjjjjjjjjjjjjjjjjjjjjjjjjjjjjjjjjjjjjj.jpg",500,281,false],"large":["https:\/\/blogopara.com.br\/wp-content\/uploads\/2024\/11\/jjjjjjjjjjjjjjjjjjjjjjjjjjjjjjjjjjjjjjjjjjjjjjjjjj.jpg",500,281,false],"1536x1536":["https:\/\/blogopara.com.br\/wp-content\/uploads\/2024\/11\/jjjjjjjjjjjjjjjjjjjjjjjjjjjjjjjjjjjjjjjjjjjjjjjjjj.jpg",500,281,false],"2048x2048":["https:\/\/blogopara.com.br\/wp-content\/uploads\/2024\/11\/jjjjjjjjjjjjjjjjjjjjjjjjjjjjjjjjjjjjjjjjjjjjjjjjjj.jpg",500,281,false],"mantranews-slider-large":["https:\/\/blogopara.com.br\/wp-content\/uploads\/2024\/11\/jjjjjjjjjjjjjjjjjjjjjjjjjjjjjjjjjjjjjjjjjjjjjjjjjj.jpg",500,281,false],"mantranews-featured-medium":["https:\/\/blogopara.com.br\/wp-content\/uploads\/2024\/11\/jjjjjjjjjjjjjjjjjjjjjjjjjjjjjjjjjjjjjjjjjjjjjjjjjj-420x281.jpg",420,281,true],"mantranews-featured-long":["https:\/\/blogopara.com.br\/wp-content\/uploads\/2024\/11\/jjjjjjjjjjjjjjjjjjjjjjjjjjjjjjjjjjjjjjjjjjjjjjjjjj-300x281.jpg",300,281,true],"mantranews-block-medium":["https:\/\/blogopara.com.br\/wp-content\/uploads\/2024\/11\/jjjjjjjjjjjjjjjjjjjjjjjjjjjjjjjjjjjjjjjjjjjjjjjjjj-464x281.jpg",464,281,true],"mantranews-carousel-image":["https:\/\/blogopara.com.br\/wp-content\/uploads\/2024\/11\/jjjjjjjjjjjjjjjjjjjjjjjjjjjjjjjjjjjjjjjjjjjjjjjjjj.jpg",500,281,false],"mantranews-block-thumb":["https:\/\/blogopara.com.br\/wp-content\/uploads\/2024\/11\/jjjjjjjjjjjjjjjjjjjjjjjjjjjjjjjjjjjjjjjjjjjjjjjjjj-322x230.jpg",322,230,true],"mantranews-single-large":["https:\/\/blogopara.com.br\/wp-content\/uploads\/2024\/11\/jjjjjjjjjjjjjjjjjjjjjjjjjjjjjjjjjjjjjjjjjjjjjjjjjj.jpg",500,281,false]},"uagb_author_info":{"display_name":"Reda\u00e7\u00e3o geral","author_link":"https:\/\/blogopara.com.br\/index.php\/author\/blogopara"},"uagb_comment_info":0,"uagb_excerpt":"Uma explos\u00e3o causou o desabamento de um pr\u00e9dio no Residencial\u00a0Macei\u00f3\u00a0I, na Cidade Universit\u00e1ria, na madrugada desta quinta-feira (7).\u00a0A suspeita do Corpo de Bombeiros \u00e9 que a explos\u00e3o foi causada pelo vazamento de g\u00e1s de cozinha.\u00a0A equipe confirmou que\u00a0tr\u00eas pessoas morreram e n\u00e3o h\u00e1 sobreviventes entre os escombros. Veja quem s\u00e3o os mortos: Tharlison Felipe, 12&hellip;","jetpack_sharing_enabled":true,"jetpack_likes_enabled":true,"_links":{"self":[{"href":"https:\/\/blogopara.com.br\/index.php\/wp-json\/wp\/v2\/posts\/69499","targetHints":{"allow":["GET"]}}],"collection":[{"href":"https:\/\/blogopara.com.br\/index.php\/wp-json\/wp\/v2\/posts"}],"about":[{"href":"https:\/\/blogopara.com.br\/index.php\/wp-json\/wp\/v2\/types\/post"}],"author":[{"embeddable":true,"href":"https:\/\/blogopara.com.br\/index.php\/wp-json\/wp\/v2\/users\/1"}],"replies":[{"embeddable":true,"href":"https:\/\/blogopara.com.br\/index.php\/wp-json\/wp\/v2\/comments?post=69499"}],"version-history":[{"count":1,"href":"https:\/\/blogopara.com.br\/index.php\/wp-json\/wp\/v2\/posts\/69499\/revisions"}],"predecessor-version":[{"id":69501,"href":"https:\/\/blogopara.com.br\/index.php\/wp-json\/wp\/v2\/posts\/69499\/revisions\/69501"}],"wp:featuredmedia":[{"embeddable":true,"href":"https:\/\/blogopara.com.br\/index.php\/wp-json\/wp\/v2\/media\/69500"}],"wp:attachment":[{"href":"https:\/\/blogopara.com.br\/index.php\/wp-json\/wp\/v2\/media?parent=69499"}],"wp:term":[{"taxonomy":"category","embeddable":true,"href":"https:\/\/blogopara.com.br\/index.php\/wp-json\/wp\/v2\/categories?post=69499"},{"taxonomy":"post_tag","embeddable":true,"href":"https:\/\/blogopara.com.br\/index.php\/wp-json\/wp\/v2\/tags?post=69499"}],"curies":[{"name":"wp","href":"https:\/\/api.w.org\/{rel}","templated":true}]}}