{"id":69511,"date":"2024-11-07T15:46:55","date_gmt":"2024-11-07T18:46:55","guid":{"rendered":"https:\/\/blogopara.com.br\/?p=69511"},"modified":"2024-11-07T15:46:58","modified_gmt":"2024-11-07T18:46:58","slug":"se-fosse-uma-homenagem-a-paulo-coelho-a-prefeitura-ja-teria-resolvido-diz-lossio-filho-sobre-polemica-da-obra-do-artista-ledo-ivo-em-petrolina","status":"publish","type":"post","link":"https:\/\/blogopara.com.br\/index.php\/2024\/11\/07\/se-fosse-uma-homenagem-a-paulo-coelho-a-prefeitura-ja-teria-resolvido-diz-lossio-filho-sobre-polemica-da-obra-do-artista-ledo-ivo-em-petrolina","title":{"rendered":"\u201cSe fosse uma homenagem a Paulo Coelho a prefeitura j\u00e1 teria resolvido\u201d, diz L\u00f3ssio Filho sobre pol\u00eamica da obra do artista Ledo Ivo, em Petrolina"},"content":{"rendered":"<p style=\"text-align: justify;\">A pol\u00eamica envolvendo obras de arte feitas em Petrolina pelo artista pl\u00e1stico juazeirense, Ledo Ivo, segue repercutindo no Vale do S\u00e3o Francisco, ap\u00f3s o escultor se acorrentar dentro da igreja cat\u00f3lica do munic\u00edpio, como uma forma de protesto para que a prefeitura, segundo o artista, \u201cpague o que deve\u201d.<\/p>\n<p style=\"text-align: justify;\">A obra em quest\u00e3o \u00e9 uma pra\u00e7a de 600m\u00b2, com um monumento em bronze e inox em homenagem a Osvaldo Coelho, em frente \u00e0 Univasf. Ledo Ivo alega que em 2016 foi contratado para fazer esse servi\u00e7o, pelo ent\u00e3o prefeito, J\u00falio L\u00f3ssio, recebeu uma parte, a obra come\u00e7ou, sofrendo descontinuidade em fun\u00e7\u00e3o da falta de pagamento do restante, por L\u00f3ssio e pelos governos que se seguiram, de Miguel Coelho e Sim\u00e3o Durando.<\/p>\n<p style=\"text-align: justify;\">Acorrentado na igreja, Ledo promete n\u00e3o sair enquanto n\u00e3o houver o pagamento: \u201c<em>Pedi perd\u00e3o ao padre, ao p\u00e1roco e a todos os fi\u00e9is pela intrus\u00e3o, mas \u00e9 porque j\u00e1 tem oito anos que a prefeitura me deve uma obra que me encomendou e n\u00e3o honrou. J\u00e1 se v\u00e3o tr\u00eas prefeitos e n\u00e3o honraram<\/em>\u201d, declarou.<\/p>\n<p style=\"text-align: justify;\">Diante da repercuss\u00e3o, J\u00falio L\u00f3ssio Filho, filho do ex-prefeito L\u00f3ssio, usou suas redes sociais para defender o pai. \u201cO<em>\u00a0prefeito J\u00falio L\u00f3ssio foi o prefeito que mais valorizou sua arte (de Ledo Ivo), contratou, foi entregue e pagou a obra por exemplo a dos Pracinhas, que retrata os combatentes de Petrolina que foram servir na segunda guerra mundial&#8230; da B\u00edblia, que fica em frente ao antigo Macro&#8230;a obra do Padre C\u00edcero em homenagem a Dom Malan, que fica ali na frente da catedral, enfim, diversas obras feitas por Ledo Ivo na Gest\u00e3o do ex-prefeito J\u00falio L\u00f3ssio, contratadas, entregues e pagas<\/em>\u201d, relatou.<\/p>\n<p style=\"text-align: justify;\">Em rela\u00e7\u00e3o \u00e0 obra que Ledo Ivo acusa o n\u00e3o recebimento, da Pra\u00e7a em homenagem a Osvaldo Coelho, L\u00f3ssio Filho lembra que foi uma homenagem pela luta de Osvaldo para a conquista da Univasf, que foi contratada no final da gest\u00e3o do seu pai, foi paga a entrada, \u201c<em>algo em torno de R$ 114 mil, 30%% do valor da obra, salvo engano, e ela precisava ser entregue para ser quitada, como \u00e9 tudo na administra\u00e7\u00e3o p\u00fablica. Ocorre que a obra n\u00e3o foi entregue no prazo estabelecido e como ela n\u00e3o foi entregue n\u00e3o poderia ter sido realizado o pagamento, isso \u00e9 algo \u00f3bvio, porque se a prefeitura pagasse por uma obra que ainda n\u00e3o tivesse sido entregue, quem estaria respondendo na justi\u00e7a seria a prefeitura e no caso o ex-prefeito J\u00faliio L\u00f3ssio. Isso j\u00e1 foi alvo de a\u00e7\u00e3o na justi\u00e7a que reconheceu que a prefeitura n\u00e3o poderia pagar por uma obra que n\u00e3o estivesse pronta, que n\u00e3o estivesse entregue<\/em>\u201d, declarou.<\/p>\n<p style=\"text-align: justify;\">Para L\u00f3ssio Filho, a Prefeitura, ap\u00f3s a sa\u00edda do seu pai, poderia ter resolvido, \u201crepactuando a obra\u201d e se entendo com o artista para que ele entregasse a obra e \u201crecebesse o pagamento devido\u201d.<\/p>\n<p style=\"text-align: justify;\">L\u00f3ssio Filho insinuou ainda, nas suas redes sociais,\u00a0que \u201cse fosse uma obra de \u201cPaulo Coelho\u201d, pai de Fernando e av\u00f4 de Miguel Coelho, prefeito que assumiu ap\u00f3s L\u00f3ssio, o problema teria sido\u00a0resolvido:<\/p>\n<p style=\"text-align: justify;\">\u201c<em>Eu n\u00e3o tenho d\u00favida que se fosse uma obra de Paulo Coelho, isso j\u00e1 teria sido resolvido, mas como era de Dr. Osvaldo, infelizmente por uma quest\u00e3o meramente pol\u00edtica, eles n\u00e3o tiveram interesse na continuidade dessa obra e eu lamento muito, porque seria uma forma de reconhecer a obra, a vida, o trabalho e a luta de Dr. Osvaldo e tamb\u00e9m de valorizar o artista Ledo Ivo\u201d<\/em>, destacou.<\/p>\n<p style=\"text-align: justify;\">Enquanto o problema persiste e a d\u00edvida n\u00e3o \u00e9 reconhecida pela prefeitura, Ledo ivo \u00e9 taxativo: \u201c<em>Vou ficar aqui acorrentado, fazendo greve de fome, fazer minhas necessidades cagando, mijando, fazendo tudo aqui dentro da igreja at\u00e9 que fa\u00e7am um acordo de pagamento comigo<\/em>\u201d decretou.<\/p>\n<p style=\"text-align: justify;\">\n<p style=\"text-align: justify;\">Fonte: redeGN<\/p>\n","protected":false},"excerpt":{"rendered":"<p>A pol\u00eamica envolvendo obras de arte feitas em Petrolina pelo artista pl\u00e1stico juazeirense, Ledo Ivo, segue repercutindo no Vale do S\u00e3o Francisco, ap\u00f3s o escultor se acorrentar dentro da igreja cat\u00f3lica do munic\u00edpio, como uma forma de protesto para que a prefeitura, segundo o artista, \u201cpague o que deve\u201d. A obra em quest\u00e3o \u00e9 uma [&hellip;]<\/p>\n","protected":false},"author":1,"featured_media":69512,"comment_status":"open","ping_status":"open","sticky":false,"template":"","format":"standard","meta":{"_uag_custom_page_level_css":"","_monsterinsights_skip_tracking":false,"_monsterinsights_sitenote_active":false,"_monsterinsights_sitenote_note":"","_monsterinsights_sitenote_category":0,"jetpack_post_was_ever_published":false,"_jetpack_newsletter_access":"","_jetpack_dont_email_post_to_subs":false,"_jetpack_newsletter_tier_id":0,"_jetpack_memberships_contains_paywalled_content":false,"_jetpack_memberships_contains_paid_content":false,"footnotes":"","jetpack_publicize_message":"","jetpack_publicize_feature_enabled":true,"jetpack_social_post_already_shared":true,"jetpack_social_options":{"image_generator_settings":{"template":"highway","default_image_id":0,"font":"","enabled":false},"version":2}},"categories":[851],"tags":[],"class_list":["post-69511","post","type-post","status-publish","format-standard","has-post-thumbnail","hentry","category-petrolina"],"jetpack_publicize_connections":[],"jetpack_featured_media_url":"https:\/\/blogopara.com.br\/wp-content\/uploads\/2024\/11\/LedoIvo_Osvaldo.jpg","uagb_featured_image_src":{"full":["https:\/\/blogopara.com.br\/wp-content\/uploads\/2024\/11\/LedoIvo_Osvaldo.jpg",500,428,false],"thumbnail":["https:\/\/blogopara.com.br\/wp-content\/uploads\/2024\/11\/LedoIvo_Osvaldo-150x150.jpg",150,150,true],"medium":["https:\/\/blogopara.com.br\/wp-content\/uploads\/2024\/11\/LedoIvo_Osvaldo-300x257.jpg",300,257,true],"medium_large":["https:\/\/blogopara.com.br\/wp-content\/uploads\/2024\/11\/LedoIvo_Osvaldo.jpg",500,428,false],"large":["https:\/\/blogopara.com.br\/wp-content\/uploads\/2024\/11\/LedoIvo_Osvaldo.jpg",500,428,false],"1536x1536":["https:\/\/blogopara.com.br\/wp-content\/uploads\/2024\/11\/LedoIvo_Osvaldo.jpg",500,428,false],"2048x2048":["https:\/\/blogopara.com.br\/wp-content\/uploads\/2024\/11\/LedoIvo_Osvaldo.jpg",500,428,false],"mantranews-slider-large":["https:\/\/blogopara.com.br\/wp-content\/uploads\/2024\/11\/LedoIvo_Osvaldo.jpg",500,428,false],"mantranews-featured-medium":["https:\/\/blogopara.com.br\/wp-content\/uploads\/2024\/11\/LedoIvo_Osvaldo-420x307.jpg",420,307,true],"mantranews-featured-long":["https:\/\/blogopara.com.br\/wp-content\/uploads\/2024\/11\/LedoIvo_Osvaldo-300x428.jpg",300,428,true],"mantranews-block-medium":["https:\/\/blogopara.com.br\/wp-content\/uploads\/2024\/11\/LedoIvo_Osvaldo-464x290.jpg",464,290,true],"mantranews-carousel-image":["https:\/\/blogopara.com.br\/wp-content\/uploads\/2024\/11\/LedoIvo_Osvaldo.jpg",500,428,false],"mantranews-block-thumb":["https:\/\/blogopara.com.br\/wp-content\/uploads\/2024\/11\/LedoIvo_Osvaldo-322x230.jpg",322,230,true],"mantranews-single-large":["https:\/\/blogopara.com.br\/wp-content\/uploads\/2024\/11\/LedoIvo_Osvaldo.jpg",500,428,false]},"uagb_author_info":{"display_name":"Reda\u00e7\u00e3o geral","author_link":"https:\/\/blogopara.com.br\/index.php\/author\/blogopara"},"uagb_comment_info":0,"uagb_excerpt":"A pol\u00eamica envolvendo obras de arte feitas em Petrolina pelo artista pl\u00e1stico juazeirense, Ledo Ivo, segue repercutindo no Vale do S\u00e3o Francisco, ap\u00f3s o escultor se acorrentar dentro da igreja cat\u00f3lica do munic\u00edpio, como uma forma de protesto para que a prefeitura, segundo o artista, \u201cpague o que deve\u201d. A obra em quest\u00e3o \u00e9 uma&hellip;","jetpack_sharing_enabled":true,"jetpack_likes_enabled":true,"_links":{"self":[{"href":"https:\/\/blogopara.com.br\/index.php\/wp-json\/wp\/v2\/posts\/69511","targetHints":{"allow":["GET"]}}],"collection":[{"href":"https:\/\/blogopara.com.br\/index.php\/wp-json\/wp\/v2\/posts"}],"about":[{"href":"https:\/\/blogopara.com.br\/index.php\/wp-json\/wp\/v2\/types\/post"}],"author":[{"embeddable":true,"href":"https:\/\/blogopara.com.br\/index.php\/wp-json\/wp\/v2\/users\/1"}],"replies":[{"embeddable":true,"href":"https:\/\/blogopara.com.br\/index.php\/wp-json\/wp\/v2\/comments?post=69511"}],"version-history":[{"count":1,"href":"https:\/\/blogopara.com.br\/index.php\/wp-json\/wp\/v2\/posts\/69511\/revisions"}],"predecessor-version":[{"id":69513,"href":"https:\/\/blogopara.com.br\/index.php\/wp-json\/wp\/v2\/posts\/69511\/revisions\/69513"}],"wp:featuredmedia":[{"embeddable":true,"href":"https:\/\/blogopara.com.br\/index.php\/wp-json\/wp\/v2\/media\/69512"}],"wp:attachment":[{"href":"https:\/\/blogopara.com.br\/index.php\/wp-json\/wp\/v2\/media?parent=69511"}],"wp:term":[{"taxonomy":"category","embeddable":true,"href":"https:\/\/blogopara.com.br\/index.php\/wp-json\/wp\/v2\/categories?post=69511"},{"taxonomy":"post_tag","embeddable":true,"href":"https:\/\/blogopara.com.br\/index.php\/wp-json\/wp\/v2\/tags?post=69511"}],"curies":[{"name":"wp","href":"https:\/\/api.w.org\/{rel}","templated":true}]}}