{"id":69514,"date":"2024-11-08T08:46:18","date_gmt":"2024-11-08T11:46:18","guid":{"rendered":"https:\/\/blogopara.com.br\/?p=69514"},"modified":"2024-11-08T08:46:25","modified_gmt":"2024-11-08T11:46:25","slug":"bolsonaro-diz-que-direita-se-elegeu-na-sua-sombra-e-que-tarcisio-e-lider-maior-so-em-sp","status":"publish","type":"post","link":"https:\/\/blogopara.com.br\/index.php\/2024\/11\/08\/bolsonaro-diz-que-direita-se-elegeu-na-sua-sombra-e-que-tarcisio-e-lider-maior-so-em-sp","title":{"rendered":"Bolsonaro diz que direita se elegeu na sua sombra e que Tarc\u00edsio \u00e9 \u2018l\u00edder maior\u2019 s\u00f3 em SP"},"content":{"rendered":"<p style=\"text-align: justify;\">O ex-presidente Jair Bolsonaro (PL) disse n\u00e3o considerar ter havido um racha na direita nas elei\u00e7\u00f5es municipais nem um abalo de sua lideran\u00e7a nesse campo, apesar das cr\u00edticas p\u00fablicas que sofreu e da fenda aberta em seu eleitorado com a ascens\u00e3o de Pablo Mar\u00e7al (PRTB) em S\u00e3o Paulo.<\/p>\n<p style=\"text-align: justify;\">De acordo com Bolsonaro, aqueles que querem dividir a direita se elegeram sob sua sombra e n\u00e3o conseguem reunir apoiadores nem em um bar.<\/p>\n<p style=\"text-align: justify;\">\u201cA direita n\u00e3o tem dono. Tem um l\u00edder, que \u00e9 incontest\u00e1vel, e tem jovens lideran\u00e7as aparecendo pelo Brasil. Sempre vai ter algu\u00e9m a\u00ed querendo dividir o que \u00e9 chamado de direita hoje em dia. N\u00e3o v\u00e3o conseguir. S\u00e3o frustrados, at\u00e9 botei um nome carinhoso, s\u00e3o intergal\u00e1cticos que t\u00eam que mostrar a que vieram. Todos eles se elegeram na minha sombra, ou na minha onda, e rapidamente se voltam contra a gente\u201d, afirmou.<\/p>\n<p style=\"text-align: justify;\">Bolsonaro se referia, entre outros, a Mar\u00e7al, ao governador de Goi\u00e1s, Ronaldo Caiado (Uni\u00e3o Brasil), e ao seu ex-ministro do Meio Ambiente, o hoje deputado federal Ricardo Salles (Novo-SP).<\/p>\n<p style=\"text-align: justify;\">\u201cA direita n\u00e3o tem dono. Tem cara que quer se impor como l\u00edder. Lideran\u00e7a voc\u00ea n\u00e3o ganha, voc\u00ea conquista. Ent\u00e3o, tem uns intergal\u00e1cticos a\u00ed. Manda em um bar em S\u00e3o Paulo, n\u00e3o vai ningu\u00e9m.\u201d<\/p>\n<p style=\"text-align: justify;\">Mar\u00e7al recebeu em sua campanha apoio de v\u00e1rios bolsonaristas e tamb\u00e9m de boa parte do eleitorado do ex-presidente, apesar de oficialmente Bolsonaro ter embarcado na reelei\u00e7\u00e3o de Ricardo Nunes (MDB).<\/p>\n<p style=\"text-align: justify;\">Caiado travou com o ex-presidente uma particular disputa na elei\u00e7\u00e3o de Goi\u00e2nia, que incluiu a ida de Bolsonaro \u00e0 cidade no dia do segundo turno.<\/p>\n<p style=\"text-align: justify;\">Abertas as urnas, venceu o nome do governador. Ap\u00f3s o resultado, Caiado afirmou que venceu o seu modo de fazer pol\u00edtica e disse esperar que Bolsonaro tenha aprendido uma li\u00e7\u00e3o. O governador se diz candidato \u00e0 Presid\u00eancia da Rep\u00fablica em 2026.<\/p>\n<p style=\"text-align: justify;\">Salles, por sua vez, teve a candidatura a prefeito de S\u00e3o Paulo preterida em nome da alian\u00e7a do PL com Nunes. A partir da\u00ed, a rela\u00e7\u00e3o com o ex-presidente estremeceu.<\/p>\n<p style=\"text-align: justify;\">\u201cLogo o Salles, que l\u00e1 atr\u00e1s estava assim com o Alckmin [quando ele ainda era do PSDB e governava S\u00e3o Paulo], como secret\u00e1rio. Depois [Jo\u00e3o] Amoedo [ex-presidente do Novo], que depois diz que votou no Lula, depois ficou comigo, se elegeu gra\u00e7as ao Eduardo [Bolsonaro, tamb\u00e9m deputado federal]. Depois foi ser \u2018mar\u00e7alete\u2019. Agora t\u00e1 vi\u00favo\u201d, disse Bolsonaro.<\/p>\n<p style=\"text-align: justify;\">\u201c\u00c9 inveja, \u00e9 infelizmente uma coisa que existe no ser humano.\u201d<\/p>\n<p style=\"text-align: justify;\">O ex-presidente tamb\u00e9m comentou a declara\u00e7\u00e3o de Nunes, que ap\u00f3s ser eleito chamou o governador de S\u00e3o Paulo, Tarc\u00edsio de Freitas (Republicanos), de \u201cl\u00edder maior\u201d.<\/p>\n<p style=\"text-align: justify;\">\u201c\u00c9 um grande l\u00edder no estado, verdade\u2026 ningu\u00e9m vai me provocar.\u201d<\/p>\n<p style=\"text-align: justify;\">Questionado sobre quem seria o nome da direita em 2026 caso permane\u00e7a ineleg\u00edvel, Bolsonaro voltou a repetir que o nome \u00e9 ele.<\/p>\n<p style=\"text-align: justify;\">\u201cS\u00f3 depois que eu tiver morto. Antes de eu morto, politicamente n\u00e3o tem nome. Pergunta para o Tarc\u00edsio o que ele acha. Ele tem falado, o candidato sou eu. Prosseguindo a minha inelegibilidade \u00e9 a prova de que acabou a democracia no Brasil.\u201d<\/p>\n<p style=\"text-align: justify;\">O ex-presidente foi condenado em 2023 pelo TSE (Tribunal Superior Eleitoral) por abuso de poder pol\u00edtico e econ\u00f4mico e uso indevido dos meios de comunica\u00e7\u00e3o ap\u00f3s difundir mentiras sobre o processo eleitoral em reuni\u00e3o com embaixadores e utilizar eleitoralmente o evento do Bicenten\u00e1rio da Independ\u00eancia.<\/p>\n<p style=\"text-align: justify;\">Ele est\u00e1 ineleg\u00edvel pelo menos at\u00e9 2030 e ainda \u00e9 alvo de outras investiga\u00e7\u00f5es. Caso condenado pelos crimes da trama golpista, por exemplo, poder\u00e1 pegar uma pena de at\u00e9 23 anos de pris\u00e3o e ficar ineleg\u00edvel por mais de 30 anos.<\/p>\n<p style=\"text-align: justify;\">\n<p style=\"text-align: justify;\"><span class=\"assinatura_exclusiva\">Camila Mattoso e Ranier Bragon\/Folhapress<\/span><\/p>\n","protected":false},"excerpt":{"rendered":"<p>O ex-presidente Jair Bolsonaro (PL) disse n\u00e3o considerar ter havido um racha na direita nas elei\u00e7\u00f5es municipais nem um abalo de sua lideran\u00e7a nesse campo, apesar das cr\u00edticas p\u00fablicas que sofreu e da fenda aberta em seu eleitorado com a ascens\u00e3o de Pablo Mar\u00e7al (PRTB) em S\u00e3o Paulo. De acordo com Bolsonaro, aqueles que querem [&hellip;]<\/p>\n","protected":false},"author":1,"featured_media":66820,"comment_status":"open","ping_status":"open","sticky":false,"template":"","format":"standard","meta":{"_uag_custom_page_level_css":"","_monsterinsights_skip_tracking":false,"_monsterinsights_sitenote_active":false,"_monsterinsights_sitenote_note":"","_monsterinsights_sitenote_category":0,"jetpack_post_was_ever_published":false,"_jetpack_newsletter_access":"","_jetpack_dont_email_post_to_subs":false,"_jetpack_newsletter_tier_id":0,"_jetpack_memberships_contains_paywalled_content":false,"_jetpack_memberships_contains_paid_content":false,"footnotes":"","jetpack_publicize_message":"","jetpack_publicize_feature_enabled":true,"jetpack_social_post_already_shared":true,"jetpack_social_options":{"image_generator_settings":{"template":"highway","default_image_id":0,"font":"","enabled":false},"version":2}},"categories":[200],"tags":[],"class_list":["post-69514","post","type-post","status-publish","format-standard","has-post-thumbnail","hentry","category-brasil"],"jetpack_publicize_connections":[],"jetpack_featured_media_url":"https:\/\/blogopara.com.br\/wp-content\/uploads\/2024\/07\/Bolsonaro-chama-Trump-de-maior-lider-mundial-do-momento-e-relembra-facada.jpg","uagb_featured_image_src":{"full":["https:\/\/blogopara.com.br\/wp-content\/uploads\/2024\/07\/Bolsonaro-chama-Trump-de-maior-lider-mundial-do-momento-e-relembra-facada.jpg",500,333,false],"thumbnail":["https:\/\/blogopara.com.br\/wp-content\/uploads\/2024\/07\/Bolsonaro-chama-Trump-de-maior-lider-mundial-do-momento-e-relembra-facada-150x150.jpg",150,150,true],"medium":["https:\/\/blogopara.com.br\/wp-content\/uploads\/2024\/07\/Bolsonaro-chama-Trump-de-maior-lider-mundial-do-momento-e-relembra-facada-300x200.jpg",300,200,true],"medium_large":["https:\/\/blogopara.com.br\/wp-content\/uploads\/2024\/07\/Bolsonaro-chama-Trump-de-maior-lider-mundial-do-momento-e-relembra-facada.jpg",500,333,false],"large":["https:\/\/blogopara.com.br\/wp-content\/uploads\/2024\/07\/Bolsonaro-chama-Trump-de-maior-lider-mundial-do-momento-e-relembra-facada.jpg",500,333,false],"1536x1536":["https:\/\/blogopara.com.br\/wp-content\/uploads\/2024\/07\/Bolsonaro-chama-Trump-de-maior-lider-mundial-do-momento-e-relembra-facada.jpg",500,333,false],"2048x2048":["https:\/\/blogopara.com.br\/wp-content\/uploads\/2024\/07\/Bolsonaro-chama-Trump-de-maior-lider-mundial-do-momento-e-relembra-facada.jpg",500,333,false],"mantranews-slider-large":["https:\/\/blogopara.com.br\/wp-content\/uploads\/2024\/07\/Bolsonaro-chama-Trump-de-maior-lider-mundial-do-momento-e-relembra-facada.jpg",500,333,false],"mantranews-featured-medium":["https:\/\/blogopara.com.br\/wp-content\/uploads\/2024\/07\/Bolsonaro-chama-Trump-de-maior-lider-mundial-do-momento-e-relembra-facada-420x307.jpg",420,307,true],"mantranews-featured-long":["https:\/\/blogopara.com.br\/wp-content\/uploads\/2024\/07\/Bolsonaro-chama-Trump-de-maior-lider-mundial-do-momento-e-relembra-facada-300x333.jpg",300,333,true],"mantranews-block-medium":["https:\/\/blogopara.com.br\/wp-content\/uploads\/2024\/07\/Bolsonaro-chama-Trump-de-maior-lider-mundial-do-momento-e-relembra-facada-464x290.jpg",464,290,true],"mantranews-carousel-image":["https:\/\/blogopara.com.br\/wp-content\/uploads\/2024\/07\/Bolsonaro-chama-Trump-de-maior-lider-mundial-do-momento-e-relembra-facada.jpg",500,333,false],"mantranews-block-thumb":["https:\/\/blogopara.com.br\/wp-content\/uploads\/2024\/07\/Bolsonaro-chama-Trump-de-maior-lider-mundial-do-momento-e-relembra-facada-322x230.jpg",322,230,true],"mantranews-single-large":["https:\/\/blogopara.com.br\/wp-content\/uploads\/2024\/07\/Bolsonaro-chama-Trump-de-maior-lider-mundial-do-momento-e-relembra-facada.jpg",500,333,false]},"uagb_author_info":{"display_name":"Reda\u00e7\u00e3o geral","author_link":"https:\/\/blogopara.com.br\/index.php\/author\/blogopara"},"uagb_comment_info":0,"uagb_excerpt":"O ex-presidente Jair Bolsonaro (PL) disse n\u00e3o considerar ter havido um racha na direita nas elei\u00e7\u00f5es municipais nem um abalo de sua lideran\u00e7a nesse campo, apesar das cr\u00edticas p\u00fablicas que sofreu e da fenda aberta em seu eleitorado com a ascens\u00e3o de Pablo Mar\u00e7al (PRTB) em S\u00e3o Paulo. De acordo com Bolsonaro, aqueles que querem&hellip;","jetpack_sharing_enabled":true,"jetpack_likes_enabled":true,"_links":{"self":[{"href":"https:\/\/blogopara.com.br\/index.php\/wp-json\/wp\/v2\/posts\/69514","targetHints":{"allow":["GET"]}}],"collection":[{"href":"https:\/\/blogopara.com.br\/index.php\/wp-json\/wp\/v2\/posts"}],"about":[{"href":"https:\/\/blogopara.com.br\/index.php\/wp-json\/wp\/v2\/types\/post"}],"author":[{"embeddable":true,"href":"https:\/\/blogopara.com.br\/index.php\/wp-json\/wp\/v2\/users\/1"}],"replies":[{"embeddable":true,"href":"https:\/\/blogopara.com.br\/index.php\/wp-json\/wp\/v2\/comments?post=69514"}],"version-history":[{"count":1,"href":"https:\/\/blogopara.com.br\/index.php\/wp-json\/wp\/v2\/posts\/69514\/revisions"}],"predecessor-version":[{"id":69515,"href":"https:\/\/blogopara.com.br\/index.php\/wp-json\/wp\/v2\/posts\/69514\/revisions\/69515"}],"wp:featuredmedia":[{"embeddable":true,"href":"https:\/\/blogopara.com.br\/index.php\/wp-json\/wp\/v2\/media\/66820"}],"wp:attachment":[{"href":"https:\/\/blogopara.com.br\/index.php\/wp-json\/wp\/v2\/media?parent=69514"}],"wp:term":[{"taxonomy":"category","embeddable":true,"href":"https:\/\/blogopara.com.br\/index.php\/wp-json\/wp\/v2\/categories?post=69514"},{"taxonomy":"post_tag","embeddable":true,"href":"https:\/\/blogopara.com.br\/index.php\/wp-json\/wp\/v2\/tags?post=69514"}],"curies":[{"name":"wp","href":"https:\/\/api.w.org\/{rel}","templated":true}]}}