{"id":69540,"date":"2024-11-09T12:53:49","date_gmt":"2024-11-09T15:53:49","guid":{"rendered":"https:\/\/blogopara.com.br\/?p=69540"},"modified":"2024-11-09T12:53:52","modified_gmt":"2024-11-09T15:53:52","slug":"estudantes-professora-e-escola-da-rede-municipal-de-ensino-de-juazeiro-sao-premiados-no-concurso-despertar-2024","status":"publish","type":"post","link":"https:\/\/blogopara.com.br\/index.php\/2024\/11\/09\/estudantes-professora-e-escola-da-rede-municipal-de-ensino-de-juazeiro-sao-premiados-no-concurso-despertar-2024","title":{"rendered":"Estudantes, professora e escola da rede municipal de ensino de Juazeiro s\u00e3o premiados no concurso Despertar 2024"},"content":{"rendered":"<p style=\"text-align: justify;\">Quatro estudantes, professora e uma escola da rede municipal de ensino de Juazeiro conquistaram premia\u00e7\u00e3o no concurso Despertar 2024, nas categorias V\u00eddeo, Not\u00edcia, Experi\u00eancias Pedag\u00f3gicas e Despertar Digital. A iniciativa aconteceu nesta quinta-feira (7), no Centro de Conven\u00e7\u00f5es de Salvador (BA), e faz parte das a\u00e7\u00f5es de promo\u00e7\u00e3o social do Servi\u00e7o Nacional de Aprendizagem Rural (Senar). A ocasi\u00e3o reuniu estudantes e professores de toda a Bahia, \u00a0participantes da competi\u00e7\u00e3o que promove o protagonismo estudantil por meio da valoriza\u00e7\u00e3o de produ\u00e7\u00f5es culturais.<\/p>\n<p>A coordenadora do programa Despertar, Michele Viana, comentou sobre as novidades e import\u00e2ncia da premia\u00e7\u00e3o.&#8221;Este ano tivemos alunos, agente despertar, professora e a coordenadora do programa Despertar recebendo premia\u00e7\u00e3o, al\u00e9m da Escola Municipal Eliseu Santos, que concorreu na nova categoria, &#8216;Despertar Digital&#8217;. Foi de extrema alegria trazermos esse resultado t\u00e3o significativo para Juazeiro, pois o munic\u00edpio concorreu com diversas escolas do estado e sairmos premiados comprova o compromisso da educa\u00e7\u00e3o municipal com o ensino empreendedor no campo, e a lideran\u00e7a e protagonismo infantojuvenil para nossas crian\u00e7as e jovens.<\/p>\n<p>Aluna da Escola Municipal Deputado Raimundo da Cunha Leite, Ana Cec\u00edlia Marques dos Santos, compartilhou o sentimento de receber a premia\u00e7\u00e3o. &#8220;Sou da comunidade de Juremal, interior de Juazeiro, e estou muito feliz por poder receber a premia\u00e7\u00e3o na categoria v\u00eddeo, especialmente como agente do Despertar, pois foi atrav\u00e9s dos meus esfor\u00e7os e das minhas atividades na escola, que estou recebendo a \u00a0premia\u00e7\u00e3o pela primeira vez&#8221;.<\/p>\n<p>O concurso<\/p>\n<p>Com o objetivo de apresentar a\u00e7\u00f5es exitosas nas cadeias produtivas locais, o concurso Despertar \u00e9 realizado por estudantes e professores nas escolas do campo dos munic\u00edpios envolvidos. Em 2024, o concurso teve como tema: \u201cLideran\u00e7a Empreendedora nas Escolas do Campo\u201d. Os estudantes dos anos iniciais e finais do Ensino Fundamental puderam participar nas categorias Desenho, Not\u00edcia e V\u00eddeo. J\u00e1 os professores participaram na categoria Experi\u00eancias Pedag\u00f3gicas, e as escolas na categoria Despertar Digital.<\/p>\n<p>Premiados<\/p>\n<p>Any Vit\u00f3ria Rodrigues de Oliveira \u2013 Escola Municipal Eliseu Santos<\/p>\n<p>Categoria: Not\u00edcia (S\u00e9ries iniciais do Ensino Fundamental)<\/p>\n<p>Ana Beatriz de Santana Oliveira &#8211; Escola Municipal Santo Ant\u00f4nio<br \/>\nCategoria: Not\u00edcia (S\u00e9ries finais do Ensino Fundamental)<\/p>\n<p>Ana Cec\u00edlia Marquez dos Santos &#8211; Escola Municipal Deputado Raimundo da Cunha Leite<br \/>\nCategoria: V\u00eddeo (S\u00e9ries finais do Ensino Fundamental)<\/p>\n<p>Ana Cec\u00edlia Leite de Souza Silva &#8211; Escola Municipal Antonila da Fran\u00e7a Cardoso<br \/>\nCategoria: Not\u00edcia (S\u00e9ries iniciais do Ensino Fundamental)<\/p>\n<p>Dominique Souza Chavier &#8211; Escola Municipal Celso Cavalcante<br \/>\nCategoria: V\u00eddeo (S\u00e9ries finais do Ensino Fundamental)<\/p>\n<p>Professora, Luziv\u00e2nia Hemerinda da Silva Feitosa &#8211; Escola Municipal Santa In\u00eas<br \/>\nCategoria: Experi\u00eancias pedag\u00f3gicas<\/p>\n<p>Coordenadora Despertar, Michele Lorena de Souza Costa Viana<br \/>\nCategoria: Portf\u00f3lio<\/p>\n<p>Escola Municipal Eliseu Santos<br \/>\nCategoria: Despertar Digital<\/p>\n<p>Texto: Camila Santana \u2013 Ascom Seduc\/PMJ<\/p>\n","protected":false},"excerpt":{"rendered":"<p>Quatro estudantes, professora e uma escola da rede municipal de ensino de Juazeiro conquistaram premia\u00e7\u00e3o no concurso Despertar 2024, nas categorias V\u00eddeo, Not\u00edcia, Experi\u00eancias Pedag\u00f3gicas e Despertar Digital. A iniciativa aconteceu nesta quinta-feira (7), no Centro de Conven\u00e7\u00f5es de Salvador (BA), e faz parte das a\u00e7\u00f5es de promo\u00e7\u00e3o social do Servi\u00e7o Nacional de Aprendizagem Rural [&hellip;]<\/p>\n","protected":false},"author":1,"featured_media":69541,"comment_status":"open","ping_status":"open","sticky":false,"template":"","format":"standard","meta":{"_uag_custom_page_level_css":"","_monsterinsights_skip_tracking":false,"_monsterinsights_sitenote_active":false,"_monsterinsights_sitenote_note":"","_monsterinsights_sitenote_category":0,"jetpack_post_was_ever_published":false,"_jetpack_newsletter_access":"","_jetpack_dont_email_post_to_subs":false,"_jetpack_newsletter_tier_id":0,"_jetpack_memberships_contains_paywalled_content":false,"_jetpack_memberships_contains_paid_content":false,"footnotes":"","jetpack_publicize_message":"","jetpack_publicize_feature_enabled":true,"jetpack_social_post_already_shared":true,"jetpack_social_options":{"image_generator_settings":{"template":"highway","default_image_id":0,"font":"","enabled":false},"version":2}},"categories":[203],"tags":[],"class_list":["post-69540","post","type-post","status-publish","format-standard","has-post-thumbnail","hentry","category-juazeiro"],"jetpack_publicize_connections":[],"jetpack_featured_media_url":"https:\/\/blogopara.com.br\/wp-content\/uploads\/2024\/11\/thumbnail_2.jpg","uagb_featured_image_src":{"full":["https:\/\/blogopara.com.br\/wp-content\/uploads\/2024\/11\/thumbnail_2.jpg",500,230,false],"thumbnail":["https:\/\/blogopara.com.br\/wp-content\/uploads\/2024\/11\/thumbnail_2-150x150.jpg",150,150,true],"medium":["https:\/\/blogopara.com.br\/wp-content\/uploads\/2024\/11\/thumbnail_2-300x138.jpg",300,138,true],"medium_large":["https:\/\/blogopara.com.br\/wp-content\/uploads\/2024\/11\/thumbnail_2.jpg",500,230,false],"large":["https:\/\/blogopara.com.br\/wp-content\/uploads\/2024\/11\/thumbnail_2.jpg",500,230,false],"1536x1536":["https:\/\/blogopara.com.br\/wp-content\/uploads\/2024\/11\/thumbnail_2.jpg",500,230,false],"2048x2048":["https:\/\/blogopara.com.br\/wp-content\/uploads\/2024\/11\/thumbnail_2.jpg",500,230,false],"mantranews-slider-large":["https:\/\/blogopara.com.br\/wp-content\/uploads\/2024\/11\/thumbnail_2.jpg",500,230,false],"mantranews-featured-medium":["https:\/\/blogopara.com.br\/wp-content\/uploads\/2024\/11\/thumbnail_2-420x230.jpg",420,230,true],"mantranews-featured-long":["https:\/\/blogopara.com.br\/wp-content\/uploads\/2024\/11\/thumbnail_2-300x230.jpg",300,230,true],"mantranews-block-medium":["https:\/\/blogopara.com.br\/wp-content\/uploads\/2024\/11\/thumbnail_2-464x230.jpg",464,230,true],"mantranews-carousel-image":["https:\/\/blogopara.com.br\/wp-content\/uploads\/2024\/11\/thumbnail_2.jpg",500,230,false],"mantranews-block-thumb":["https:\/\/blogopara.com.br\/wp-content\/uploads\/2024\/11\/thumbnail_2-322x230.jpg",322,230,true],"mantranews-single-large":["https:\/\/blogopara.com.br\/wp-content\/uploads\/2024\/11\/thumbnail_2.jpg",500,230,false]},"uagb_author_info":{"display_name":"Reda\u00e7\u00e3o geral","author_link":"https:\/\/blogopara.com.br\/index.php\/author\/blogopara"},"uagb_comment_info":0,"uagb_excerpt":"Quatro estudantes, professora e uma escola da rede municipal de ensino de Juazeiro conquistaram premia\u00e7\u00e3o no concurso Despertar 2024, nas categorias V\u00eddeo, Not\u00edcia, Experi\u00eancias Pedag\u00f3gicas e Despertar Digital. A iniciativa aconteceu nesta quinta-feira (7), no Centro de Conven\u00e7\u00f5es de Salvador (BA), e faz parte das a\u00e7\u00f5es de promo\u00e7\u00e3o social do Servi\u00e7o Nacional de Aprendizagem Rural&hellip;","jetpack_sharing_enabled":true,"jetpack_likes_enabled":true,"_links":{"self":[{"href":"https:\/\/blogopara.com.br\/index.php\/wp-json\/wp\/v2\/posts\/69540","targetHints":{"allow":["GET"]}}],"collection":[{"href":"https:\/\/blogopara.com.br\/index.php\/wp-json\/wp\/v2\/posts"}],"about":[{"href":"https:\/\/blogopara.com.br\/index.php\/wp-json\/wp\/v2\/types\/post"}],"author":[{"embeddable":true,"href":"https:\/\/blogopara.com.br\/index.php\/wp-json\/wp\/v2\/users\/1"}],"replies":[{"embeddable":true,"href":"https:\/\/blogopara.com.br\/index.php\/wp-json\/wp\/v2\/comments?post=69540"}],"version-history":[{"count":1,"href":"https:\/\/blogopara.com.br\/index.php\/wp-json\/wp\/v2\/posts\/69540\/revisions"}],"predecessor-version":[{"id":69542,"href":"https:\/\/blogopara.com.br\/index.php\/wp-json\/wp\/v2\/posts\/69540\/revisions\/69542"}],"wp:featuredmedia":[{"embeddable":true,"href":"https:\/\/blogopara.com.br\/index.php\/wp-json\/wp\/v2\/media\/69541"}],"wp:attachment":[{"href":"https:\/\/blogopara.com.br\/index.php\/wp-json\/wp\/v2\/media?parent=69540"}],"wp:term":[{"taxonomy":"category","embeddable":true,"href":"https:\/\/blogopara.com.br\/index.php\/wp-json\/wp\/v2\/categories?post=69540"},{"taxonomy":"post_tag","embeddable":true,"href":"https:\/\/blogopara.com.br\/index.php\/wp-json\/wp\/v2\/tags?post=69540"}],"curies":[{"name":"wp","href":"https:\/\/api.w.org\/{rel}","templated":true}]}}