{"id":69543,"date":"2024-11-09T12:55:51","date_gmt":"2024-11-09T15:55:51","guid":{"rendered":"https:\/\/blogopara.com.br\/?p=69543"},"modified":"2024-11-09T12:55:54","modified_gmt":"2024-11-09T15:55:54","slug":"como-estudantes-podem-se-preparar-para-a-segunda-prova-do-enem-dicas-para-um-bom-desempenho","status":"publish","type":"post","link":"https:\/\/blogopara.com.br\/index.php\/2024\/11\/09\/como-estudantes-podem-se-preparar-para-a-segunda-prova-do-enem-dicas-para-um-bom-desempenho","title":{"rendered":"Como estudantes podem se preparar para a segunda prova do Enem: dicas para um bom desempenho"},"content":{"rendered":"<p style=\"text-align: justify;\">Com o segundo dia de provas do Enem 2024 chegando neste domingo, dia10 de novembro, muitos candidatos est\u00e3o na reta final de prepara\u00e7\u00e3o. Ap\u00f3s meses de estudos e revis\u00f5es, a v\u00e9spera do exame \u00e9 um momento estrat\u00e9gico para garantir que os esfor\u00e7os sejam recompensados. Especialistas sugerem cuidados espec\u00edficos para essa \u00faltima etapa, como explica o Dr. Saulo Teixeira, neurocirurgi\u00e3o e professor do Instituto de Educa\u00e7\u00e3o M\u00e9dica (IDOMED).<\/p>\n<p style=\"text-align: justify;\">Dr. Saulo recomenda que, para quem j\u00e1 se preparou ao longo do ano, o ideal \u00e9 buscar o descanso na v\u00e9spera. &#8220;O c\u00e9rebro funciona cada um \u00e0 sua maneira&#8221;, ele destaca. &#8220;Para aquela pessoa que estudou adequadamente, que tem dom\u00ednio da maior parte dos conte\u00fados, a melhor alternativa parece ser descansar na v\u00e9spera da prova, para permitir que, no dia seguinte, o c\u00e9rebro conte com toda a energia para responder \u00e0s quest\u00f5es e raciocinar de forma mais r\u00e1pida e assertiva.&#8221;<\/p>\n<p style=\"text-align: justify;\">A ansiedade, que naturalmente pode surgir na v\u00e9spera e no dia da prova, \u00e9 um sentimento comum. Dr. Saulo explica que uma dose moderada de ansiedade pode, inclusive, ajudar no desempenho. &#8220;Foi a ansiedade que permitiu que o homem se desenvolvesse ao longo do tempo. Por\u00e9m, quando ela acontece de forma desproporcional, acaba prejudicando o desempenho do c\u00e9rebro, pois a energia \u00e9 gasta de maneira desordenada e o foco se perde&#8221;, comenta. Ele acrescenta que uma &#8220;ansiedade moderada e saud\u00e1vel&#8221; ajuda no rendimento, liberando horm\u00f4nios que distribuem o sangue de forma eficiente, favorecendo o c\u00e9rebro na resolu\u00e7\u00e3o da prova.<\/p>\n<p style=\"text-align: justify;\">Para lidar com o nervosismo, o especialista aconselha t\u00e9cnicas de respira\u00e7\u00e3o e medita\u00e7\u00e3o. &#8220;A t\u00e9cnica de relaxamento mais simples, mais barata, e que \u00e9 extremamente aconselh\u00e1vel numa situa\u00e7\u00e3o como essa, \u00e9 a medita\u00e7\u00e3o associada a exerc\u00edcios de respira\u00e7\u00e3o&#8221;, sugere. Ele orienta os candidatos a buscar um local tranquilo e praticar a respira\u00e7\u00e3o de maneira ordenada, o que ajuda a organizar as fun\u00e7\u00f5es do corpo, facilitando o desempenho na hora da prova.<\/p>\n","protected":false},"excerpt":{"rendered":"<p>Com o segundo dia de provas do Enem 2024 chegando neste domingo, dia10 de novembro, muitos candidatos est\u00e3o na reta final de prepara\u00e7\u00e3o. Ap\u00f3s meses de estudos e revis\u00f5es, a v\u00e9spera do exame \u00e9 um momento estrat\u00e9gico para garantir que os esfor\u00e7os sejam recompensados. Especialistas sugerem cuidados espec\u00edficos para essa \u00faltima etapa, como explica o [&hellip;]<\/p>\n","protected":false},"author":1,"featured_media":69544,"comment_status":"open","ping_status":"open","sticky":false,"template":"","format":"standard","meta":{"_uag_custom_page_level_css":"","_monsterinsights_skip_tracking":false,"_monsterinsights_sitenote_active":false,"_monsterinsights_sitenote_note":"","_monsterinsights_sitenote_category":0,"jetpack_post_was_ever_published":false,"_jetpack_newsletter_access":"","_jetpack_dont_email_post_to_subs":false,"_jetpack_newsletter_tier_id":0,"_jetpack_memberships_contains_paywalled_content":false,"_jetpack_memberships_contains_paid_content":false,"footnotes":"","jetpack_publicize_message":"","jetpack_publicize_feature_enabled":true,"jetpack_social_post_already_shared":true,"jetpack_social_options":{"image_generator_settings":{"template":"highway","default_image_id":0,"font":"","enabled":false},"version":2}},"categories":[200],"tags":[],"class_list":["post-69543","post","type-post","status-publish","format-standard","has-post-thumbnail","hentry","category-brasil"],"jetpack_publicize_connections":[],"jetpack_featured_media_url":"https:\/\/blogopara.com.br\/wp-content\/uploads\/2024\/11\/thumbnail_Dr.-Saulo-Teixeira-neurocirurgiao-e-professor-do-IDOMED.jpg","uagb_featured_image_src":{"full":["https:\/\/blogopara.com.br\/wp-content\/uploads\/2024\/11\/thumbnail_Dr.-Saulo-Teixeira-neurocirurgiao-e-professor-do-IDOMED.jpg",500,573,false],"thumbnail":["https:\/\/blogopara.com.br\/wp-content\/uploads\/2024\/11\/thumbnail_Dr.-Saulo-Teixeira-neurocirurgiao-e-professor-do-IDOMED-150x150.jpg",150,150,true],"medium":["https:\/\/blogopara.com.br\/wp-content\/uploads\/2024\/11\/thumbnail_Dr.-Saulo-Teixeira-neurocirurgiao-e-professor-do-IDOMED-262x300.jpg",262,300,true],"medium_large":["https:\/\/blogopara.com.br\/wp-content\/uploads\/2024\/11\/thumbnail_Dr.-Saulo-Teixeira-neurocirurgiao-e-professor-do-IDOMED.jpg",500,573,false],"large":["https:\/\/blogopara.com.br\/wp-content\/uploads\/2024\/11\/thumbnail_Dr.-Saulo-Teixeira-neurocirurgiao-e-professor-do-IDOMED.jpg",500,573,false],"1536x1536":["https:\/\/blogopara.com.br\/wp-content\/uploads\/2024\/11\/thumbnail_Dr.-Saulo-Teixeira-neurocirurgiao-e-professor-do-IDOMED.jpg",500,573,false],"2048x2048":["https:\/\/blogopara.com.br\/wp-content\/uploads\/2024\/11\/thumbnail_Dr.-Saulo-Teixeira-neurocirurgiao-e-professor-do-IDOMED.jpg",500,573,false],"mantranews-slider-large":["https:\/\/blogopara.com.br\/wp-content\/uploads\/2024\/11\/thumbnail_Dr.-Saulo-Teixeira-neurocirurgiao-e-professor-do-IDOMED.jpg",500,573,false],"mantranews-featured-medium":["https:\/\/blogopara.com.br\/wp-content\/uploads\/2024\/11\/thumbnail_Dr.-Saulo-Teixeira-neurocirurgiao-e-professor-do-IDOMED-420x307.jpg",420,307,true],"mantranews-featured-long":["https:\/\/blogopara.com.br\/wp-content\/uploads\/2024\/11\/thumbnail_Dr.-Saulo-Teixeira-neurocirurgiao-e-professor-do-IDOMED-300x443.jpg",300,443,true],"mantranews-block-medium":["https:\/\/blogopara.com.br\/wp-content\/uploads\/2024\/11\/thumbnail_Dr.-Saulo-Teixeira-neurocirurgiao-e-professor-do-IDOMED-464x290.jpg",464,290,true],"mantranews-carousel-image":["https:\/\/blogopara.com.br\/wp-content\/uploads\/2024\/11\/thumbnail_Dr.-Saulo-Teixeira-neurocirurgiao-e-professor-do-IDOMED-500x500.jpg",500,500,true],"mantranews-block-thumb":["https:\/\/blogopara.com.br\/wp-content\/uploads\/2024\/11\/thumbnail_Dr.-Saulo-Teixeira-neurocirurgiao-e-professor-do-IDOMED-322x230.jpg",322,230,true],"mantranews-single-large":["https:\/\/blogopara.com.br\/wp-content\/uploads\/2024\/11\/thumbnail_Dr.-Saulo-Teixeira-neurocirurgiao-e-professor-do-IDOMED.jpg",500,573,false]},"uagb_author_info":{"display_name":"Reda\u00e7\u00e3o geral","author_link":"https:\/\/blogopara.com.br\/index.php\/author\/blogopara"},"uagb_comment_info":0,"uagb_excerpt":"Com o segundo dia de provas do Enem 2024 chegando neste domingo, dia10 de novembro, muitos candidatos est\u00e3o na reta final de prepara\u00e7\u00e3o. Ap\u00f3s meses de estudos e revis\u00f5es, a v\u00e9spera do exame \u00e9 um momento estrat\u00e9gico para garantir que os esfor\u00e7os sejam recompensados. Especialistas sugerem cuidados espec\u00edficos para essa \u00faltima etapa, como explica o&hellip;","jetpack_sharing_enabled":true,"jetpack_likes_enabled":true,"_links":{"self":[{"href":"https:\/\/blogopara.com.br\/index.php\/wp-json\/wp\/v2\/posts\/69543","targetHints":{"allow":["GET"]}}],"collection":[{"href":"https:\/\/blogopara.com.br\/index.php\/wp-json\/wp\/v2\/posts"}],"about":[{"href":"https:\/\/blogopara.com.br\/index.php\/wp-json\/wp\/v2\/types\/post"}],"author":[{"embeddable":true,"href":"https:\/\/blogopara.com.br\/index.php\/wp-json\/wp\/v2\/users\/1"}],"replies":[{"embeddable":true,"href":"https:\/\/blogopara.com.br\/index.php\/wp-json\/wp\/v2\/comments?post=69543"}],"version-history":[{"count":1,"href":"https:\/\/blogopara.com.br\/index.php\/wp-json\/wp\/v2\/posts\/69543\/revisions"}],"predecessor-version":[{"id":69545,"href":"https:\/\/blogopara.com.br\/index.php\/wp-json\/wp\/v2\/posts\/69543\/revisions\/69545"}],"wp:featuredmedia":[{"embeddable":true,"href":"https:\/\/blogopara.com.br\/index.php\/wp-json\/wp\/v2\/media\/69544"}],"wp:attachment":[{"href":"https:\/\/blogopara.com.br\/index.php\/wp-json\/wp\/v2\/media?parent=69543"}],"wp:term":[{"taxonomy":"category","embeddable":true,"href":"https:\/\/blogopara.com.br\/index.php\/wp-json\/wp\/v2\/categories?post=69543"},{"taxonomy":"post_tag","embeddable":true,"href":"https:\/\/blogopara.com.br\/index.php\/wp-json\/wp\/v2\/tags?post=69543"}],"curies":[{"name":"wp","href":"https:\/\/api.w.org\/{rel}","templated":true}]}}