{"id":69546,"date":"2024-11-09T12:57:00","date_gmt":"2024-11-09T15:57:00","guid":{"rendered":"https:\/\/blogopara.com.br\/?p=69546"},"modified":"2024-11-10T10:21:36","modified_gmt":"2024-11-10T13:21:36","slug":"prefeitura-de-juazeiro-anuncia-progressao-e-promocao-para-servidores-efetivos","status":"publish","type":"post","link":"https:\/\/blogopara.com.br\/index.php\/2024\/11\/09\/prefeitura-de-juazeiro-anuncia-progressao-e-promocao-para-servidores-efetivos","title":{"rendered":"Prefeitura de Juazeiro anuncia progress\u00e3o e promo\u00e7\u00e3o para servidores efetivos"},"content":{"rendered":"<p style=\"text-align: justify;\">A Prefeitura de Juazeiro vai realizar a progress\u00e3o e promo\u00e7\u00e3o dos servidores efetivos de todas as categorias, referente ao exerc\u00edcio de 2024. Esse ajuste ser\u00e1 incorporado ao sal\u00e1rio de novembro, refor\u00e7ando o compromisso da gest\u00e3o com a valoriza\u00e7\u00e3o dos profissionais que servem ao munic\u00edpio.<\/p>\n<p style=\"text-align: justify;\">Essas progress\u00f5es e promo\u00e7\u00f5es, que acontecem a cada dois anos, foram realizadas tr\u00eas vezes durante o mandato da prefeita Suzana Ramos. Al\u00e9m da de 2024, foram feitos os ajustes de 2020, que estava pendente e foi cumprido pela gest\u00e3o atual, e o de 2022. Desde que assumiu, Suzana restabeleceu os aumentos salariais previstos no Plano de Cargos, Carreira e Remunera\u00e7\u00e3o (PCCR), dando continuidade a essas valoriza\u00e7\u00f5es.<\/p>\n<p style=\"text-align: justify;\">Para a prefeita Suzana Ramos, valorizar os servidores \u00e9 essencial para um bom atendimento \u00e0 popula\u00e7\u00e3o. &#8220;Desde que assumi, temos tratado o servidor com respeito e aten\u00e7\u00e3o, sempre dialogando com todas as categorias. Concedemos direitos e benef\u00edcios dentro do or\u00e7amento e conseguimos o maior reajuste da hist\u00f3ria de Juazeiro, al\u00e9m da equipara\u00e7\u00e3o salarial para diversas \u00e1reas. Qualificar e investir nos nossos servidores \u00e9 uma prioridade&#8221;, destacou Suzana.<\/p>\n<p style=\"text-align: justify;\">Outras a\u00e7\u00f5es importantes<\/p>\n<p style=\"text-align: justify;\">Reajuste hist\u00f3rico em 2022: No contexto da pandemia de Covid-19, a Prefeitura concedeu um aumento de 11%, o maior reajuste salarial da hist\u00f3ria da cidade. A gest\u00e3o tamb\u00e9m reajustou diversas gratifica\u00e7\u00f5es que estavam congeladas para os servidores efetivos, como o aux\u00edlio alimenta\u00e7\u00e3o, a gratifica\u00e7\u00e3o por metas e tarefas e a regularizou a lei de insalubridade.<\/p>\n<div style=\"text-align: justify;\">&#8212;<\/div>\n<div style=\"text-align: justify;\">Texto: Matheus Oliveira &#8211; Ascom\/PMJ<\/div>\n","protected":false},"excerpt":{"rendered":"<p>A Prefeitura de Juazeiro vai realizar a progress\u00e3o e promo\u00e7\u00e3o dos servidores efetivos de todas as categorias, referente ao exerc\u00edcio de 2024. Esse ajuste ser\u00e1 incorporado ao sal\u00e1rio de novembro, refor\u00e7ando o compromisso da gest\u00e3o com a valoriza\u00e7\u00e3o dos profissionais que servem ao munic\u00edpio. Essas progress\u00f5es e promo\u00e7\u00f5es, que acontecem a cada dois anos, foram [&hellip;]<\/p>\n","protected":false},"author":1,"featured_media":69565,"comment_status":"open","ping_status":"open","sticky":false,"template":"","format":"standard","meta":{"_uag_custom_page_level_css":"","_monsterinsights_skip_tracking":false,"_monsterinsights_sitenote_active":false,"_monsterinsights_sitenote_note":"","_monsterinsights_sitenote_category":0,"jetpack_post_was_ever_published":false,"_jetpack_newsletter_access":"","_jetpack_dont_email_post_to_subs":false,"_jetpack_newsletter_tier_id":0,"_jetpack_memberships_contains_paywalled_content":false,"_jetpack_memberships_contains_paid_content":false,"footnotes":"","jetpack_publicize_message":"","jetpack_publicize_feature_enabled":true,"jetpack_social_post_already_shared":true,"jetpack_social_options":{"image_generator_settings":{"template":"highway","default_image_id":0,"font":"","enabled":false},"version":2}},"categories":[1505],"tags":[],"class_list":["post-69546","post","type-post","status-publish","format-standard","has-post-thumbnail","hentry","category-oportunidade"],"jetpack_publicize_connections":[],"jetpack_featured_media_url":"https:\/\/blogopara.com.br\/wp-content\/uploads\/2024\/11\/Prefeitura-de-Juazeiro-Paco-Municipal.jpg","uagb_featured_image_src":{"full":["https:\/\/blogopara.com.br\/wp-content\/uploads\/2024\/11\/Prefeitura-de-Juazeiro-Paco-Municipal.jpg",500,333,false],"thumbnail":["https:\/\/blogopara.com.br\/wp-content\/uploads\/2024\/11\/Prefeitura-de-Juazeiro-Paco-Municipal-150x150.jpg",150,150,true],"medium":["https:\/\/blogopara.com.br\/wp-content\/uploads\/2024\/11\/Prefeitura-de-Juazeiro-Paco-Municipal-300x200.jpg",300,200,true],"medium_large":["https:\/\/blogopara.com.br\/wp-content\/uploads\/2024\/11\/Prefeitura-de-Juazeiro-Paco-Municipal.jpg",500,333,false],"large":["https:\/\/blogopara.com.br\/wp-content\/uploads\/2024\/11\/Prefeitura-de-Juazeiro-Paco-Municipal.jpg",500,333,false],"1536x1536":["https:\/\/blogopara.com.br\/wp-content\/uploads\/2024\/11\/Prefeitura-de-Juazeiro-Paco-Municipal.jpg",500,333,false],"2048x2048":["https:\/\/blogopara.com.br\/wp-content\/uploads\/2024\/11\/Prefeitura-de-Juazeiro-Paco-Municipal.jpg",500,333,false],"mantranews-slider-large":["https:\/\/blogopara.com.br\/wp-content\/uploads\/2024\/11\/Prefeitura-de-Juazeiro-Paco-Municipal.jpg",500,333,false],"mantranews-featured-medium":["https:\/\/blogopara.com.br\/wp-content\/uploads\/2024\/11\/Prefeitura-de-Juazeiro-Paco-Municipal-420x307.jpg",420,307,true],"mantranews-featured-long":["https:\/\/blogopara.com.br\/wp-content\/uploads\/2024\/11\/Prefeitura-de-Juazeiro-Paco-Municipal-300x333.jpg",300,333,true],"mantranews-block-medium":["https:\/\/blogopara.com.br\/wp-content\/uploads\/2024\/11\/Prefeitura-de-Juazeiro-Paco-Municipal-464x290.jpg",464,290,true],"mantranews-carousel-image":["https:\/\/blogopara.com.br\/wp-content\/uploads\/2024\/11\/Prefeitura-de-Juazeiro-Paco-Municipal.jpg",500,333,false],"mantranews-block-thumb":["https:\/\/blogopara.com.br\/wp-content\/uploads\/2024\/11\/Prefeitura-de-Juazeiro-Paco-Municipal-322x230.jpg",322,230,true],"mantranews-single-large":["https:\/\/blogopara.com.br\/wp-content\/uploads\/2024\/11\/Prefeitura-de-Juazeiro-Paco-Municipal.jpg",500,333,false]},"uagb_author_info":{"display_name":"Reda\u00e7\u00e3o geral","author_link":"https:\/\/blogopara.com.br\/index.php\/author\/blogopara"},"uagb_comment_info":0,"uagb_excerpt":"A Prefeitura de Juazeiro vai realizar a progress\u00e3o e promo\u00e7\u00e3o dos servidores efetivos de todas as categorias, referente ao exerc\u00edcio de 2024. Esse ajuste ser\u00e1 incorporado ao sal\u00e1rio de novembro, refor\u00e7ando o compromisso da gest\u00e3o com a valoriza\u00e7\u00e3o dos profissionais que servem ao munic\u00edpio. Essas progress\u00f5es e promo\u00e7\u00f5es, que acontecem a cada dois anos, foram&hellip;","jetpack_sharing_enabled":true,"jetpack_likes_enabled":true,"_links":{"self":[{"href":"https:\/\/blogopara.com.br\/index.php\/wp-json\/wp\/v2\/posts\/69546","targetHints":{"allow":["GET"]}}],"collection":[{"href":"https:\/\/blogopara.com.br\/index.php\/wp-json\/wp\/v2\/posts"}],"about":[{"href":"https:\/\/blogopara.com.br\/index.php\/wp-json\/wp\/v2\/types\/post"}],"author":[{"embeddable":true,"href":"https:\/\/blogopara.com.br\/index.php\/wp-json\/wp\/v2\/users\/1"}],"replies":[{"embeddable":true,"href":"https:\/\/blogopara.com.br\/index.php\/wp-json\/wp\/v2\/comments?post=69546"}],"version-history":[{"count":3,"href":"https:\/\/blogopara.com.br\/index.php\/wp-json\/wp\/v2\/posts\/69546\/revisions"}],"predecessor-version":[{"id":69567,"href":"https:\/\/blogopara.com.br\/index.php\/wp-json\/wp\/v2\/posts\/69546\/revisions\/69567"}],"wp:featuredmedia":[{"embeddable":true,"href":"https:\/\/blogopara.com.br\/index.php\/wp-json\/wp\/v2\/media\/69565"}],"wp:attachment":[{"href":"https:\/\/blogopara.com.br\/index.php\/wp-json\/wp\/v2\/media?parent=69546"}],"wp:term":[{"taxonomy":"category","embeddable":true,"href":"https:\/\/blogopara.com.br\/index.php\/wp-json\/wp\/v2\/categories?post=69546"},{"taxonomy":"post_tag","embeddable":true,"href":"https:\/\/blogopara.com.br\/index.php\/wp-json\/wp\/v2\/tags?post=69546"}],"curies":[{"name":"wp","href":"https:\/\/api.w.org\/{rel}","templated":true}]}}