{"id":69627,"date":"2024-11-12T10:54:31","date_gmt":"2024-11-12T13:54:31","guid":{"rendered":"https:\/\/blogopara.com.br\/?p=69627"},"modified":"2024-11-12T10:54:34","modified_gmt":"2024-11-12T13:54:34","slug":"populacao-de-itamotinga-manifesta-descontentamento-com-a-decisao-do-governador-de-construir-escola-estadual-fora-da-sede-do-distrito","status":"publish","type":"post","link":"https:\/\/blogopara.com.br\/index.php\/2024\/11\/12\/populacao-de-itamotinga-manifesta-descontentamento-com-a-decisao-do-governador-de-construir-escola-estadual-fora-da-sede-do-distrito","title":{"rendered":"Popula\u00e7\u00e3o de Itamotinga manifesta descontentamento com a decis\u00e3o do Governador de construir Escola Estadual fora da sede do distrito"},"content":{"rendered":"<div class=\"post-content-area\">\n<p style=\"text-align: justify;\">Em e-mail encaminhado a Rede GN popula\u00e7\u00e3o do distrito de Itamotinga\u00a0manifestou\u00a0descontentamento com a decis\u00e3o do Governador Jer\u00f4nimo Rodrigues de construir Col\u00e9gio estadual fora da sede do distrito.<\/p>\n<p style=\"text-align: justify;\">Confira a mensagem:<\/p>\n<p style=\"text-align: justify;\">A popula\u00e7\u00e3o do distrito de Itamotinga vem por meio deste blog e das redes sociais contestar ao governador Jer\u00f4nimo e a Secretaria de Educa\u00e7\u00e3o da Bahia sobre o local da constru\u00e7\u00e3o da Escola Estadual de Itamotinga.<\/p>\n<p style=\"text-align: justify;\">J\u00e1 se sabe que a constru\u00e7\u00e3o deste novo equipamento de grande import\u00e2ncia para a educa\u00e7\u00e3o p\u00fablica do distrito, n\u00e3o ser\u00e1 realizada na sede de Itamotinga. A secretaria escolheu a comunidade do nh4 ( S\u00e3o Jos\u00e9), interior de Itamotinga. Diante desta escolha, a popula\u00e7\u00e3o Itamotinguense n\u00e3o concorda e acha injusto com a tal escolha, visto que a sede do distrito se encontra o maior n\u00famero de alunos.<\/p>\n<p style=\"text-align: justify;\">Ex-alunos lembraram da \u00e9poca que o ex-governador Jacques Wagner esteve em Itamotinga no ano de 2012, para entregar 9km de asfalto, onde os mesmos entregaram documentos solicitando a constru\u00e7\u00e3o desta escola.<\/p>\n<p style=\"text-align: justify;\">\u00a0Em outra oportunidade a comunidade do S\u00e3o Jos\u00e9 j\u00e1 recebeu uma escola de tempo integral municipal, chegou a hora da sede do distrito receber investimentos na educa\u00e7\u00e3o p\u00fablica tamb\u00e9m.<\/p>\n<p style=\"text-align: justify;\">Na noite desta segunda-feira, nas redes sociais, jovens da comunidade, publicaram um v\u00eddeo fazendo o apelo e movimentando o instagram do governador e da secret\u00e1ria de educa\u00e7\u00e3o. O v\u00eddeo segue com um n\u00famero grande de visualiza\u00e7\u00f5es e de coment\u00e1rios. Caso n\u00e3o recebam uma resposta, ou a abertura de um di\u00e1logo, a comunidade vai seguir para manifesta\u00e7\u00f5es mais incisivas<\/p>\n<\/div>\n<div class=\"post-footer\">\n<div class=\"tag-lists\" style=\"text-align: justify;\"><\/div>\n<\/div>\n","protected":false},"excerpt":{"rendered":"<p>Em e-mail encaminhado a Rede GN popula\u00e7\u00e3o do distrito de Itamotinga\u00a0manifestou\u00a0descontentamento com a decis\u00e3o do Governador Jer\u00f4nimo Rodrigues de construir Col\u00e9gio estadual fora da sede do distrito. Confira a mensagem: A popula\u00e7\u00e3o do distrito de Itamotinga vem por meio deste blog e das redes sociais contestar ao governador Jer\u00f4nimo e a Secretaria de Educa\u00e7\u00e3o da [&hellip;]<\/p>\n","protected":false},"author":1,"featured_media":54604,"comment_status":"open","ping_status":"open","sticky":false,"template":"","format":"standard","meta":{"_uag_custom_page_level_css":"","_monsterinsights_skip_tracking":false,"_monsterinsights_sitenote_active":false,"_monsterinsights_sitenote_note":"","_monsterinsights_sitenote_category":0,"jetpack_post_was_ever_published":false,"_jetpack_newsletter_access":"","_jetpack_dont_email_post_to_subs":false,"_jetpack_newsletter_tier_id":0,"_jetpack_memberships_contains_paywalled_content":false,"_jetpack_memberships_contains_paid_content":false,"footnotes":"","jetpack_publicize_message":"","jetpack_publicize_feature_enabled":true,"jetpack_social_post_already_shared":true,"jetpack_social_options":{"image_generator_settings":{"template":"highway","default_image_id":0,"font":"","enabled":false},"version":2}},"categories":[209],"tags":[],"class_list":["post-69627","post","type-post","status-publish","format-standard","has-post-thumbnail","hentry","category-educacao"],"jetpack_publicize_connections":[],"jetpack_featured_media_url":"https:\/\/blogopara.com.br\/wp-content\/uploads\/2023\/07\/JERONIMO-RODRIGUES-1-1-e1688497323804.jpeg","uagb_featured_image_src":{"full":["https:\/\/blogopara.com.br\/wp-content\/uploads\/2023\/07\/JERONIMO-RODRIGUES-1-1-e1688497323804.jpeg",500,241,false],"thumbnail":["https:\/\/blogopara.com.br\/wp-content\/uploads\/2023\/07\/JERONIMO-RODRIGUES-1-1-e1688497323804-150x150.jpeg",150,150,true],"medium":["https:\/\/blogopara.com.br\/wp-content\/uploads\/2023\/07\/JERONIMO-RODRIGUES-1-1-e1688497323804-300x145.jpeg",300,145,true],"medium_large":["https:\/\/blogopara.com.br\/wp-content\/uploads\/2023\/07\/JERONIMO-RODRIGUES-1-1-e1688497323804.jpeg",500,241,false],"large":["https:\/\/blogopara.com.br\/wp-content\/uploads\/2023\/07\/JERONIMO-RODRIGUES-1-1-e1688497323804.jpeg",500,241,false],"1536x1536":["https:\/\/blogopara.com.br\/wp-content\/uploads\/2023\/07\/JERONIMO-RODRIGUES-1-1-e1688497323804.jpeg",500,241,false],"2048x2048":["https:\/\/blogopara.com.br\/wp-content\/uploads\/2023\/07\/JERONIMO-RODRIGUES-1-1-e1688497323804.jpeg",500,241,false],"mantranews-slider-large":["https:\/\/blogopara.com.br\/wp-content\/uploads\/2023\/07\/JERONIMO-RODRIGUES-1-1-e1688497323804.jpeg",500,241,false],"mantranews-featured-medium":["https:\/\/blogopara.com.br\/wp-content\/uploads\/2023\/07\/JERONIMO-RODRIGUES-1-1-e1688497323804-420x241.jpeg",420,241,true],"mantranews-featured-long":["https:\/\/blogopara.com.br\/wp-content\/uploads\/2023\/07\/JERONIMO-RODRIGUES-1-1-e1688497323804-300x241.jpeg",300,241,true],"mantranews-block-medium":["https:\/\/blogopara.com.br\/wp-content\/uploads\/2023\/07\/JERONIMO-RODRIGUES-1-1-e1688497323804-464x241.jpeg",464,241,true],"mantranews-carousel-image":["https:\/\/blogopara.com.br\/wp-content\/uploads\/2023\/07\/JERONIMO-RODRIGUES-1-1-e1688497323804.jpeg",500,241,false],"mantranews-block-thumb":["https:\/\/blogopara.com.br\/wp-content\/uploads\/2023\/07\/JERONIMO-RODRIGUES-1-1-e1688497323804-322x230.jpeg",322,230,true],"mantranews-single-large":["https:\/\/blogopara.com.br\/wp-content\/uploads\/2023\/07\/JERONIMO-RODRIGUES-1-1-e1688497323804.jpeg",500,241,false]},"uagb_author_info":{"display_name":"Reda\u00e7\u00e3o geral","author_link":"https:\/\/blogopara.com.br\/index.php\/author\/blogopara"},"uagb_comment_info":0,"uagb_excerpt":"Em e-mail encaminhado a Rede GN popula\u00e7\u00e3o do distrito de Itamotinga\u00a0manifestou\u00a0descontentamento com a decis\u00e3o do Governador Jer\u00f4nimo Rodrigues de construir Col\u00e9gio estadual fora da sede do distrito. Confira a mensagem: A popula\u00e7\u00e3o do distrito de Itamotinga vem por meio deste blog e das redes sociais contestar ao governador Jer\u00f4nimo e a Secretaria de Educa\u00e7\u00e3o da&hellip;","jetpack_sharing_enabled":true,"jetpack_likes_enabled":true,"_links":{"self":[{"href":"https:\/\/blogopara.com.br\/index.php\/wp-json\/wp\/v2\/posts\/69627","targetHints":{"allow":["GET"]}}],"collection":[{"href":"https:\/\/blogopara.com.br\/index.php\/wp-json\/wp\/v2\/posts"}],"about":[{"href":"https:\/\/blogopara.com.br\/index.php\/wp-json\/wp\/v2\/types\/post"}],"author":[{"embeddable":true,"href":"https:\/\/blogopara.com.br\/index.php\/wp-json\/wp\/v2\/users\/1"}],"replies":[{"embeddable":true,"href":"https:\/\/blogopara.com.br\/index.php\/wp-json\/wp\/v2\/comments?post=69627"}],"version-history":[{"count":1,"href":"https:\/\/blogopara.com.br\/index.php\/wp-json\/wp\/v2\/posts\/69627\/revisions"}],"predecessor-version":[{"id":69628,"href":"https:\/\/blogopara.com.br\/index.php\/wp-json\/wp\/v2\/posts\/69627\/revisions\/69628"}],"wp:featuredmedia":[{"embeddable":true,"href":"https:\/\/blogopara.com.br\/index.php\/wp-json\/wp\/v2\/media\/54604"}],"wp:attachment":[{"href":"https:\/\/blogopara.com.br\/index.php\/wp-json\/wp\/v2\/media?parent=69627"}],"wp:term":[{"taxonomy":"category","embeddable":true,"href":"https:\/\/blogopara.com.br\/index.php\/wp-json\/wp\/v2\/categories?post=69627"},{"taxonomy":"post_tag","embeddable":true,"href":"https:\/\/blogopara.com.br\/index.php\/wp-json\/wp\/v2\/tags?post=69627"}],"curies":[{"name":"wp","href":"https:\/\/api.w.org\/{rel}","templated":true}]}}