{"id":69831,"date":"2024-11-20T09:31:12","date_gmt":"2024-11-20T12:31:12","guid":{"rendered":"https:\/\/blogopara.com.br\/?p=69831"},"modified":"2024-11-20T09:31:15","modified_gmt":"2024-11-20T12:31:15","slug":"pf-associa-plano-para-matar-lula-alckmin-e-moraes-a-trama-golpista-no-governo-bolsonaro","status":"publish","type":"post","link":"https:\/\/blogopara.com.br\/index.php\/2024\/11\/20\/pf-associa-plano-para-matar-lula-alckmin-e-moraes-a-trama-golpista-no-governo-bolsonaro","title":{"rendered":"PF associa plano para matar Lula, Alckmin e Moraes a trama golpista no governo Bolsonaro"},"content":{"rendered":"<p style=\"text-align: justify;\">A Pol\u00edcia Federal realizou nesta ter\u00e7a-feira (19) uma opera\u00e7\u00e3o que prendeu cinco suspeitos de atuar em um plano de golpe de Estado no Brasil, no fim de 2022, que envolveria matar o ent\u00e3o presidente eleito, Lula (PT), o vice Geraldo Alckmin (PSB) e o ministro Alexandre de Moraes, do STF (Supremo Tribunal Federal).<\/p>\n<p style=\"text-align: justify;\">A trama, na avalia\u00e7\u00e3o dos investigadores, refor\u00e7a as provas e os relatos obtidos pela PF sobre a participa\u00e7\u00e3o do ex-presidente Jair Bolsonaro (PL), de aliados e de militares nas discuss\u00f5es por um golpe que evitasse a posse de Lula.<\/p>\n<p style=\"text-align: justify;\">As informa\u00e7\u00f5es divulgadas pela PF nesta ter\u00e7a apontam pela primeira vez para um plano operacional de golpe de Estado articulado por integrantes do governo Bolsonaro. Fases anteriores da investiga\u00e7\u00e3o j\u00e1 haviam indicado discuss\u00f5es sobre minutas golpistas e press\u00f5es para os chefes das For\u00e7as Armadas apoiarem uma ruptura institucional.<\/p>\n<p style=\"text-align: justify;\">A opera\u00e7\u00e3o mirou agora um general da reserva, um policial federal e militares com forma\u00e7\u00e3o nas for\u00e7as especiais, os chamados \u201ckids pretos\u201d.<\/p>\n<p style=\"text-align: justify;\">As pris\u00f5es ocorreram menos de uma semana ap\u00f3s o atentado com explos\u00f5es na pra\u00e7a dos Tr\u00eas Poderes sobre o qual Moraes e o diretor-geral da PF, Andrei Rodrigues, anteciparam conclus\u00f5es que atrelam o epis\u00f3dio aos inqu\u00e9ritos que envolvem Bolsonaro e seus aliados.<\/p>\n<p style=\"text-align: justify;\">Ambos disseram que o atentado n\u00e3o fora um fato isolado e indicaram rela\u00e7\u00f5es com os outros casos relatados por Moraes sobre ataques \u00e0s institui\u00e7\u00f5es. O pedido de pris\u00e3o dos cinco suspeitos foi feito pela PF na quinta (14), um dia ap\u00f3s o ataque em que um homem se explodiu na frente do STF.<\/p>\n<p style=\"text-align: justify;\">Foram presos o general da reserva Mario Fernandes, os tenentes-coron\u00e9is H\u00e9lio Ferreira Lima, Rafael Martins de Oliveira e Rodrigo Bezerra de Azevedo e o policial federal Wladimir Matos Soares.<\/p>\n<p style=\"text-align: justify;\">A opera\u00e7\u00e3o foi autorizada no domingo (17) pelo pr\u00f3prio Moraes, que acumula papel de v\u00edtima e juiz do caso e cita ele mesmo ao longo da decis\u00e3o em terceira pessoa.<\/p>\n<p style=\"text-align: justify;\">Especialistas t\u00eam criticado a condu\u00e7\u00e3o de Moraes de casos que o atingem diretamente sob o argumento principal de que isso afeta a imparcialidade de um juiz.<\/p>\n<p style=\"text-align: justify;\">O desdobramento das investiga\u00e7\u00f5es, revelado nesta ter\u00e7a, indica que o general da reserva Mario Fernandes elaborou um plano operacional para impedir a ascens\u00e3o do novo governo. Ele foi secret\u00e1rio-executivo da Secretaria-Geral da Presid\u00eancia durante o governo Bolsonaro.<\/p>\n<p style=\"text-align: justify;\">Os detalhes do plano golpista estavam redigidos em um documento de tr\u00eas p\u00e1ginas, impresso no Pal\u00e1cio do Planalto na gest\u00e3o do ex-presidente e cuja execu\u00e7\u00e3o foi articulada com militares do Ex\u00e9rcito, segundo a PF.<\/p>\n<p style=\"text-align: justify;\">A investiga\u00e7\u00e3o cita ainda uma reuni\u00e3o na resid\u00eancia do ex-ministro da Defesa e vice na chapa de Bolsonaro, general Braga Netto, onde a ideia teria sido discutida.<\/p>\n<p style=\"text-align: justify;\">A miss\u00e3o chegou a ser colocada em pr\u00e1tica contra Moraes no dia 15 de dezembro de 2022, mas acabou abortada naquela noite com os oficiais j\u00e1 posicionados, de acordo com a PF.<\/p>\n<p style=\"text-align: justify;\">O planejamento foi chamado de \u201cPunhal Verde Amarelo\u201d. Ele definia uma s\u00e9rie de procedimentos a serem adotados para viabilizar a pris\u00e3o ou a morte das autoridades. O documento previa a participa\u00e7\u00e3o de seis pessoas, uso de armas e granadas e um prazo de duas semanas para a prepara\u00e7\u00e3o dos ataques.<\/p>\n<p style=\"text-align: justify;\">\u201cOutra possibilidade foi levantada para o cumprimento da Miss\u00e3o, buscando com elemento qu\u00edmico e\/ou biol\u00f3gico, o envenenamento do Alvo, preferencialmente, durante um Evento Oficial P\u00fablico. O nosso Rec (reconhecimento) tamb\u00e9m est\u00e1 levantando as condi\u00e7\u00f5es para tal L A\u00e7 (linha de a\u00e7\u00e3o)\u201d, diz trecho do documento obtido pelos investigadores.<\/p>\n<p style=\"text-align: justify;\">O plano do golpe dizia ser necess\u00e1rio ainda avaliar outros cen\u00e1rios para o assassinato das autoridades, como \u201ctiro \u00e0 curta, m\u00e9dia ou longa dist\u00e2ncia, emprego de muni\u00e7\u00e3o e\/ou artefato explosivo\u201d.<\/p>\n<p style=\"text-align: justify;\">O general Mario Fernandes destacava que a possibilidade de \u00eaxito da opera\u00e7\u00e3o golpista era \u201cm\u00e9dio, tendendo a alto\u201d. Os riscos colaterais seriam muito altos, segundo o documento, assim como os impactos pol\u00edticos e sociais.<\/p>\n<p style=\"text-align: justify;\">\u201cO documento evidencia que as a\u00e7\u00f5es de reconhecimento j\u00e1 estavam em curso, apresentando algumas dificuldades em rela\u00e7\u00e3o ao comboio e aos protocolos de seguran\u00e7a do alvo, no caso o ministro Alexandre de Moraes\u201d, diz a PF em relat\u00f3rio.<\/p>\n<p style=\"text-align: justify;\">A investiga\u00e7\u00e3o aponta que os planos golpistas dos militares aliados de Bolsonaro come\u00e7aram logo ap\u00f3s a derrota para Lula no segundo turno das elei\u00e7\u00f5es.<\/p>\n<p style=\"text-align: justify;\">Mario Fernandes esteve Bolsonaro no Pal\u00e1cio da Alvorada no dia 8 de novembro, segundo dados obtidos pela PF. Na dia seguinte, ele envia um \u00e1udio ao tenente-coronel Mauro Cid, ent\u00e3o ajudante de ordens de Bolsonaro, comemorando que o ent\u00e3o presidente aceitou o \u201cnosso assessoramento\u201d.<\/p>\n<p style=\"text-align: justify;\">Tamb\u00e9m no dia 9 de novembro, Mario Fernandes imprime pela primeira vez o plano golpista no Pal\u00e1cio do Planalto.<\/p>\n<p style=\"text-align: justify;\">Tr\u00eas dias depois, Mauro Cid se reuniu com os militares Rafael de Oliveira e H\u00e9lio Ferreira Lima na casa de Braga Netto. Foi nesse encontro, segundo a PF, que o plano do golpe teria sido apresentado e aprovado. E partir da\u00ed \u00e9 que a\u00e7\u00f5es, como o monitoramento de Moraes, foram iniciados.<\/p>\n<p style=\"text-align: justify;\">A reuni\u00e3o no apartamento de Braga Netto j\u00e1 era conhecida desde fevereiro, quando o general foi alvo de buscas da PF. Ele n\u00e3o foi alvo de pedido de pris\u00e3o ou de busca novamente pelo fato de a reuni\u00e3o j\u00e1 ter sido investigada no in\u00edcio do ano \u2014a opera\u00e7\u00e3o desta ter\u00e7a teve como foco os envolvidos na operacionaliza\u00e7\u00e3o da opera\u00e7\u00e3o, de acordo com os documentos da decis\u00e3o.<\/p>\n<p style=\"text-align: justify;\">O general nega a pessoas pr\u00f3ximas que tenha discutido temas golpistas. Procurada pela Folha, a defesa de Braga Netto afirmou que ainda n\u00e3o teve \u201cpleno acesso as investiga\u00e7\u00f5es\u201d, o que impossibilitaria qualquer manifesta\u00e7\u00e3o a respeito do caso.<\/p>\n<p style=\"text-align: justify;\">A reportagem n\u00e3o localizou as defesas dos presos na opera\u00e7\u00e3o da PF.<\/p>\n<p style=\"text-align: justify;\">Moraes cita, na decis\u00e3o, ind\u00edcios de autoria dos crimes de aboli\u00e7\u00e3o violenta do Estado democr\u00e1tico de Direito, tentativa de golpe de Estado e de associa\u00e7\u00e3o criminosa \u2014que podem resultar em at\u00e9 23 anos de penas.<\/p>\n<p style=\"text-align: justify;\">O avan\u00e7o das investiga\u00e7\u00f5es s\u00f3 foi poss\u00edvel, em partes, ap\u00f3s a PF ter recuperado arquivos deletados do celular de Mauro Cid. O tenente-coronel prestou novo depoimento nesta ter\u00e7a aos investigadores sobre os conte\u00fados apagados.<\/p>\n<p style=\"text-align: justify;\">Ele negou aos investigadores que saberia desses planos para matar Lula, Alckmin e Moraes.<\/p>\n<p style=\"text-align: justify;\">O militar fechou um acordo de dela\u00e7\u00e3o premiada no \u00faltimo ano, mas, nesta ter\u00e7a, a PF enviou um relat\u00f3rio a Moraes em que diz que Cid tem descumprido cl\u00e1usulas do acordo de dela\u00e7\u00e3o premiada.<\/p>\n<p style=\"text-align: justify;\">A expectativa \u00e9 que o ministro do Supremo decida nos pr\u00f3ximos dias se o acordo ser\u00e1 mantido. A eventual anula\u00e7\u00e3o da dela\u00e7\u00e3o deve manter v\u00e1lidas as provas e os depoimentos do militar, mas Cid pode perder os benef\u00edcios obtidos pelo acordo.<\/p>\n<p style=\"text-align: justify;\">\n<p style=\"text-align: justify;\"><span class=\"assinatura_exclusiva\">C\u00e9zar Feitoza, Fabio Serapi\u00e3o e Caio Cris\u00f3stomo\/Folhapress<\/span><\/p>\n","protected":false},"excerpt":{"rendered":"<p>A Pol\u00edcia Federal realizou nesta ter\u00e7a-feira (19) uma opera\u00e7\u00e3o que prendeu cinco suspeitos de atuar em um plano de golpe de Estado no Brasil, no fim de 2022, que envolveria matar o ent\u00e3o presidente eleito, Lula (PT), o vice Geraldo Alckmin (PSB) e o ministro Alexandre de Moraes, do STF (Supremo Tribunal Federal). A trama, [&hellip;]<\/p>\n","protected":false},"author":1,"featured_media":48691,"comment_status":"open","ping_status":"open","sticky":false,"template":"","format":"standard","meta":{"_uag_custom_page_level_css":"","_monsterinsights_skip_tracking":false,"_monsterinsights_sitenote_active":false,"_monsterinsights_sitenote_note":"","_monsterinsights_sitenote_category":0,"jetpack_post_was_ever_published":false,"_jetpack_newsletter_access":"","_jetpack_dont_email_post_to_subs":false,"_jetpack_newsletter_tier_id":0,"_jetpack_memberships_contains_paywalled_content":false,"_jetpack_memberships_contains_paid_content":false,"footnotes":"","jetpack_publicize_message":"","jetpack_publicize_feature_enabled":true,"jetpack_social_post_already_shared":true,"jetpack_social_options":{"image_generator_settings":{"template":"highway","default_image_id":0,"font":"","enabled":false},"version":2}},"categories":[200],"tags":[],"class_list":["post-69831","post","type-post","status-publish","format-standard","has-post-thumbnail","hentry","category-brasil"],"jetpack_publicize_connections":[],"jetpack_featured_media_url":"https:\/\/blogopara.com.br\/wp-content\/uploads\/2023\/01\/jair-bolsonaro-1.jpg","uagb_featured_image_src":{"full":["https:\/\/blogopara.com.br\/wp-content\/uploads\/2023\/01\/jair-bolsonaro-1.jpg",499,334,false],"thumbnail":["https:\/\/blogopara.com.br\/wp-content\/uploads\/2023\/01\/jair-bolsonaro-1-150x150.jpg",150,150,true],"medium":["https:\/\/blogopara.com.br\/wp-content\/uploads\/2023\/01\/jair-bolsonaro-1-300x201.jpg",300,201,true],"medium_large":["https:\/\/blogopara.com.br\/wp-content\/uploads\/2023\/01\/jair-bolsonaro-1.jpg",499,334,false],"large":["https:\/\/blogopara.com.br\/wp-content\/uploads\/2023\/01\/jair-bolsonaro-1.jpg",499,334,false],"1536x1536":["https:\/\/blogopara.com.br\/wp-content\/uploads\/2023\/01\/jair-bolsonaro-1.jpg",499,334,false],"2048x2048":["https:\/\/blogopara.com.br\/wp-content\/uploads\/2023\/01\/jair-bolsonaro-1.jpg",499,334,false],"mantranews-slider-large":["https:\/\/blogopara.com.br\/wp-content\/uploads\/2023\/01\/jair-bolsonaro-1.jpg",499,334,false],"mantranews-featured-medium":["https:\/\/blogopara.com.br\/wp-content\/uploads\/2023\/01\/jair-bolsonaro-1-420x307.jpg",420,307,true],"mantranews-featured-long":["https:\/\/blogopara.com.br\/wp-content\/uploads\/2023\/01\/jair-bolsonaro-1-300x334.jpg",300,334,true],"mantranews-block-medium":["https:\/\/blogopara.com.br\/wp-content\/uploads\/2023\/01\/jair-bolsonaro-1-464x290.jpg",464,290,true],"mantranews-carousel-image":["https:\/\/blogopara.com.br\/wp-content\/uploads\/2023\/01\/jair-bolsonaro-1.jpg",499,334,false],"mantranews-block-thumb":["https:\/\/blogopara.com.br\/wp-content\/uploads\/2023\/01\/jair-bolsonaro-1-322x230.jpg",322,230,true],"mantranews-single-large":["https:\/\/blogopara.com.br\/wp-content\/uploads\/2023\/01\/jair-bolsonaro-1.jpg",499,334,false]},"uagb_author_info":{"display_name":"Reda\u00e7\u00e3o geral","author_link":"https:\/\/blogopara.com.br\/index.php\/author\/blogopara"},"uagb_comment_info":0,"uagb_excerpt":"A Pol\u00edcia Federal realizou nesta ter\u00e7a-feira (19) uma opera\u00e7\u00e3o que prendeu cinco suspeitos de atuar em um plano de golpe de Estado no Brasil, no fim de 2022, que envolveria matar o ent\u00e3o presidente eleito, Lula (PT), o vice Geraldo Alckmin (PSB) e o ministro Alexandre de Moraes, do STF (Supremo Tribunal Federal). A trama,&hellip;","jetpack_sharing_enabled":true,"jetpack_likes_enabled":true,"_links":{"self":[{"href":"https:\/\/blogopara.com.br\/index.php\/wp-json\/wp\/v2\/posts\/69831","targetHints":{"allow":["GET"]}}],"collection":[{"href":"https:\/\/blogopara.com.br\/index.php\/wp-json\/wp\/v2\/posts"}],"about":[{"href":"https:\/\/blogopara.com.br\/index.php\/wp-json\/wp\/v2\/types\/post"}],"author":[{"embeddable":true,"href":"https:\/\/blogopara.com.br\/index.php\/wp-json\/wp\/v2\/users\/1"}],"replies":[{"embeddable":true,"href":"https:\/\/blogopara.com.br\/index.php\/wp-json\/wp\/v2\/comments?post=69831"}],"version-history":[{"count":1,"href":"https:\/\/blogopara.com.br\/index.php\/wp-json\/wp\/v2\/posts\/69831\/revisions"}],"predecessor-version":[{"id":69832,"href":"https:\/\/blogopara.com.br\/index.php\/wp-json\/wp\/v2\/posts\/69831\/revisions\/69832"}],"wp:featuredmedia":[{"embeddable":true,"href":"https:\/\/blogopara.com.br\/index.php\/wp-json\/wp\/v2\/media\/48691"}],"wp:attachment":[{"href":"https:\/\/blogopara.com.br\/index.php\/wp-json\/wp\/v2\/media?parent=69831"}],"wp:term":[{"taxonomy":"category","embeddable":true,"href":"https:\/\/blogopara.com.br\/index.php\/wp-json\/wp\/v2\/categories?post=69831"},{"taxonomy":"post_tag","embeddable":true,"href":"https:\/\/blogopara.com.br\/index.php\/wp-json\/wp\/v2\/tags?post=69831"}],"curies":[{"name":"wp","href":"https:\/\/api.w.org\/{rel}","templated":true}]}}