{"id":69833,"date":"2024-11-20T09:36:00","date_gmt":"2024-11-20T12:36:00","guid":{"rendered":"https:\/\/blogopara.com.br\/?p=69833"},"modified":"2024-11-20T09:36:02","modified_gmt":"2024-11-20T12:36:02","slug":"incendios-aumentam-em-outubro-e-area-destruida-no-brasil-em-2024-ja-equivale-ao-territorio-de-tocantins","status":"publish","type":"post","link":"https:\/\/blogopara.com.br\/index.php\/2024\/11\/20\/incendios-aumentam-em-outubro-e-area-destruida-no-brasil-em-2024-ja-equivale-ao-territorio-de-tocantins","title":{"rendered":"Inc\u00eandios aumentam em outubro, e \u00e1rea destru\u00edda no Brasil em 2024 j\u00e1 equivale ao territ\u00f3rio de Tocantins"},"content":{"rendered":"<p style=\"text-align: justify;\">O \u00edndice de queimadas em outubro no Brasil caiu pela metade, comparado com o m\u00eas anterior, quando o pa\u00eds batera recorde de destrui\u00e7\u00e3o. Contudo, a devasta\u00e7\u00e3o ainda \u00e9 extensa e, no ano, a perda de cobertura vegetal equivale ao tamanho do estado de Tocantins.<\/p>\n<p style=\"text-align: justify;\">Segundo o MapBiomas, tr\u00eas a cada quatro quil\u00f4metros quadrados queimados (74%) de janeiro a outubro eram de vegeta\u00e7\u00e3o nativa. As \u00e1reas de forma\u00e7\u00f5es florestais concentraram um quarto (25%) do total.<\/p>\n<p style=\"text-align: justify;\">O estado mais afetado pelas queimadas em outubro foi o Par\u00e1, que deve sediar a confer\u00eancia sobre mudan\u00e7a do clima da ONU (Organiza\u00e7\u00f5es das Na\u00e7\u00f5es Unidas), a COP30, em 2025. Ao todo, o estado perdeu 15.130 km\u00b2 com os inc\u00eandios, um aumento de 46% em rela\u00e7\u00e3o ao mesmo m\u00eas do ano anterior.<\/p>\n<p style=\"text-align: justify;\">Entre os munic\u00edpios paraenses mais atingidos est\u00e3o: S\u00e3o F\u00e9lix do Xingu (3.690 km\u00b2), Altamira (2.002 km\u00b2) e Novo Progresso (1.964 km\u00b2).<\/p>\n<p style=\"text-align: justify;\">Em nota divulgada na segunda-feira (18), o MPF (Minist\u00e9rio P\u00fablico Federal) voltou a cobrar, principalmente do governo do Par\u00e1, a ado\u00e7\u00e3o de medidas urgentes para o combate \u00e0s queimadas. Os pedidos de provid\u00eancias, que refor\u00e7am uma s\u00e9rie de requerimentos j\u00e1 feitos pelo MPF nos \u00faltimos meses, foram encaminhados a \u00f3rg\u00e3os p\u00fablicos estaduais e federais.<\/p>\n<p style=\"text-align: justify;\">\u201cA propaganda do Estado do Par\u00e1 em rela\u00e7\u00e3o \u00e0s a\u00e7\u00f5es de combate \u00e0s queimadas, especialmente durante a 29\u00aa Confer\u00eancia das Na\u00e7\u00f5es Unidas para a Mudan\u00e7a Clim\u00e1tica [COP29], no Azerbaij\u00e3o, \u00e9, no m\u00ednimo, irrespons\u00e1vel\u201d, diz trecho do comunicado.<\/p>\n<p style=\"text-align: justify;\">\u201cO MPF ressalta que a discrep\u00e2ncia entre o discurso e a pr\u00e1tica do governo coloca em xeque a seriedade do compromisso do Estado do Par\u00e1 com a preserva\u00e7\u00e3o ambiental e com o combate verdadeiro \u00e0s mudan\u00e7as clim\u00e1ticas\u201d, acrescentou.<\/p>\n<p style=\"text-align: justify;\">\n<p style=\"text-align: justify;\"><span class=\"assinatura_exclusiva\">Jorge Abreu, Folhapress<\/span><\/p>\n","protected":false},"excerpt":{"rendered":"<p>O \u00edndice de queimadas em outubro no Brasil caiu pela metade, comparado com o m\u00eas anterior, quando o pa\u00eds batera recorde de destrui\u00e7\u00e3o. Contudo, a devasta\u00e7\u00e3o ainda \u00e9 extensa e, no ano, a perda de cobertura vegetal equivale ao tamanho do estado de Tocantins. Segundo o MapBiomas, tr\u00eas a cada quatro quil\u00f4metros quadrados queimados (74%) [&hellip;]<\/p>\n","protected":false},"author":1,"featured_media":63577,"comment_status":"open","ping_status":"open","sticky":false,"template":"","format":"standard","meta":{"_uag_custom_page_level_css":"","_monsterinsights_skip_tracking":false,"_monsterinsights_sitenote_active":false,"_monsterinsights_sitenote_note":"","_monsterinsights_sitenote_category":0,"jetpack_post_was_ever_published":false,"_jetpack_newsletter_access":"","_jetpack_dont_email_post_to_subs":false,"_jetpack_newsletter_tier_id":0,"_jetpack_memberships_contains_paywalled_content":false,"_jetpack_memberships_contains_paid_content":false,"footnotes":"","jetpack_publicize_message":"","jetpack_publicize_feature_enabled":true,"jetpack_social_post_already_shared":true,"jetpack_social_options":{"image_generator_settings":{"template":"highway","default_image_id":0,"font":"","enabled":false},"version":2}},"categories":[200],"tags":[],"class_list":["post-69833","post","type-post","status-publish","format-standard","has-post-thumbnail","hentry","category-brasil"],"jetpack_publicize_connections":[],"jetpack_featured_media_url":"https:\/\/blogopara.com.br\/wp-content\/uploads\/2024\/03\/queimada-amazonia.jpg","uagb_featured_image_src":{"full":["https:\/\/blogopara.com.br\/wp-content\/uploads\/2024\/03\/queimada-amazonia.jpg",500,281,false],"thumbnail":["https:\/\/blogopara.com.br\/wp-content\/uploads\/2024\/03\/queimada-amazonia-150x150.jpg",150,150,true],"medium":["https:\/\/blogopara.com.br\/wp-content\/uploads\/2024\/03\/queimada-amazonia-300x169.jpg",300,169,true],"medium_large":["https:\/\/blogopara.com.br\/wp-content\/uploads\/2024\/03\/queimada-amazonia.jpg",500,281,false],"large":["https:\/\/blogopara.com.br\/wp-content\/uploads\/2024\/03\/queimada-amazonia.jpg",500,281,false],"1536x1536":["https:\/\/blogopara.com.br\/wp-content\/uploads\/2024\/03\/queimada-amazonia.jpg",500,281,false],"2048x2048":["https:\/\/blogopara.com.br\/wp-content\/uploads\/2024\/03\/queimada-amazonia.jpg",500,281,false],"mantranews-slider-large":["https:\/\/blogopara.com.br\/wp-content\/uploads\/2024\/03\/queimada-amazonia.jpg",500,281,false],"mantranews-featured-medium":["https:\/\/blogopara.com.br\/wp-content\/uploads\/2024\/03\/queimada-amazonia-420x281.jpg",420,281,true],"mantranews-featured-long":["https:\/\/blogopara.com.br\/wp-content\/uploads\/2024\/03\/queimada-amazonia-300x281.jpg",300,281,true],"mantranews-block-medium":["https:\/\/blogopara.com.br\/wp-content\/uploads\/2024\/03\/queimada-amazonia-464x281.jpg",464,281,true],"mantranews-carousel-image":["https:\/\/blogopara.com.br\/wp-content\/uploads\/2024\/03\/queimada-amazonia.jpg",500,281,false],"mantranews-block-thumb":["https:\/\/blogopara.com.br\/wp-content\/uploads\/2024\/03\/queimada-amazonia-322x230.jpg",322,230,true],"mantranews-single-large":["https:\/\/blogopara.com.br\/wp-content\/uploads\/2024\/03\/queimada-amazonia.jpg",500,281,false]},"uagb_author_info":{"display_name":"Reda\u00e7\u00e3o geral","author_link":"https:\/\/blogopara.com.br\/index.php\/author\/blogopara"},"uagb_comment_info":0,"uagb_excerpt":"O \u00edndice de queimadas em outubro no Brasil caiu pela metade, comparado com o m\u00eas anterior, quando o pa\u00eds batera recorde de destrui\u00e7\u00e3o. Contudo, a devasta\u00e7\u00e3o ainda \u00e9 extensa e, no ano, a perda de cobertura vegetal equivale ao tamanho do estado de Tocantins. Segundo o MapBiomas, tr\u00eas a cada quatro quil\u00f4metros quadrados queimados (74%)&hellip;","jetpack_sharing_enabled":true,"jetpack_likes_enabled":true,"_links":{"self":[{"href":"https:\/\/blogopara.com.br\/index.php\/wp-json\/wp\/v2\/posts\/69833","targetHints":{"allow":["GET"]}}],"collection":[{"href":"https:\/\/blogopara.com.br\/index.php\/wp-json\/wp\/v2\/posts"}],"about":[{"href":"https:\/\/blogopara.com.br\/index.php\/wp-json\/wp\/v2\/types\/post"}],"author":[{"embeddable":true,"href":"https:\/\/blogopara.com.br\/index.php\/wp-json\/wp\/v2\/users\/1"}],"replies":[{"embeddable":true,"href":"https:\/\/blogopara.com.br\/index.php\/wp-json\/wp\/v2\/comments?post=69833"}],"version-history":[{"count":1,"href":"https:\/\/blogopara.com.br\/index.php\/wp-json\/wp\/v2\/posts\/69833\/revisions"}],"predecessor-version":[{"id":69834,"href":"https:\/\/blogopara.com.br\/index.php\/wp-json\/wp\/v2\/posts\/69833\/revisions\/69834"}],"wp:featuredmedia":[{"embeddable":true,"href":"https:\/\/blogopara.com.br\/index.php\/wp-json\/wp\/v2\/media\/63577"}],"wp:attachment":[{"href":"https:\/\/blogopara.com.br\/index.php\/wp-json\/wp\/v2\/media?parent=69833"}],"wp:term":[{"taxonomy":"category","embeddable":true,"href":"https:\/\/blogopara.com.br\/index.php\/wp-json\/wp\/v2\/categories?post=69833"},{"taxonomy":"post_tag","embeddable":true,"href":"https:\/\/blogopara.com.br\/index.php\/wp-json\/wp\/v2\/tags?post=69833"}],"curies":[{"name":"wp","href":"https:\/\/api.w.org\/{rel}","templated":true}]}}