{"id":6991,"date":"2020-02-05T14:03:44","date_gmt":"2020-02-05T17:03:44","guid":{"rendered":"http:\/\/blogopara.com.br\/?p=6991"},"modified":"2020-02-05T14:03:54","modified_gmt":"2020-02-05T17:03:54","slug":"coronel-anselmo-bispo-apresenta-o-plano-de-seguranca-para-o-carnaval-de-juazeiro-2020","status":"publish","type":"post","link":"https:\/\/blogopara.com.br\/index.php\/2020\/02\/05\/coronel-anselmo-bispo-apresenta-o-plano-de-seguranca-para-o-carnaval-de-juazeiro-2020","title":{"rendered":"Coronel Anselmo Bispo, apresenta o Plano de Seguran\u00e7a para o Carnaval de Juazeiro 2020."},"content":{"rendered":"<p class=\"XzvDs _208Ie _1dH_e blog-post-text-font blog-post-text-color _2QAo- _1iXso _1cvSD _1dH_e\" style=\"text-align: justify;\">Na manh\u00e3 desta ter\u00e7a-feira (04), o Comando de Policiamento da Regi\u00e3o Norte (CPRN) realizou o Lan\u00e7amento do Plano Operacional de Seguran\u00e7a que estar\u00e1 sendo utilizado no Carnaval de Juazeiro 2020. O encontro foi realizado no audit\u00f3rio do Grande Hotel de Juazeiro e contou com a presen\u00e7a de autoridades civis e militares, al\u00e9m de representantes da imprensa local.<\/p>\n<p class=\"XzvDs _208Ie _1dH_e blog-post-text-font blog-post-text-color _2QAo- _1iXso _1cvSD _1dH_e\" style=\"text-align: justify;\">Na ocasi\u00e3o, as institui\u00e7\u00f5es envolvidas na seguran\u00e7a da popula\u00e7\u00e3o, durante os tr\u00eas dias de Carnaval, apresentaram informa\u00e7\u00f5es sobre suas a\u00e7\u00f5es a condu\u00e7\u00e3o das opera\u00e7\u00f5es durante as festividades, com destaque para o Corpo de Bombeiros Militar, que far\u00e1 uso de um bote e uma moto aqu\u00e1tica (Jet Ski), para opera\u00e7\u00f5es em ambiente aqu\u00e1tico e a Pol\u00edcia Militar que apresentou o aplicativo &#8220;SOS Mulher Ju\u00e1&#8221;, uma inova\u00e7\u00e3o em todo o estado da Bahia e que tem como fun\u00e7\u00e3o, trazer maior seguran\u00e7a para as mulheres que s\u00e3o v\u00edtimas de viol\u00eancia ou abuso dom\u00e9stico. As Pol\u00edcias Civ\u00edl e T\u00e9cnica tamb\u00e9m estar\u00e3o atuando no Carnaval, fortalecendo a seguran\u00e7a para os foli\u00f5es.<\/p>\n<p class=\"XzvDs _208Ie _1dH_e blog-post-text-font blog-post-text-color _2QAo- _1iXso _1cvSD _1dH_e\" style=\"text-align: justify;\">A Ten PM D\u00e1lete Brand\u00e3o \u00e9 a Comandante da Ronda Maria da Penha em Juazeiro. Ela nos falou sobre o aplicativo &#8220;SOS Mulher Ju\u00e1&#8221; e sua import\u00e2ncia na comunidade.<\/p>\n<p style=\"text-align: justify;\"><img decoding=\"async\" src=\"https:\/\/static.wixstatic.com\/media\/921cf3_ff7b59d8234748099c06fcbd2ebf8271~mv2.jpg\/v1\/fill\/w_740,h_493,al_c,q_90,usm_0.66_1.00_0.01\/921cf3_ff7b59d8234748099c06fcbd2ebf8271~mv2.webp\" \/><\/p>\n<p class=\"XzvDs _208Ie _1dH_e blog-post-text-font blog-post-text-color _2QAo- _1iXso _1cvSD _1dH_e\" style=\"text-align: justify;\">O Cel PM Anselmo Bispo, Comandante de Policiamento da Regi\u00e3o Norte tem \u00f3timas expectativas no trabalho a ser realizado pelas institui\u00e7\u00f5es neste ano, e enfatiza que as pessoas deve sair de casa desarmadas, pois o Carnaval \u00e9 uma festa para todos se divertirem.<\/p>\n<pre>Fonte: Cartaz da Cidade<\/pre>\n<p class=\"XzvDs _208Ie _1dH_e blog-post-text-font blog-post-text-color _2QAo- _25MYV _3ZX8L _1dH_e\" style=\"text-align: justify;\">\n","protected":false},"excerpt":{"rendered":"<p>&#8220;O carnaval vem sendo planejado desde o ano passado, esse ano teremos o refor\u00e7o de policiais na rua&#8221;<\/p>\n","protected":false},"author":1,"featured_media":6993,"comment_status":"open","ping_status":"open","sticky":false,"template":"","format":"standard","meta":{"_uag_custom_page_level_css":"","_monsterinsights_skip_tracking":false,"_monsterinsights_sitenote_active":false,"_monsterinsights_sitenote_note":"","_monsterinsights_sitenote_category":0,"jetpack_post_was_ever_published":false,"_jetpack_newsletter_access":"","_jetpack_dont_email_post_to_subs":false,"_jetpack_newsletter_tier_id":0,"_jetpack_memberships_contains_paywalled_content":false,"_jetpack_memberships_contains_paid_content":false,"footnotes":"","jetpack_publicize_message":"","jetpack_publicize_feature_enabled":true,"jetpack_social_post_already_shared":true,"jetpack_social_options":{"image_generator_settings":{"template":"highway","default_image_id":0,"font":"","enabled":false},"version":2}},"categories":[203],"tags":[1462],"class_list":["post-6991","post","type-post","status-publish","format-standard","has-post-thumbnail","hentry","category-juazeiro","tag-carnaval-2020"],"jetpack_publicize_connections":[],"jetpack_featured_media_url":"https:\/\/blogopara.com.br\/wp-content\/uploads\/2020\/02\/anselmo.jpg","uagb_featured_image_src":{"full":["https:\/\/blogopara.com.br\/wp-content\/uploads\/2020\/02\/anselmo.jpg",678,381,false],"thumbnail":["https:\/\/blogopara.com.br\/wp-content\/uploads\/2020\/02\/anselmo-150x150.jpg",150,150,true],"medium":["https:\/\/blogopara.com.br\/wp-content\/uploads\/2020\/02\/anselmo-300x169.jpg",300,169,true],"medium_large":["https:\/\/blogopara.com.br\/wp-content\/uploads\/2020\/02\/anselmo.jpg",640,360,false],"large":["https:\/\/blogopara.com.br\/wp-content\/uploads\/2020\/02\/anselmo.jpg",640,360,false],"1536x1536":["https:\/\/blogopara.com.br\/wp-content\/uploads\/2020\/02\/anselmo.jpg",678,381,false],"2048x2048":["https:\/\/blogopara.com.br\/wp-content\/uploads\/2020\/02\/anselmo.jpg",678,381,false],"mantranews-slider-large":["https:\/\/blogopara.com.br\/wp-content\/uploads\/2020\/02\/anselmo.jpg",678,381,false],"mantranews-featured-medium":["https:\/\/blogopara.com.br\/wp-content\/uploads\/2020\/02\/anselmo.jpg",420,236,false],"mantranews-featured-long":["https:\/\/blogopara.com.br\/wp-content\/uploads\/2020\/02\/anselmo.jpg",300,169,false],"mantranews-block-medium":["https:\/\/blogopara.com.br\/wp-content\/uploads\/2020\/02\/anselmo.jpg",464,261,false],"mantranews-carousel-image":["https:\/\/blogopara.com.br\/wp-content\/uploads\/2020\/02\/anselmo.jpg",600,337,false],"mantranews-block-thumb":["https:\/\/blogopara.com.br\/wp-content\/uploads\/2020\/02\/anselmo.jpg",322,181,false],"mantranews-single-large":["https:\/\/blogopara.com.br\/wp-content\/uploads\/2020\/02\/anselmo.jpg",678,381,false]},"uagb_author_info":{"display_name":"Reda\u00e7\u00e3o geral","author_link":"https:\/\/blogopara.com.br\/index.php\/author\/blogopara"},"uagb_comment_info":0,"uagb_excerpt":"\"O carnaval vem sendo planejado desde o ano passado, esse ano teremos o refor\u00e7o de policiais na rua\"","jetpack_sharing_enabled":true,"jetpack_likes_enabled":true,"_links":{"self":[{"href":"https:\/\/blogopara.com.br\/index.php\/wp-json\/wp\/v2\/posts\/6991","targetHints":{"allow":["GET"]}}],"collection":[{"href":"https:\/\/blogopara.com.br\/index.php\/wp-json\/wp\/v2\/posts"}],"about":[{"href":"https:\/\/blogopara.com.br\/index.php\/wp-json\/wp\/v2\/types\/post"}],"author":[{"embeddable":true,"href":"https:\/\/blogopara.com.br\/index.php\/wp-json\/wp\/v2\/users\/1"}],"replies":[{"embeddable":true,"href":"https:\/\/blogopara.com.br\/index.php\/wp-json\/wp\/v2\/comments?post=6991"}],"version-history":[{"count":2,"href":"https:\/\/blogopara.com.br\/index.php\/wp-json\/wp\/v2\/posts\/6991\/revisions"}],"predecessor-version":[{"id":6994,"href":"https:\/\/blogopara.com.br\/index.php\/wp-json\/wp\/v2\/posts\/6991\/revisions\/6994"}],"wp:featuredmedia":[{"embeddable":true,"href":"https:\/\/blogopara.com.br\/index.php\/wp-json\/wp\/v2\/media\/6993"}],"wp:attachment":[{"href":"https:\/\/blogopara.com.br\/index.php\/wp-json\/wp\/v2\/media?parent=6991"}],"wp:term":[{"taxonomy":"category","embeddable":true,"href":"https:\/\/blogopara.com.br\/index.php\/wp-json\/wp\/v2\/categories?post=6991"},{"taxonomy":"post_tag","embeddable":true,"href":"https:\/\/blogopara.com.br\/index.php\/wp-json\/wp\/v2\/tags?post=6991"}],"curies":[{"name":"wp","href":"https:\/\/api.w.org\/{rel}","templated":true}]}}