{"id":6995,"date":"2020-02-05T18:06:18","date_gmt":"2020-02-05T21:06:18","guid":{"rendered":"http:\/\/blogopara.com.br\/?p=6995"},"modified":"2020-02-05T18:07:35","modified_gmt":"2020-02-05T21:07:35","slug":"juazeiro-carnaval-pode-custar-cerca-de-5-milhoes-de-reais","status":"publish","type":"post","link":"https:\/\/blogopara.com.br\/index.php\/2020\/02\/05\/juazeiro-carnaval-pode-custar-cerca-de-5-milhoes-de-reais","title":{"rendered":"Juazeiro: Carnaval pode custar cerca de 5 milh\u00f5es de reais"},"content":{"rendered":"<p style=\"text-align: justify;\">O carnaval \u00e9, sem d\u00favida, a festa mais popular do Brasil. Em todos os cantos, h\u00e1 uma folia acontecendo. \u00c9 at\u00e9 dif\u00edcil conseguir viajar para algum lugar onde n\u00e3o haja uma folia acontecendo.<\/p>\n<p style=\"text-align: justify;\">Imaginar um ano sem ter carnaval para alguns \u00e9 at\u00e9 uma tortura, uma possibilidade inimagin\u00e1vel!<\/p>\n<p style=\"text-align: justify;\">Mas algumas cidades decidiram n\u00e3o realizar o carnaval, corajosamente os prefeitos fizeram op\u00e7\u00e3o pol\u00edtica (em ano de elei\u00e7\u00f5es) de investir em educa\u00e7\u00e3o e sa\u00fade, do que na festa de momo. Suic\u00eddio pol\u00edtico?<\/p>\n<p style=\"text-align: justify;\">N\u00e3o \u00e9 um suic\u00eddio, \u00e9 coer\u00eancia no uso e destina\u00e7\u00e3o dos recursos p\u00fablicos em tempos dif\u00edceis. Embora o argumento de que n\u00e3o se gasta com o carnaval, mas se investe, porque o retorno em arrecada\u00e7\u00e3o \u00e9 muito maior do que se investe, mas por que n\u00e3o baratear esses custos? Por que n\u00e3o se faz capta\u00e7\u00e3o de recursos com a iniciativa privada? Por que em Juazeiro acontecer o contr\u00e1rio, o privado \u00e9 que lucra sem fazer grandes investimentos?<\/p>\n<p style=\"text-align: justify;\">Defendemos o carnaval, mas que seja feito para o povo, com o povo nas ruas, e n\u00e3o em cercadinhos priv\u00ea, para uma minoria. A prefeitura pode fazer um carnaval de rua, uma festa mais popular, no sentido de uma festa para o povo realmente. Com atra\u00e7\u00f5es culturais que todos possam fazer parte, com a valoriza\u00e7\u00e3o dos artistas locais e parcerias, inclusive com as marcas de cerveja, pelo que parece, \u00e9 quem mais lucra com o carnaval.<\/p>\n<p style=\"text-align: justify;\">O carnaval de Juazeiro pode chegar a custa cerca de 5 milh\u00f5es aos cofres p\u00fablicos, para uma prefeitura que tem dificuldades de honra uma d\u00edvida com um hospital no valor de 1 milh\u00e3o, somente resta fazer a compara\u00e7\u00e3o: \u00e9 melhor ter carnaval ou sa\u00fade funcionando e para todos?<\/p>\n","protected":false},"excerpt":{"rendered":"<p>Uma prefeitura que baixa v\u00e1rios decretos de redu\u00e7\u00e3o de custos, reduz o hor\u00e1rio de expediente para economizar, mas n\u00e3o deixa de contratar funcion\u00e1rios e realizar gastos com festas.<\/p>\n","protected":false},"author":1,"featured_media":6997,"comment_status":"open","ping_status":"open","sticky":false,"template":"","format":"standard","meta":{"_uag_custom_page_level_css":"","_monsterinsights_skip_tracking":false,"_monsterinsights_sitenote_active":false,"_monsterinsights_sitenote_note":"","_monsterinsights_sitenote_category":0,"jetpack_post_was_ever_published":false,"_jetpack_newsletter_access":"","_jetpack_dont_email_post_to_subs":false,"_jetpack_newsletter_tier_id":0,"_jetpack_memberships_contains_paywalled_content":false,"_jetpack_memberships_contains_paid_content":false,"footnotes":"","jetpack_publicize_message":"","jetpack_publicize_feature_enabled":true,"jetpack_social_post_already_shared":true,"jetpack_social_options":{"image_generator_settings":{"template":"highway","default_image_id":0,"font":"","enabled":false},"version":2}},"categories":[203],"tags":[973],"class_list":["post-6995","post","type-post","status-publish","format-standard","has-post-thumbnail","hentry","category-juazeiro","tag-carnaval"],"jetpack_publicize_connections":[],"jetpack_featured_media_url":"https:\/\/blogopara.com.br\/wp-content\/uploads\/2020\/02\/Boas-Festas-Que-o-Natal-seja-festejado-em-paz-e-harmonia-e-o-Ano-Novo-recebido-com-muita-alegria.-Feliz-2020-1.jpg","uagb_featured_image_src":{"full":["https:\/\/blogopara.com.br\/wp-content\/uploads\/2020\/02\/Boas-Festas-Que-o-Natal-seja-festejado-em-paz-e-harmonia-e-o-Ano-Novo-recebido-com-muita-alegria.-Feliz-2020-1.jpg",550,390,false],"thumbnail":["https:\/\/blogopara.com.br\/wp-content\/uploads\/2020\/02\/Boas-Festas-Que-o-Natal-seja-festejado-em-paz-e-harmonia-e-o-Ano-Novo-recebido-com-muita-alegria.-Feliz-2020-1-150x150.jpg",150,150,true],"medium":["https:\/\/blogopara.com.br\/wp-content\/uploads\/2020\/02\/Boas-Festas-Que-o-Natal-seja-festejado-em-paz-e-harmonia-e-o-Ano-Novo-recebido-com-muita-alegria.-Feliz-2020-1-300x213.jpg",300,213,true],"medium_large":["https:\/\/blogopara.com.br\/wp-content\/uploads\/2020\/02\/Boas-Festas-Que-o-Natal-seja-festejado-em-paz-e-harmonia-e-o-Ano-Novo-recebido-com-muita-alegria.-Feliz-2020-1.jpg",550,390,false],"large":["https:\/\/blogopara.com.br\/wp-content\/uploads\/2020\/02\/Boas-Festas-Que-o-Natal-seja-festejado-em-paz-e-harmonia-e-o-Ano-Novo-recebido-com-muita-alegria.-Feliz-2020-1.jpg",550,390,false],"1536x1536":["https:\/\/blogopara.com.br\/wp-content\/uploads\/2020\/02\/Boas-Festas-Que-o-Natal-seja-festejado-em-paz-e-harmonia-e-o-Ano-Novo-recebido-com-muita-alegria.-Feliz-2020-1.jpg",550,390,false],"2048x2048":["https:\/\/blogopara.com.br\/wp-content\/uploads\/2020\/02\/Boas-Festas-Que-o-Natal-seja-festejado-em-paz-e-harmonia-e-o-Ano-Novo-recebido-com-muita-alegria.-Feliz-2020-1.jpg",550,390,false],"mantranews-slider-large":["https:\/\/blogopara.com.br\/wp-content\/uploads\/2020\/02\/Boas-Festas-Que-o-Natal-seja-festejado-em-paz-e-harmonia-e-o-Ano-Novo-recebido-com-muita-alegria.-Feliz-2020-1.jpg",550,390,false],"mantranews-featured-medium":["https:\/\/blogopara.com.br\/wp-content\/uploads\/2020\/02\/Boas-Festas-Que-o-Natal-seja-festejado-em-paz-e-harmonia-e-o-Ano-Novo-recebido-com-muita-alegria.-Feliz-2020-1.jpg",420,298,false],"mantranews-featured-long":["https:\/\/blogopara.com.br\/wp-content\/uploads\/2020\/02\/Boas-Festas-Que-o-Natal-seja-festejado-em-paz-e-harmonia-e-o-Ano-Novo-recebido-com-muita-alegria.-Feliz-2020-1.jpg",300,213,false],"mantranews-block-medium":["https:\/\/blogopara.com.br\/wp-content\/uploads\/2020\/02\/Boas-Festas-Que-o-Natal-seja-festejado-em-paz-e-harmonia-e-o-Ano-Novo-recebido-com-muita-alegria.-Feliz-2020-1.jpg",409,290,false],"mantranews-carousel-image":["https:\/\/blogopara.com.br\/wp-content\/uploads\/2020\/02\/Boas-Festas-Que-o-Natal-seja-festejado-em-paz-e-harmonia-e-o-Ano-Novo-recebido-com-muita-alegria.-Feliz-2020-1.jpg",550,390,false],"mantranews-block-thumb":["https:\/\/blogopara.com.br\/wp-content\/uploads\/2020\/02\/Boas-Festas-Que-o-Natal-seja-festejado-em-paz-e-harmonia-e-o-Ano-Novo-recebido-com-muita-alegria.-Feliz-2020-1.jpg",322,228,false],"mantranews-single-large":["https:\/\/blogopara.com.br\/wp-content\/uploads\/2020\/02\/Boas-Festas-Que-o-Natal-seja-festejado-em-paz-e-harmonia-e-o-Ano-Novo-recebido-com-muita-alegria.-Feliz-2020-1.jpg",550,390,false]},"uagb_author_info":{"display_name":"Reda\u00e7\u00e3o geral","author_link":"https:\/\/blogopara.com.br\/index.php\/author\/blogopara"},"uagb_comment_info":1,"uagb_excerpt":"Uma prefeitura que baixa v\u00e1rios decretos de redu\u00e7\u00e3o de custos, reduz o hor\u00e1rio de expediente para economizar, mas n\u00e3o deixa de contratar funcion\u00e1rios e realizar gastos com festas.","jetpack_sharing_enabled":true,"jetpack_likes_enabled":true,"_links":{"self":[{"href":"https:\/\/blogopara.com.br\/index.php\/wp-json\/wp\/v2\/posts\/6995","targetHints":{"allow":["GET"]}}],"collection":[{"href":"https:\/\/blogopara.com.br\/index.php\/wp-json\/wp\/v2\/posts"}],"about":[{"href":"https:\/\/blogopara.com.br\/index.php\/wp-json\/wp\/v2\/types\/post"}],"author":[{"embeddable":true,"href":"https:\/\/blogopara.com.br\/index.php\/wp-json\/wp\/v2\/users\/1"}],"replies":[{"embeddable":true,"href":"https:\/\/blogopara.com.br\/index.php\/wp-json\/wp\/v2\/comments?post=6995"}],"version-history":[{"count":2,"href":"https:\/\/blogopara.com.br\/index.php\/wp-json\/wp\/v2\/posts\/6995\/revisions"}],"predecessor-version":[{"id":6999,"href":"https:\/\/blogopara.com.br\/index.php\/wp-json\/wp\/v2\/posts\/6995\/revisions\/6999"}],"wp:featuredmedia":[{"embeddable":true,"href":"https:\/\/blogopara.com.br\/index.php\/wp-json\/wp\/v2\/media\/6997"}],"wp:attachment":[{"href":"https:\/\/blogopara.com.br\/index.php\/wp-json\/wp\/v2\/media?parent=6995"}],"wp:term":[{"taxonomy":"category","embeddable":true,"href":"https:\/\/blogopara.com.br\/index.php\/wp-json\/wp\/v2\/categories?post=6995"},{"taxonomy":"post_tag","embeddable":true,"href":"https:\/\/blogopara.com.br\/index.php\/wp-json\/wp\/v2\/tags?post=6995"}],"curies":[{"name":"wp","href":"https:\/\/api.w.org\/{rel}","templated":true}]}}