{"id":7008,"date":"2020-02-06T18:05:52","date_gmt":"2020-02-06T21:05:52","guid":{"rendered":"http:\/\/blogopara.com.br\/?p=7008"},"modified":"2020-02-06T18:05:58","modified_gmt":"2020-02-06T21:05:58","slug":"juazeiro-elementos-roubam-carro-e-trocam-tiros-com-a-policia-um-bandido-morreu","status":"publish","type":"post","link":"https:\/\/blogopara.com.br\/index.php\/2020\/02\/06\/juazeiro-elementos-roubam-carro-e-trocam-tiros-com-a-policia-um-bandido-morreu","title":{"rendered":"Juazeiro: Elementos roubam carro e trocam tiros com a pol\u00edcia, um bandido morreu"},"content":{"rendered":"<div style=\"text-align: justify;\">Por voltas da 20h do dia 05 de fevereiro de 2020, um carro havia sido roubado na pra\u00e7a da M\u00f4nica em Juazeiro-Ba, a v\u00edtima relatou ao CICOM que o crime foi cometido por dois homens, sendo que um portava uma faca e outro um rev\u00f3lver.<\/div>\n<div style=\"text-align: justify;\"><\/div>\n<div style=\"text-align: justify;\">J\u00e1 por volta das 21h30, o grupamento do Motociclismo Carcar\u00e1 avistou o ve\u00edculo nas proximidades do Mercado do Produtor, passaram o Alerta e acompanharam-no &#8211; por sua vez &#8211; o PETO 75 tamb\u00e9m j\u00e1 havia avistado o ve\u00edculo e seguiu no acompanhamento, assim como a guarni\u00e7\u00e3o da RONDESP\/NORTE.<\/div>\n<div style=\"text-align: justify;\"><\/div>\n<div style=\"text-align: justify;\">\n<div>O ve\u00edculo transitava sentido Agrovale, momento quando o ladino come\u00e7ou a efetuar disparos de arma de fogo contra os policiais que revidaram a injusta agress\u00e3o, o condutor perdeu o controle de dire\u00e7\u00e3o &#8211; chocando-se numa cerca, caindo no canal.<\/div>\n<div><\/div>\n<div>O ve\u00edculo estava com dois indiv\u00edduos, sendo que um conseguiu correr para dentro do mato, e o outro continuou atirando contra os policiais que no revide o indiv\u00edduo foi atingido n\u00e3o resistiu aos ferimentos e foi a \u00f3bito. Este n\u00e3o foi identificado, pois n\u00e3o portava documentos de identifica\u00e7\u00e3o. Um rev\u00f3lver calibre 38 foi apreendido.<\/div>\n<\/div>\n","protected":false},"excerpt":{"rendered":"<p>Por voltas da 20h do dia 05 de fevereiro de 2020, um carro havia sido roubado na pra\u00e7a da M\u00f4nica em Juazeiro-Ba, a v\u00edtima relatou ao CICOM que o crime foi cometido por dois homens, sendo que um portava uma faca e outro um rev\u00f3lver. J\u00e1 por volta das 21h30, o grupamento do Motociclismo Carcar\u00e1 [&hellip;]<\/p>\n","protected":false},"author":1,"featured_media":7009,"comment_status":"open","ping_status":"open","sticky":false,"template":"","format":"standard","meta":{"_uag_custom_page_level_css":"","_monsterinsights_skip_tracking":false,"_monsterinsights_sitenote_active":false,"_monsterinsights_sitenote_note":"","_monsterinsights_sitenote_category":0,"jetpack_post_was_ever_published":false,"_jetpack_newsletter_access":"","_jetpack_dont_email_post_to_subs":false,"_jetpack_newsletter_tier_id":0,"_jetpack_memberships_contains_paywalled_content":false,"_jetpack_memberships_contains_paid_content":false,"footnotes":"","jetpack_publicize_message":"","jetpack_publicize_feature_enabled":true,"jetpack_social_post_already_shared":true,"jetpack_social_options":{"image_generator_settings":{"template":"highway","default_image_id":0,"font":"","enabled":false},"version":2}},"categories":[203],"tags":[],"class_list":["post-7008","post","type-post","status-publish","format-standard","has-post-thumbnail","hentry","category-juazeiro"],"jetpack_publicize_connections":[],"jetpack_featured_media_url":"https:\/\/blogopara.com.br\/wp-content\/uploads\/2020\/02\/roubbb.jpg","uagb_featured_image_src":{"full":["https:\/\/blogopara.com.br\/wp-content\/uploads\/2020\/02\/roubbb.jpg",1747,1240,false],"thumbnail":["https:\/\/blogopara.com.br\/wp-content\/uploads\/2020\/02\/roubbb-150x150.jpg",150,150,true],"medium":["https:\/\/blogopara.com.br\/wp-content\/uploads\/2020\/02\/roubbb-300x213.jpg",300,213,true],"medium_large":["https:\/\/blogopara.com.br\/wp-content\/uploads\/2020\/02\/roubbb-768x545.jpg",640,454,true],"large":["https:\/\/blogopara.com.br\/wp-content\/uploads\/2020\/02\/roubbb-1024x727.jpg",640,454,true],"1536x1536":["https:\/\/blogopara.com.br\/wp-content\/uploads\/2020\/02\/roubbb-1536x1090.jpg",1536,1090,true],"2048x2048":["https:\/\/blogopara.com.br\/wp-content\/uploads\/2020\/02\/roubbb.jpg",1747,1240,false],"mantranews-slider-large":["https:\/\/blogopara.com.br\/wp-content\/uploads\/2020\/02\/roubbb.jpg",1020,724,false],"mantranews-featured-medium":["https:\/\/blogopara.com.br\/wp-content\/uploads\/2020\/02\/roubbb.jpg",420,298,false],"mantranews-featured-long":["https:\/\/blogopara.com.br\/wp-content\/uploads\/2020\/02\/roubbb.jpg",300,213,false],"mantranews-block-medium":["https:\/\/blogopara.com.br\/wp-content\/uploads\/2020\/02\/roubbb.jpg",409,290,false],"mantranews-carousel-image":["https:\/\/blogopara.com.br\/wp-content\/uploads\/2020\/02\/roubbb.jpg",600,426,false],"mantranews-block-thumb":["https:\/\/blogopara.com.br\/wp-content\/uploads\/2020\/02\/roubbb.jpg",322,230,false],"mantranews-single-large":["https:\/\/blogopara.com.br\/wp-content\/uploads\/2020\/02\/roubbb.jpg",904,642,false]},"uagb_author_info":{"display_name":"Reda\u00e7\u00e3o geral","author_link":"https:\/\/blogopara.com.br\/index.php\/author\/blogopara"},"uagb_comment_info":0,"uagb_excerpt":"Por voltas da 20h do dia 05 de fevereiro de 2020, um carro havia sido roubado na pra\u00e7a da M\u00f4nica em Juazeiro-Ba, a v\u00edtima relatou ao CICOM que o crime foi cometido por dois homens, sendo que um portava uma faca e outro um rev\u00f3lver. J\u00e1 por volta das 21h30, o grupamento do Motociclismo Carcar\u00e1&hellip;","jetpack_sharing_enabled":true,"jetpack_likes_enabled":true,"_links":{"self":[{"href":"https:\/\/blogopara.com.br\/index.php\/wp-json\/wp\/v2\/posts\/7008","targetHints":{"allow":["GET"]}}],"collection":[{"href":"https:\/\/blogopara.com.br\/index.php\/wp-json\/wp\/v2\/posts"}],"about":[{"href":"https:\/\/blogopara.com.br\/index.php\/wp-json\/wp\/v2\/types\/post"}],"author":[{"embeddable":true,"href":"https:\/\/blogopara.com.br\/index.php\/wp-json\/wp\/v2\/users\/1"}],"replies":[{"embeddable":true,"href":"https:\/\/blogopara.com.br\/index.php\/wp-json\/wp\/v2\/comments?post=7008"}],"version-history":[{"count":1,"href":"https:\/\/blogopara.com.br\/index.php\/wp-json\/wp\/v2\/posts\/7008\/revisions"}],"predecessor-version":[{"id":7010,"href":"https:\/\/blogopara.com.br\/index.php\/wp-json\/wp\/v2\/posts\/7008\/revisions\/7010"}],"wp:featuredmedia":[{"embeddable":true,"href":"https:\/\/blogopara.com.br\/index.php\/wp-json\/wp\/v2\/media\/7009"}],"wp:attachment":[{"href":"https:\/\/blogopara.com.br\/index.php\/wp-json\/wp\/v2\/media?parent=7008"}],"wp:term":[{"taxonomy":"category","embeddable":true,"href":"https:\/\/blogopara.com.br\/index.php\/wp-json\/wp\/v2\/categories?post=7008"},{"taxonomy":"post_tag","embeddable":true,"href":"https:\/\/blogopara.com.br\/index.php\/wp-json\/wp\/v2\/tags?post=7008"}],"curies":[{"name":"wp","href":"https:\/\/api.w.org\/{rel}","templated":true}]}}