{"id":70168,"date":"2024-12-04T08:49:20","date_gmt":"2024-12-04T11:49:20","guid":{"rendered":"https:\/\/blogopara.com.br\/?p=70168"},"modified":"2024-12-04T08:49:24","modified_gmt":"2024-12-04T11:49:24","slug":"reprovacao-de-lula-no-mercado-sobe-de-64-em-marco-para-90-agora-diz-genial-quaest","status":"publish","type":"post","link":"https:\/\/blogopara.com.br\/index.php\/2024\/12\/04\/reprovacao-de-lula-no-mercado-sobe-de-64-em-marco-para-90-agora-diz-genial-quaest","title":{"rendered":"Reprova\u00e7\u00e3o de Lula no mercado sobe de 64% em mar\u00e7o para 90% agora, diz Genial\/Quaest"},"content":{"rendered":"<p style=\"text-align: justify;\">A pesquisa Genial\/Quaest divulgada nesta quarta-feira, 4, sobre o que pensa o mercado financeiro mostra uma piora na avalia\u00e7\u00e3o do governo do presidente Luiz In\u00e1cio Lula da Silva entre gestores, economistas, analistas e operadores (traders) de fundos de investimento. A reprova\u00e7\u00e3o do presidente subiu de 64% para 90% desde o levantamento anterior, feito em mar\u00e7o. Voltou assim \u00e0 marca do in\u00edcio do mandato, quando nove a cada dez profissionais de fundos de investimento tamb\u00e9m tinham uma avalia\u00e7\u00e3o negativa do governo.<\/p>\n<p style=\"text-align: justify;\">A pesquisa, a segunda deste ano, foi realizada nos \u00faltimos cinco dias \u2013 entre 29 de novembro e 3 de dezembro -, capturando, portanto, a rea\u00e7\u00e3o negativa do mercado financeiro ao pacote de ajuste fiscal anunciado na quarta-feira da semana passada. Foram feitas 105 entrevistas junto a fundos de investimento com sede em S\u00e3o Paulo e Rio de Janeiro.<\/p>\n<p style=\"text-align: justify;\">A avalia\u00e7\u00e3o regular do governo Lula caiu, em rela\u00e7\u00e3o \u00e0 pesquisa de mar\u00e7o, de 30% para 7%, ao passo que a aprova\u00e7\u00e3o (avalia\u00e7\u00e3o positiva) cedeu de 6% para 3%.<\/p>\n<p style=\"text-align: justify;\">Pol\u00edtica<\/p>\n<p style=\"text-align: justify;\">Tamb\u00e9m houve uma piora na avalia\u00e7\u00e3o do mercado sobre o desempenho, at\u00e9 aqui, do Congresso, cuja reprova\u00e7\u00e3o subiu para 41%, frente aos 17% de novembro do ano passado, quando a quest\u00e3o havia entrado na pesquisa pela \u00faltima vez.<\/p>\n<p style=\"text-align: justify;\">H\u00e1 uma expectativa, manifestada por 65% dos entrevistados, de que Davi Alcolumbre (Uni\u00e3o-AP), se eleito presidente do Senado, far\u00e1 maior oposi\u00e7\u00e3o ao governo do que o chefe atual da casa, Rodrigo Pacheco (PSD-MG). J\u00e1 na C\u00e2mara a situa\u00e7\u00e3o se inverte, e 63% entendem que Hugo Motta (Republicanos-PB), mais cotado para presidir a casa, ser\u00e1 mais pr\u00f3ximo ao governo do que Arthur Lira (PP-AL).<\/p>\n<p style=\"text-align: justify;\">Sobre as elei\u00e7\u00f5es de 2026, sete a cada dez profissionais de fundos (70%) acreditam que Lula tentar\u00e1 a reelei\u00e7\u00e3o, mas a maioria (66%) n\u00e3o v\u00ea o atual chefe do Executivo como favorito.<\/p>\n<p style=\"text-align: justify;\">Com Jair Bolsonaro ineleg\u00edvel \u2013 mais da metade (55%) aposta na pris\u00e3o do ex-presidente -, o governador de S\u00e3o Paulo, Tarc\u00edsio de Freitas (Republicanos), deveria ser o candidato da direita na corrida pelo Pal\u00e1cio do Planalto daqui a dois anos, conforme avaliam 78%. J\u00e1 caso Lula n\u00e3o seja candidato, 82% acreditam que o ministro da Fazenda, Fernando Haddad, dever\u00e1 disputar o pleito pela esquerda.<\/p>\n<p style=\"text-align: justify;\">Quanto \u00e0 confian\u00e7a do mercado em figuras classificadas como lideran\u00e7as pol\u00edticas, Lula \u2013 junto com o ministro de Minas e Energia, Alexandre Silveira -, \u00e9 quem tem o pior resultado: 97% n\u00e3o confiam ou confiam pouco no presidente.<\/p>\n<p style=\"text-align: justify;\">J\u00e1 Roberto Campos Neto, \u00e9 o mais bem avaliado: 70% confiam muito no atual presidente do Banco Central (BC), cujo mandato termina ao fim deste m\u00eas. Em rela\u00e7\u00e3o ao diretor de Pol\u00edtica Monet\u00e1ria, Gabriel Gal\u00edpolo, que assume o comando do BC em janeiro, pouco mais da metade (55%) disseram confiar pouco ou nada.<\/p>\n<p style=\"text-align: justify;\">\n<p style=\"text-align: justify;\"><span class=\"assinatura_exclusiva\">Eduardo Laguna \/ Estad\u00e3o Conte\u00fado<\/span><\/p>\n","protected":false},"excerpt":{"rendered":"<p>A pesquisa Genial\/Quaest divulgada nesta quarta-feira, 4, sobre o que pensa o mercado financeiro mostra uma piora na avalia\u00e7\u00e3o do governo do presidente Luiz In\u00e1cio Lula da Silva entre gestores, economistas, analistas e operadores (traders) de fundos de investimento. A reprova\u00e7\u00e3o do presidente subiu de 64% para 90% desde o levantamento anterior, feito em mar\u00e7o. [&hellip;]<\/p>\n","protected":false},"author":1,"featured_media":48844,"comment_status":"open","ping_status":"open","sticky":false,"template":"","format":"standard","meta":{"_uag_custom_page_level_css":"","_monsterinsights_skip_tracking":false,"_monsterinsights_sitenote_active":false,"_monsterinsights_sitenote_note":"","_monsterinsights_sitenote_category":0,"jetpack_post_was_ever_published":false,"_jetpack_newsletter_access":"","_jetpack_dont_email_post_to_subs":false,"_jetpack_newsletter_tier_id":0,"_jetpack_memberships_contains_paywalled_content":false,"_jetpack_memberships_contains_paid_content":false,"footnotes":"","jetpack_publicize_message":"","jetpack_publicize_feature_enabled":true,"jetpack_social_post_already_shared":true,"jetpack_social_options":{"image_generator_settings":{"template":"highway","default_image_id":0,"font":"","enabled":false},"version":2}},"categories":[197],"tags":[10293,11717,521,52],"class_list":["post-70168","post","type-post","status-publish","format-standard","has-post-thumbnail","hentry","category-politica","tag-congresso-nacional","tag-partido-dos-trabalhadores","tag-pesquisa","tag-pt"],"jetpack_publicize_connections":[],"jetpack_featured_media_url":"https:\/\/blogopara.com.br\/wp-content\/uploads\/2023\/01\/Lula-monta-grupo-de-trabalho-para-discutir-salario-minimo-500x333-1.webp","uagb_featured_image_src":{"full":["https:\/\/blogopara.com.br\/wp-content\/uploads\/2023\/01\/Lula-monta-grupo-de-trabalho-para-discutir-salario-minimo-500x333-1.webp",500,333,false],"thumbnail":["https:\/\/blogopara.com.br\/wp-content\/uploads\/2023\/01\/Lula-monta-grupo-de-trabalho-para-discutir-salario-minimo-500x333-1-150x150.webp",150,150,true],"medium":["https:\/\/blogopara.com.br\/wp-content\/uploads\/2023\/01\/Lula-monta-grupo-de-trabalho-para-discutir-salario-minimo-500x333-1-300x200.webp",300,200,true],"medium_large":["https:\/\/blogopara.com.br\/wp-content\/uploads\/2023\/01\/Lula-monta-grupo-de-trabalho-para-discutir-salario-minimo-500x333-1.webp",500,333,false],"large":["https:\/\/blogopara.com.br\/wp-content\/uploads\/2023\/01\/Lula-monta-grupo-de-trabalho-para-discutir-salario-minimo-500x333-1.webp",500,333,false],"1536x1536":["https:\/\/blogopara.com.br\/wp-content\/uploads\/2023\/01\/Lula-monta-grupo-de-trabalho-para-discutir-salario-minimo-500x333-1.webp",500,333,false],"2048x2048":["https:\/\/blogopara.com.br\/wp-content\/uploads\/2023\/01\/Lula-monta-grupo-de-trabalho-para-discutir-salario-minimo-500x333-1.webp",500,333,false],"mantranews-slider-large":["https:\/\/blogopara.com.br\/wp-content\/uploads\/2023\/01\/Lula-monta-grupo-de-trabalho-para-discutir-salario-minimo-500x333-1.webp",500,333,false],"mantranews-featured-medium":["https:\/\/blogopara.com.br\/wp-content\/uploads\/2023\/01\/Lula-monta-grupo-de-trabalho-para-discutir-salario-minimo-500x333-1-420x307.webp",420,307,true],"mantranews-featured-long":["https:\/\/blogopara.com.br\/wp-content\/uploads\/2023\/01\/Lula-monta-grupo-de-trabalho-para-discutir-salario-minimo-500x333-1-300x333.webp",300,333,true],"mantranews-block-medium":["https:\/\/blogopara.com.br\/wp-content\/uploads\/2023\/01\/Lula-monta-grupo-de-trabalho-para-discutir-salario-minimo-500x333-1-464x290.webp",464,290,true],"mantranews-carousel-image":["https:\/\/blogopara.com.br\/wp-content\/uploads\/2023\/01\/Lula-monta-grupo-de-trabalho-para-discutir-salario-minimo-500x333-1.webp",500,333,false],"mantranews-block-thumb":["https:\/\/blogopara.com.br\/wp-content\/uploads\/2023\/01\/Lula-monta-grupo-de-trabalho-para-discutir-salario-minimo-500x333-1-322x230.webp",322,230,true],"mantranews-single-large":["https:\/\/blogopara.com.br\/wp-content\/uploads\/2023\/01\/Lula-monta-grupo-de-trabalho-para-discutir-salario-minimo-500x333-1.webp",500,333,false]},"uagb_author_info":{"display_name":"Reda\u00e7\u00e3o geral","author_link":"https:\/\/blogopara.com.br\/index.php\/author\/blogopara"},"uagb_comment_info":0,"uagb_excerpt":"A pesquisa Genial\/Quaest divulgada nesta quarta-feira, 4, sobre o que pensa o mercado financeiro mostra uma piora na avalia\u00e7\u00e3o do governo do presidente Luiz In\u00e1cio Lula da Silva entre gestores, economistas, analistas e operadores (traders) de fundos de investimento. A reprova\u00e7\u00e3o do presidente subiu de 64% para 90% desde o levantamento anterior, feito em mar\u00e7o.&hellip;","jetpack_sharing_enabled":true,"jetpack_likes_enabled":true,"_links":{"self":[{"href":"https:\/\/blogopara.com.br\/index.php\/wp-json\/wp\/v2\/posts\/70168","targetHints":{"allow":["GET"]}}],"collection":[{"href":"https:\/\/blogopara.com.br\/index.php\/wp-json\/wp\/v2\/posts"}],"about":[{"href":"https:\/\/blogopara.com.br\/index.php\/wp-json\/wp\/v2\/types\/post"}],"author":[{"embeddable":true,"href":"https:\/\/blogopara.com.br\/index.php\/wp-json\/wp\/v2\/users\/1"}],"replies":[{"embeddable":true,"href":"https:\/\/blogopara.com.br\/index.php\/wp-json\/wp\/v2\/comments?post=70168"}],"version-history":[{"count":1,"href":"https:\/\/blogopara.com.br\/index.php\/wp-json\/wp\/v2\/posts\/70168\/revisions"}],"predecessor-version":[{"id":70169,"href":"https:\/\/blogopara.com.br\/index.php\/wp-json\/wp\/v2\/posts\/70168\/revisions\/70169"}],"wp:featuredmedia":[{"embeddable":true,"href":"https:\/\/blogopara.com.br\/index.php\/wp-json\/wp\/v2\/media\/48844"}],"wp:attachment":[{"href":"https:\/\/blogopara.com.br\/index.php\/wp-json\/wp\/v2\/media?parent=70168"}],"wp:term":[{"taxonomy":"category","embeddable":true,"href":"https:\/\/blogopara.com.br\/index.php\/wp-json\/wp\/v2\/categories?post=70168"},{"taxonomy":"post_tag","embeddable":true,"href":"https:\/\/blogopara.com.br\/index.php\/wp-json\/wp\/v2\/tags?post=70168"}],"curies":[{"name":"wp","href":"https:\/\/api.w.org\/{rel}","templated":true}]}}