{"id":70287,"date":"2024-12-07T08:52:00","date_gmt":"2024-12-07T11:52:00","guid":{"rendered":"https:\/\/blogopara.com.br\/?p=70287"},"modified":"2024-12-06T21:54:44","modified_gmt":"2024-12-07T00:54:44","slug":"juazeiro-conquista-selo-bronze-no-compromisso-nacional-crianca-alfabetizada","status":"publish","type":"post","link":"https:\/\/blogopara.com.br\/index.php\/2024\/12\/07\/juazeiro-conquista-selo-bronze-no-compromisso-nacional-crianca-alfabetizada","title":{"rendered":"Juazeiro conquista Selo Bronze no Compromisso Nacional Crian\u00e7a Alfabetizada"},"content":{"rendered":"<p style=\"text-align: justify;\">Juazeiro alcan\u00e7ou um marco significativo na educa\u00e7\u00e3o ao ser reconhecida com o Selo Bronze do Compromisso Nacional Crian\u00e7a Alfabetizada (CNCA), iniciativa do Minist\u00e9rio da Educa\u00e7\u00e3o (MEC). O an\u00fancio foi feito nesta quinta-feira (5), destacando o munic\u00edpio como refer\u00eancia em boas pr\u00e1ticas de alfabetiza\u00e7\u00e3o. Essa conquista reflete o trabalho dedicado da gest\u00e3o municipal, que vem implementando estrat\u00e9gias eficazes para garantir o pleno desenvolvimento das crian\u00e7as da rede p\u00fablica de ensino.<\/p>\n<p>\u201cEssa conquista representa o esfor\u00e7o coletivo para ampliar o acesso ao conhecimento. O Selo Bronze do Compromisso Nacional Crian\u00e7a Alfabetizada \u00e9 um reflexo do compromisso desta gest\u00e3o com a educa\u00e7\u00e3o de qualidade, que \u00e9, sem d\u00favida, a base para um futuro melhor para nossas crian\u00e7as. Esse reconhecimento \u00e9 fruto de pr\u00e1ticas consistentes e do esfor\u00e7o conjunto de professores, gestores e toda a comunidade escolar\u201d, destacou a prefeita Suzana Ramos.<\/p>\n<p>O Selo<\/p>\n<p>Institu\u00eddo pelo MEC, o CNCA tem como objetivo estimular e reconhecer pr\u00e1ticas de gest\u00e3o p\u00fablica voltadas \u00e0 alfabetiza\u00e7\u00e3o de crian\u00e7as. O selo \u00e9 dividido em tr\u00eas categorias: bronze, prata e ouro, sendo concedido \u00e0s secretarias que atendem crit\u00e9rios rigorosos, como o cumprimento de metas de alfabetiza\u00e7\u00e3o e a redu\u00e7\u00e3o das desigualdades educacionais.<\/p>\n","protected":false},"excerpt":{"rendered":"<p>Juazeiro alcan\u00e7ou um marco significativo na educa\u00e7\u00e3o ao ser reconhecida com o Selo Bronze do Compromisso Nacional Crian\u00e7a Alfabetizada (CNCA), iniciativa do Minist\u00e9rio da Educa\u00e7\u00e3o (MEC). O an\u00fancio foi feito nesta quinta-feira (5), destacando o munic\u00edpio como refer\u00eancia em boas pr\u00e1ticas de alfabetiza\u00e7\u00e3o. Essa conquista reflete o trabalho dedicado da gest\u00e3o municipal, que vem implementando [&hellip;]<\/p>\n","protected":false},"author":1,"featured_media":70288,"comment_status":"open","ping_status":"open","sticky":false,"template":"","format":"standard","meta":{"_uag_custom_page_level_css":"","_monsterinsights_skip_tracking":false,"_monsterinsights_sitenote_active":false,"_monsterinsights_sitenote_note":"","_monsterinsights_sitenote_category":0,"jetpack_post_was_ever_published":false,"_jetpack_newsletter_access":"","_jetpack_dont_email_post_to_subs":false,"_jetpack_newsletter_tier_id":0,"_jetpack_memberships_contains_paywalled_content":false,"_jetpack_memberships_contains_paid_content":false,"footnotes":"","jetpack_publicize_message":"","jetpack_publicize_feature_enabled":true,"jetpack_social_post_already_shared":true,"jetpack_social_options":{"image_generator_settings":{"template":"highway","default_image_id":0,"font":"","enabled":false},"version":2}},"categories":[209],"tags":[],"class_list":["post-70287","post","type-post","status-publish","format-standard","has-post-thumbnail","hentry","category-educacao"],"jetpack_publicize_connections":[],"jetpack_featured_media_url":"https:\/\/blogopara.com.br\/wp-content\/uploads\/2024\/12\/thumbnail_Estudante.jpg","uagb_featured_image_src":{"full":["https:\/\/blogopara.com.br\/wp-content\/uploads\/2024\/12\/thumbnail_Estudante.jpg",500,333,false],"thumbnail":["https:\/\/blogopara.com.br\/wp-content\/uploads\/2024\/12\/thumbnail_Estudante-150x150.jpg",150,150,true],"medium":["https:\/\/blogopara.com.br\/wp-content\/uploads\/2024\/12\/thumbnail_Estudante-300x200.jpg",300,200,true],"medium_large":["https:\/\/blogopara.com.br\/wp-content\/uploads\/2024\/12\/thumbnail_Estudante.jpg",500,333,false],"large":["https:\/\/blogopara.com.br\/wp-content\/uploads\/2024\/12\/thumbnail_Estudante.jpg",500,333,false],"1536x1536":["https:\/\/blogopara.com.br\/wp-content\/uploads\/2024\/12\/thumbnail_Estudante.jpg",500,333,false],"2048x2048":["https:\/\/blogopara.com.br\/wp-content\/uploads\/2024\/12\/thumbnail_Estudante.jpg",500,333,false],"mantranews-slider-large":["https:\/\/blogopara.com.br\/wp-content\/uploads\/2024\/12\/thumbnail_Estudante.jpg",500,333,false],"mantranews-featured-medium":["https:\/\/blogopara.com.br\/wp-content\/uploads\/2024\/12\/thumbnail_Estudante-420x307.jpg",420,307,true],"mantranews-featured-long":["https:\/\/blogopara.com.br\/wp-content\/uploads\/2024\/12\/thumbnail_Estudante-300x333.jpg",300,333,true],"mantranews-block-medium":["https:\/\/blogopara.com.br\/wp-content\/uploads\/2024\/12\/thumbnail_Estudante-464x290.jpg",464,290,true],"mantranews-carousel-image":["https:\/\/blogopara.com.br\/wp-content\/uploads\/2024\/12\/thumbnail_Estudante.jpg",500,333,false],"mantranews-block-thumb":["https:\/\/blogopara.com.br\/wp-content\/uploads\/2024\/12\/thumbnail_Estudante-322x230.jpg",322,230,true],"mantranews-single-large":["https:\/\/blogopara.com.br\/wp-content\/uploads\/2024\/12\/thumbnail_Estudante.jpg",500,333,false]},"uagb_author_info":{"display_name":"Reda\u00e7\u00e3o geral","author_link":"https:\/\/blogopara.com.br\/index.php\/author\/blogopara"},"uagb_comment_info":0,"uagb_excerpt":"Juazeiro alcan\u00e7ou um marco significativo na educa\u00e7\u00e3o ao ser reconhecida com o Selo Bronze do Compromisso Nacional Crian\u00e7a Alfabetizada (CNCA), iniciativa do Minist\u00e9rio da Educa\u00e7\u00e3o (MEC). O an\u00fancio foi feito nesta quinta-feira (5), destacando o munic\u00edpio como refer\u00eancia em boas pr\u00e1ticas de alfabetiza\u00e7\u00e3o. Essa conquista reflete o trabalho dedicado da gest\u00e3o municipal, que vem implementando&hellip;","jetpack_sharing_enabled":true,"jetpack_likes_enabled":true,"_links":{"self":[{"href":"https:\/\/blogopara.com.br\/index.php\/wp-json\/wp\/v2\/posts\/70287","targetHints":{"allow":["GET"]}}],"collection":[{"href":"https:\/\/blogopara.com.br\/index.php\/wp-json\/wp\/v2\/posts"}],"about":[{"href":"https:\/\/blogopara.com.br\/index.php\/wp-json\/wp\/v2\/types\/post"}],"author":[{"embeddable":true,"href":"https:\/\/blogopara.com.br\/index.php\/wp-json\/wp\/v2\/users\/1"}],"replies":[{"embeddable":true,"href":"https:\/\/blogopara.com.br\/index.php\/wp-json\/wp\/v2\/comments?post=70287"}],"version-history":[{"count":1,"href":"https:\/\/blogopara.com.br\/index.php\/wp-json\/wp\/v2\/posts\/70287\/revisions"}],"predecessor-version":[{"id":70289,"href":"https:\/\/blogopara.com.br\/index.php\/wp-json\/wp\/v2\/posts\/70287\/revisions\/70289"}],"wp:featuredmedia":[{"embeddable":true,"href":"https:\/\/blogopara.com.br\/index.php\/wp-json\/wp\/v2\/media\/70288"}],"wp:attachment":[{"href":"https:\/\/blogopara.com.br\/index.php\/wp-json\/wp\/v2\/media?parent=70287"}],"wp:term":[{"taxonomy":"category","embeddable":true,"href":"https:\/\/blogopara.com.br\/index.php\/wp-json\/wp\/v2\/categories?post=70287"},{"taxonomy":"post_tag","embeddable":true,"href":"https:\/\/blogopara.com.br\/index.php\/wp-json\/wp\/v2\/tags?post=70287"}],"curies":[{"name":"wp","href":"https:\/\/api.w.org\/{rel}","templated":true}]}}