{"id":70596,"date":"2024-12-16T11:53:00","date_gmt":"2024-12-16T14:53:00","guid":{"rendered":"https:\/\/blogopara.com.br\/?p=70596"},"modified":"2024-12-16T14:48:58","modified_gmt":"2024-12-16T17:48:58","slug":"juazeiro-andrei-da-caixa-pode-ir-para-o-pt","status":"publish","type":"post","link":"https:\/\/blogopara.com.br\/index.php\/2024\/12\/16\/juazeiro-andrei-da-caixa-pode-ir-para-o-pt","title":{"rendered":"Juazeiro: Andrei da Caixa pode ir para o PT?"},"content":{"rendered":"<p style=\"font-weight: 400; text-align: justify;\">Ap\u00f3s a derrota e a terceira coloca\u00e7\u00e3o na disputa eleitoral de Salvador, o vice-governador Geraldo Jr. (MDB) come\u00e7ou a sentir que sua condi\u00e7\u00e3o de vice na chapa de reelei\u00e7\u00e3o de Jer\u00f4nimo Rodrigues em 2026, pode n\u00e3o ser poss\u00edvel.<\/p>\n<p style=\"text-align: justify;\">O dirigente estadual do MDB na Bahia, L\u00facio Vieira, tem afirmado que o acordo das elei\u00e7\u00f5es de 2022 precisa ser mantido, e que \u00e9 natural a reelei\u00e7\u00e3o de Geraldinho na chapa como vice. &#8220;N\u00e3o sei se voc\u00ea se lembra, quando Geddel foi candidato ao governo em 2010, o pr\u00f3prio PT dizia que Wagner era o candidato natural, que tinha o direito \u00e0 reelei\u00e7\u00e3o. Essa foi a maior cr\u00edtica que Geddel sofreu. N\u00e3o foi desrespeitando isso que ele foi candidato, mas isso j\u00e1 faz tempo, n\u00e3o adianta debater agora. Esse \u00e9 o discurso de Jaques Wagner, que ele tem direito \u00e0 reelei\u00e7\u00e3o, esse \u00e9 o discurso do PSD de Coronel, de que tem direito \u00e0 reelei\u00e7\u00e3o. Ent\u00e3o logicamente nesse primeiro crit\u00e9rio, o MDB tamb\u00e9m tem direito \u00e0 reelei\u00e7\u00e3o ao cargo de vice na chapa&#8221;, enfatizou L\u00facio.<\/p>\n<p style=\"text-align: justify;\">Com a possibilidade quase certa que Geraldinho n\u00e3o ser\u00e1 o vice em 2026, a d\u00favida maior \u00e9 como reagir\u00e1 o MDB, que saiu de 15 em 2020 para 32 prefeitos eleitos este ano.<\/p>\n<p style=\"text-align: justify;\">O dirigente emedebista tem dito que caso algum prefeito do MDB v\u00e1 para a oposi\u00e7\u00e3o contra o governador Jer\u00f4nimo Rodrigues em 2026, o mesmo dever\u00e1 pedir a sua desfilia\u00e7\u00e3o do partido.<\/p>\n<p style=\"text-align: justify;\">Caso o MDB resolva abandonar o barco do PT em 2026. O prefeito Andrei da Caixa vai para o PT?<\/p>\n<p style=\"text-align: justify;\">\n<p style=\"text-align: justify;\">\n<p style=\"text-align: justify;\">\n<p style=\"text-align: justify;\">\n","protected":false},"excerpt":{"rendered":"<p>Ap\u00f3s a derrota e a terceira coloca\u00e7\u00e3o na disputa eleitoral de Salvador, o vice-governador Geraldo Jr. (MDB) come\u00e7ou a sentir que sua condi\u00e7\u00e3o de vice na chapa de reelei\u00e7\u00e3o de Jer\u00f4nimo Rodrigues em 2026, pode n\u00e3o ser poss\u00edvel. O dirigente estadual do MDB na Bahia, L\u00facio Vieira, tem afirmado que o acordo das elei\u00e7\u00f5es de [&hellip;]<\/p>\n","protected":false},"author":1,"featured_media":70597,"comment_status":"open","ping_status":"open","sticky":false,"template":"","format":"standard","meta":{"_uag_custom_page_level_css":"","_monsterinsights_skip_tracking":false,"_monsterinsights_sitenote_active":false,"_monsterinsights_sitenote_note":"","_monsterinsights_sitenote_category":0,"jetpack_post_was_ever_published":false,"_jetpack_newsletter_access":"","_jetpack_dont_email_post_to_subs":false,"_jetpack_newsletter_tier_id":0,"_jetpack_memberships_contains_paywalled_content":false,"_jetpack_memberships_contains_paid_content":false,"footnotes":"","jetpack_publicize_message":"","jetpack_publicize_feature_enabled":true,"jetpack_social_post_already_shared":true,"jetpack_social_options":{"image_generator_settings":{"template":"highway","default_image_id":0,"font":"","enabled":false},"version":2}},"categories":[197],"tags":[11647,11679,11256,8075,2639,11717,52],"class_list":["post-70596","post","type-post","status-publish","format-standard","has-post-thumbnail","hentry","category-politica","tag-andrei-goncalves","tag-familia-viera-lima","tag-federacao-pt-pcdob-pv","tag-jeronimo-rodrigues","tag-mdb","tag-partido-dos-trabalhadores","tag-pt"],"jetpack_publicize_connections":[],"jetpack_featured_media_url":"https:\/\/blogopara.com.br\/wp-content\/uploads\/2024\/12\/IMAGEM_NOTICIA_9.jpg","uagb_featured_image_src":{"full":["https:\/\/blogopara.com.br\/wp-content\/uploads\/2024\/12\/IMAGEM_NOTICIA_9.jpg",500,262,false],"thumbnail":["https:\/\/blogopara.com.br\/wp-content\/uploads\/2024\/12\/IMAGEM_NOTICIA_9-150x150.jpg",150,150,true],"medium":["https:\/\/blogopara.com.br\/wp-content\/uploads\/2024\/12\/IMAGEM_NOTICIA_9-300x157.jpg",300,157,true],"medium_large":["https:\/\/blogopara.com.br\/wp-content\/uploads\/2024\/12\/IMAGEM_NOTICIA_9.jpg",500,262,false],"large":["https:\/\/blogopara.com.br\/wp-content\/uploads\/2024\/12\/IMAGEM_NOTICIA_9.jpg",500,262,false],"1536x1536":["https:\/\/blogopara.com.br\/wp-content\/uploads\/2024\/12\/IMAGEM_NOTICIA_9.jpg",500,262,false],"2048x2048":["https:\/\/blogopara.com.br\/wp-content\/uploads\/2024\/12\/IMAGEM_NOTICIA_9.jpg",500,262,false],"mantranews-slider-large":["https:\/\/blogopara.com.br\/wp-content\/uploads\/2024\/12\/IMAGEM_NOTICIA_9.jpg",500,262,false],"mantranews-featured-medium":["https:\/\/blogopara.com.br\/wp-content\/uploads\/2024\/12\/IMAGEM_NOTICIA_9-420x262.jpg",420,262,true],"mantranews-featured-long":["https:\/\/blogopara.com.br\/wp-content\/uploads\/2024\/12\/IMAGEM_NOTICIA_9-300x262.jpg",300,262,true],"mantranews-block-medium":["https:\/\/blogopara.com.br\/wp-content\/uploads\/2024\/12\/IMAGEM_NOTICIA_9-464x262.jpg",464,262,true],"mantranews-carousel-image":["https:\/\/blogopara.com.br\/wp-content\/uploads\/2024\/12\/IMAGEM_NOTICIA_9.jpg",500,262,false],"mantranews-block-thumb":["https:\/\/blogopara.com.br\/wp-content\/uploads\/2024\/12\/IMAGEM_NOTICIA_9-322x230.jpg",322,230,true],"mantranews-single-large":["https:\/\/blogopara.com.br\/wp-content\/uploads\/2024\/12\/IMAGEM_NOTICIA_9.jpg",500,262,false]},"uagb_author_info":{"display_name":"Reda\u00e7\u00e3o geral","author_link":"https:\/\/blogopara.com.br\/index.php\/author\/blogopara"},"uagb_comment_info":0,"uagb_excerpt":"Ap\u00f3s a derrota e a terceira coloca\u00e7\u00e3o na disputa eleitoral de Salvador, o vice-governador Geraldo Jr. (MDB) come\u00e7ou a sentir que sua condi\u00e7\u00e3o de vice na chapa de reelei\u00e7\u00e3o de Jer\u00f4nimo Rodrigues em 2026, pode n\u00e3o ser poss\u00edvel. O dirigente estadual do MDB na Bahia, L\u00facio Vieira, tem afirmado que o acordo das elei\u00e7\u00f5es de&hellip;","jetpack_sharing_enabled":true,"jetpack_likes_enabled":true,"_links":{"self":[{"href":"https:\/\/blogopara.com.br\/index.php\/wp-json\/wp\/v2\/posts\/70596","targetHints":{"allow":["GET"]}}],"collection":[{"href":"https:\/\/blogopara.com.br\/index.php\/wp-json\/wp\/v2\/posts"}],"about":[{"href":"https:\/\/blogopara.com.br\/index.php\/wp-json\/wp\/v2\/types\/post"}],"author":[{"embeddable":true,"href":"https:\/\/blogopara.com.br\/index.php\/wp-json\/wp\/v2\/users\/1"}],"replies":[{"embeddable":true,"href":"https:\/\/blogopara.com.br\/index.php\/wp-json\/wp\/v2\/comments?post=70596"}],"version-history":[{"count":2,"href":"https:\/\/blogopara.com.br\/index.php\/wp-json\/wp\/v2\/posts\/70596\/revisions"}],"predecessor-version":[{"id":70612,"href":"https:\/\/blogopara.com.br\/index.php\/wp-json\/wp\/v2\/posts\/70596\/revisions\/70612"}],"wp:featuredmedia":[{"embeddable":true,"href":"https:\/\/blogopara.com.br\/index.php\/wp-json\/wp\/v2\/media\/70597"}],"wp:attachment":[{"href":"https:\/\/blogopara.com.br\/index.php\/wp-json\/wp\/v2\/media?parent=70596"}],"wp:term":[{"taxonomy":"category","embeddable":true,"href":"https:\/\/blogopara.com.br\/index.php\/wp-json\/wp\/v2\/categories?post=70596"},{"taxonomy":"post_tag","embeddable":true,"href":"https:\/\/blogopara.com.br\/index.php\/wp-json\/wp\/v2\/tags?post=70596"}],"curies":[{"name":"wp","href":"https:\/\/api.w.org\/{rel}","templated":true}]}}