{"id":70676,"date":"2024-12-18T11:02:38","date_gmt":"2024-12-18T14:02:38","guid":{"rendered":"https:\/\/blogopara.com.br\/?p=70676"},"modified":"2024-12-18T11:02:43","modified_gmt":"2024-12-18T14:02:43","slug":"prefeitura-de-juazeiro-vai-entregar-requalificacao-da-praca-ana-maria-de-carvalho-em-pocoes-no-distrito-de-juremal-nesta-quinta-feira-19","status":"publish","type":"post","link":"https:\/\/blogopara.com.br\/index.php\/2024\/12\/18\/prefeitura-de-juazeiro-vai-entregar-requalificacao-da-praca-ana-maria-de-carvalho-em-pocoes-no-distrito-de-juremal-nesta-quinta-feira-19","title":{"rendered":"Prefeitura de Juazeiro vai entregar requalifica\u00e7\u00e3o da Pra\u00e7a Ana Maria de Carvalho em Po\u00e7\u00f5es, no distrito de Juremal, nesta quinta-feira (19)"},"content":{"rendered":"<p class=\"x_MsoNormal\" style=\"text-align: justify;\">A Prefeitura de Juazeiro realiza nesta quinta-feira (19), \u00e0s 10h, a entrega de uma nova \u00e1rea de lazer e conviv\u00eancia para os moradores de Po\u00e7\u00f5es, no distrito de Juremal. A pra\u00e7a, totalmente revitalizada, faz parte do conjunto de a\u00e7\u00f5es que visa qualificar e valorizar os espa\u00e7os p\u00fablicos do munic\u00edpio, promovendo mais bem-estar e lazer para a popula\u00e7\u00e3o.<\/p>\n<p class=\"x_MsoNormal\" style=\"text-align: justify;\">A pra\u00e7a passou por uma ampla revitaliza\u00e7\u00e3o, com a implanta\u00e7\u00e3o de um novo piso, pintura renovada, instala\u00e7\u00e3o de meio-fio e modernos bancos para maior conforto. O local agora conta com ilumina\u00e7\u00e3o de LED, garantindo mais seguran\u00e7a e economia de energia. O paisagismo foi projetado com aten\u00e7\u00e3o especial para oferecer um ambiente mais verde e acolhedor, complementado por um parque infantil em eucalipto, criando um espa\u00e7o ideal para a divers\u00e3o das crian\u00e7as.<\/p>\n<p class=\"x_MsoNormal\" style=\"text-align: justify;\">\u201cEstamos muito felizes em entregar a requalifica\u00e7\u00e3o da Pra\u00e7a Ana Maria de Carvalho, um espa\u00e7o que foi pensado com muito carinho para atender \u00e0s necessidades da comunidade de Po\u00e7\u00f5es e todo o distrito de Juremal. Nosso compromisso \u00e9 continuar trabalhando para proporcionar mais qualidade de vida, lazer e conviv\u00eancia para as fam\u00edlias de Juazeiro. Cada obra entregue \u00e9 mais um passo na constru\u00e7\u00e3o de uma cidade mais acolhedora e humanizada\u201d, afirmou a prefeita Suzana Ramos.<\/p>\n<p class=\"x_MsoNormal\" style=\"text-align: justify;\">\n<p class=\"x_MsoNormal\" style=\"text-align: justify;\">Texto: Lucas Lima \u2013 Ascom\/PMJ<\/p>\n","protected":false},"excerpt":{"rendered":"<p>A Prefeitura de Juazeiro realiza nesta quinta-feira (19), \u00e0s 10h, a entrega de uma nova \u00e1rea de lazer e conviv\u00eancia para os moradores de Po\u00e7\u00f5es, no distrito de Juremal. A pra\u00e7a, totalmente revitalizada, faz parte do conjunto de a\u00e7\u00f5es que visa qualificar e valorizar os espa\u00e7os p\u00fablicos do munic\u00edpio, promovendo mais bem-estar e lazer para [&hellip;]<\/p>\n","protected":false},"author":1,"featured_media":70677,"comment_status":"open","ping_status":"open","sticky":false,"template":"","format":"standard","meta":{"_uag_custom_page_level_css":"","_monsterinsights_skip_tracking":false,"_monsterinsights_sitenote_active":false,"_monsterinsights_sitenote_note":"","_monsterinsights_sitenote_category":0,"jetpack_post_was_ever_published":false,"_jetpack_newsletter_access":"","_jetpack_dont_email_post_to_subs":false,"_jetpack_newsletter_tier_id":0,"_jetpack_memberships_contains_paywalled_content":false,"_jetpack_memberships_contains_paid_content":false,"footnotes":"","jetpack_publicize_message":"","jetpack_publicize_feature_enabled":true,"jetpack_social_post_already_shared":true,"jetpack_social_options":{"image_generator_settings":{"template":"highway","default_image_id":0,"font":"","enabled":false},"version":2}},"categories":[203],"tags":[],"class_list":["post-70676","post","type-post","status-publish","format-standard","has-post-thumbnail","hentry","category-juazeiro"],"jetpack_publicize_connections":[],"jetpack_featured_media_url":"https:\/\/blogopara.com.br\/wp-content\/uploads\/2024\/12\/WhatsApp-Image-2024-12-17-at-09.15.47.jpeg","uagb_featured_image_src":{"full":["https:\/\/blogopara.com.br\/wp-content\/uploads\/2024\/12\/WhatsApp-Image-2024-12-17-at-09.15.47.jpeg",500,500,false],"thumbnail":["https:\/\/blogopara.com.br\/wp-content\/uploads\/2024\/12\/WhatsApp-Image-2024-12-17-at-09.15.47-150x150.jpeg",150,150,true],"medium":["https:\/\/blogopara.com.br\/wp-content\/uploads\/2024\/12\/WhatsApp-Image-2024-12-17-at-09.15.47-300x300.jpeg",300,300,true],"medium_large":["https:\/\/blogopara.com.br\/wp-content\/uploads\/2024\/12\/WhatsApp-Image-2024-12-17-at-09.15.47.jpeg",500,500,false],"large":["https:\/\/blogopara.com.br\/wp-content\/uploads\/2024\/12\/WhatsApp-Image-2024-12-17-at-09.15.47.jpeg",500,500,false],"1536x1536":["https:\/\/blogopara.com.br\/wp-content\/uploads\/2024\/12\/WhatsApp-Image-2024-12-17-at-09.15.47.jpeg",500,500,false],"2048x2048":["https:\/\/blogopara.com.br\/wp-content\/uploads\/2024\/12\/WhatsApp-Image-2024-12-17-at-09.15.47.jpeg",500,500,false],"mantranews-slider-large":["https:\/\/blogopara.com.br\/wp-content\/uploads\/2024\/12\/WhatsApp-Image-2024-12-17-at-09.15.47.jpeg",500,500,false],"mantranews-featured-medium":["https:\/\/blogopara.com.br\/wp-content\/uploads\/2024\/12\/WhatsApp-Image-2024-12-17-at-09.15.47-420x307.jpeg",420,307,true],"mantranews-featured-long":["https:\/\/blogopara.com.br\/wp-content\/uploads\/2024\/12\/WhatsApp-Image-2024-12-17-at-09.15.47-300x443.jpeg",300,443,true],"mantranews-block-medium":["https:\/\/blogopara.com.br\/wp-content\/uploads\/2024\/12\/WhatsApp-Image-2024-12-17-at-09.15.47-464x290.jpeg",464,290,true],"mantranews-carousel-image":["https:\/\/blogopara.com.br\/wp-content\/uploads\/2024\/12\/WhatsApp-Image-2024-12-17-at-09.15.47.jpeg",500,500,false],"mantranews-block-thumb":["https:\/\/blogopara.com.br\/wp-content\/uploads\/2024\/12\/WhatsApp-Image-2024-12-17-at-09.15.47-322x230.jpeg",322,230,true],"mantranews-single-large":["https:\/\/blogopara.com.br\/wp-content\/uploads\/2024\/12\/WhatsApp-Image-2024-12-17-at-09.15.47.jpeg",500,500,false]},"uagb_author_info":{"display_name":"Reda\u00e7\u00e3o geral","author_link":"https:\/\/blogopara.com.br\/index.php\/author\/blogopara"},"uagb_comment_info":0,"uagb_excerpt":"A Prefeitura de Juazeiro realiza nesta quinta-feira (19), \u00e0s 10h, a entrega de uma nova \u00e1rea de lazer e conviv\u00eancia para os moradores de Po\u00e7\u00f5es, no distrito de Juremal. A pra\u00e7a, totalmente revitalizada, faz parte do conjunto de a\u00e7\u00f5es que visa qualificar e valorizar os espa\u00e7os p\u00fablicos do munic\u00edpio, promovendo mais bem-estar e lazer para&hellip;","jetpack_sharing_enabled":true,"jetpack_likes_enabled":true,"_links":{"self":[{"href":"https:\/\/blogopara.com.br\/index.php\/wp-json\/wp\/v2\/posts\/70676","targetHints":{"allow":["GET"]}}],"collection":[{"href":"https:\/\/blogopara.com.br\/index.php\/wp-json\/wp\/v2\/posts"}],"about":[{"href":"https:\/\/blogopara.com.br\/index.php\/wp-json\/wp\/v2\/types\/post"}],"author":[{"embeddable":true,"href":"https:\/\/blogopara.com.br\/index.php\/wp-json\/wp\/v2\/users\/1"}],"replies":[{"embeddable":true,"href":"https:\/\/blogopara.com.br\/index.php\/wp-json\/wp\/v2\/comments?post=70676"}],"version-history":[{"count":1,"href":"https:\/\/blogopara.com.br\/index.php\/wp-json\/wp\/v2\/posts\/70676\/revisions"}],"predecessor-version":[{"id":70678,"href":"https:\/\/blogopara.com.br\/index.php\/wp-json\/wp\/v2\/posts\/70676\/revisions\/70678"}],"wp:featuredmedia":[{"embeddable":true,"href":"https:\/\/blogopara.com.br\/index.php\/wp-json\/wp\/v2\/media\/70677"}],"wp:attachment":[{"href":"https:\/\/blogopara.com.br\/index.php\/wp-json\/wp\/v2\/media?parent=70676"}],"wp:term":[{"taxonomy":"category","embeddable":true,"href":"https:\/\/blogopara.com.br\/index.php\/wp-json\/wp\/v2\/categories?post=70676"},{"taxonomy":"post_tag","embeddable":true,"href":"https:\/\/blogopara.com.br\/index.php\/wp-json\/wp\/v2\/tags?post=70676"}],"curies":[{"name":"wp","href":"https:\/\/api.w.org\/{rel}","templated":true}]}}