{"id":70679,"date":"2024-12-18T11:07:04","date_gmt":"2024-12-18T14:07:04","guid":{"rendered":"https:\/\/blogopara.com.br\/?p=70679"},"modified":"2024-12-18T11:07:06","modified_gmt":"2024-12-18T14:07:06","slug":"prefeitura-de-juazeiro-reforca-medidas-de-prevencao-contra-gripes-virais-e-covid-19","status":"publish","type":"post","link":"https:\/\/blogopara.com.br\/index.php\/2024\/12\/18\/prefeitura-de-juazeiro-reforca-medidas-de-prevencao-contra-gripes-virais-e-covid-19","title":{"rendered":"Prefeitura de Juazeiro refor\u00e7a medidas de preven\u00e7\u00e3o contra gripes virais e COVID-19"},"content":{"rendered":"<p class=\"x_MsoNormal\" style=\"text-align: justify;\">Com a chegada do ver\u00e3o e o aumento das temperaturas, a circula\u00e7\u00e3o de v\u00edrus respirat\u00f3rios, como os que causam gripes virais, tende a aumentar. Diante deste cen\u00e1rio, a Prefeitura de Juazeiro, atrav\u00e9s da Secretaria de Sa\u00fade (Sesau), alerta a popula\u00e7\u00e3o sobre a import\u00e2ncia da vacina\u00e7\u00e3o e das medidas preventivas para evitar a contamina\u00e7\u00e3o, especialmente pela COVID-19.<\/p>\n<p class=\"x_MsoNormal\" style=\"text-align: justify;\">De acordo com dados do Sistema de Informa\u00e7\u00e3o da Vigil\u00e2ncia Epidemiol\u00f3gica da Gripe (SIVEP-Gripe 2024), entre 31 de dezembro de 2023 e 29 de junho de 2024, foram registrados 177 casos da COVID-19. De 30 de junho a 7 de dezembro, mais 64 casos foram confirmados.<\/p>\n<p class=\"x_MsoNormal\" style=\"text-align: justify;\">A secret\u00e1ria de Sa\u00fade, Ana L\u00facia Ara\u00fajo, destaca a necessidade de aten\u00e7\u00e3o redobrada nesse per\u00edodo. \u201cEntre dezembro e mar\u00e7o, temos uma tend\u00eancia no aumento dos casos de infec\u00e7\u00e3o respirat\u00f3ria, incluindo a COVID-19. Por isso, refor\u00e7amos a import\u00e2ncia de manter o esquema vacinal atualizado para evitar formas graves da doen\u00e7a\u201d, explicou a secret\u00e1ria.<\/p>\n<p class=\"x_MsoNormal\" style=\"text-align: justify;\"><b>Vacina\u00e7\u00e3o<\/b><\/p>\n<p class=\"x_MsoNormal\" style=\"text-align: justify;\">A vacina contra a COVID-19 est\u00e1 dispon\u00edvel em todas as Unidades B\u00e1sicas de Sa\u00fade (UBSs), de segunda a sexta-feira. O p\u00fablico priorit\u00e1rio para a vacina\u00e7\u00e3o inclui: pessoas com 60 anos ou mais, pessoas vivendo em institui\u00e7\u00f5es de longa perman\u00eancia e seus trabalhadores,\u00a0\u00a0\u00a0\u00a0 imunocomprometidos; ind\u00edgenas, ribeirinhos e quilombolas; gestantes e pu\u00e9rperas; trabalhadores da sa\u00fade; pessoas com defici\u00eancia permanente e comorbidades; pessoas privadas de liberdade menor ou com at\u00e9 18 anos e funcion\u00e1rios do sistema prisional; Jovens cumprindo medidas socioeducativas e pessoas em situa\u00e7\u00e3o de rua.<\/p>\n<p class=\"x_MsoNormal\" style=\"text-align: justify;\"><b>Medidas Preventivas<\/b><\/p>\n<p class=\"x_MsoNormal\" style=\"text-align: justify;\">Al\u00e9m da vacina\u00e7\u00e3o, a preven\u00e7\u00e3o di\u00e1ria continua sendo fundamental para conter a dissemina\u00e7\u00e3o dos v\u00edrus respirat\u00f3rios. S\u00e3o cuidados essenciais: lavar as m\u00e3os com frequ\u00eancia ou utilizar \u00e1lcool em gel; usar m\u00e1scara em caso de sintomas gripais, como tosse e febre; fazer isolamento quando apresentar sintomas e evitar aglomera\u00e7\u00f5es sempre que poss\u00edvel.<\/p>\n<p class=\"x_MsoNormal\" style=\"text-align: justify;\">Essas medidas ajudam a proteger n\u00e3o apenas contra a COVID-19, mas tamb\u00e9m contra gripes virais e resfriados comuns, que costumam ser mais recorrentes nesta \u00e9poca do ano.<\/p>\n<p class=\"x_MsoNormal\" style=\"text-align: justify;\"><b>&#8212;<\/b><\/p>\n<p class=\"x_MsoNormal\" style=\"text-align: justify;\">Texto: Iana Lima \u2013 Ascom Sesau PMJ<\/p>\n","protected":false},"excerpt":{"rendered":"<p>Com a chegada do ver\u00e3o e o aumento das temperaturas, a circula\u00e7\u00e3o de v\u00edrus respirat\u00f3rios, como os que causam gripes virais, tende a aumentar. Diante deste cen\u00e1rio, a Prefeitura de Juazeiro, atrav\u00e9s da Secretaria de Sa\u00fade (Sesau), alerta a popula\u00e7\u00e3o sobre a import\u00e2ncia da vacina\u00e7\u00e3o e das medidas preventivas para evitar a contamina\u00e7\u00e3o, especialmente pela [&hellip;]<\/p>\n","protected":false},"author":1,"featured_media":47659,"comment_status":"open","ping_status":"open","sticky":false,"template":"","format":"standard","meta":{"_uag_custom_page_level_css":"","_monsterinsights_skip_tracking":false,"_monsterinsights_sitenote_active":false,"_monsterinsights_sitenote_note":"","_monsterinsights_sitenote_category":0,"jetpack_post_was_ever_published":false,"_jetpack_newsletter_access":"","_jetpack_dont_email_post_to_subs":false,"_jetpack_newsletter_tier_id":0,"_jetpack_memberships_contains_paywalled_content":false,"_jetpack_memberships_contains_paid_content":false,"footnotes":"","jetpack_publicize_message":"","jetpack_publicize_feature_enabled":true,"jetpack_social_post_already_shared":true,"jetpack_social_options":{"image_generator_settings":{"template":"highway","default_image_id":0,"font":"","enabled":false},"version":2}},"categories":[205],"tags":[],"class_list":["post-70679","post","type-post","status-publish","format-standard","has-post-thumbnail","hentry","category-saude"],"jetpack_publicize_connections":[],"jetpack_featured_media_url":"https:\/\/blogopara.com.br\/wp-content\/uploads\/2022\/12\/china_covid-1.png","uagb_featured_image_src":{"full":["https:\/\/blogopara.com.br\/wp-content\/uploads\/2022\/12\/china_covid-1.png",500,330,false],"thumbnail":["https:\/\/blogopara.com.br\/wp-content\/uploads\/2022\/12\/china_covid-1-150x150.png",150,150,true],"medium":["https:\/\/blogopara.com.br\/wp-content\/uploads\/2022\/12\/china_covid-1-300x198.png",300,198,true],"medium_large":["https:\/\/blogopara.com.br\/wp-content\/uploads\/2022\/12\/china_covid-1.png",500,330,false],"large":["https:\/\/blogopara.com.br\/wp-content\/uploads\/2022\/12\/china_covid-1.png",500,330,false],"1536x1536":["https:\/\/blogopara.com.br\/wp-content\/uploads\/2022\/12\/china_covid-1.png",500,330,false],"2048x2048":["https:\/\/blogopara.com.br\/wp-content\/uploads\/2022\/12\/china_covid-1.png",500,330,false],"mantranews-slider-large":["https:\/\/blogopara.com.br\/wp-content\/uploads\/2022\/12\/china_covid-1.png",500,330,false],"mantranews-featured-medium":["https:\/\/blogopara.com.br\/wp-content\/uploads\/2022\/12\/china_covid-1-420x307.png",420,307,true],"mantranews-featured-long":["https:\/\/blogopara.com.br\/wp-content\/uploads\/2022\/12\/china_covid-1-300x330.png",300,330,true],"mantranews-block-medium":["https:\/\/blogopara.com.br\/wp-content\/uploads\/2022\/12\/china_covid-1-464x290.png",464,290,true],"mantranews-carousel-image":["https:\/\/blogopara.com.br\/wp-content\/uploads\/2022\/12\/china_covid-1.png",500,330,false],"mantranews-block-thumb":["https:\/\/blogopara.com.br\/wp-content\/uploads\/2022\/12\/china_covid-1-322x230.png",322,230,true],"mantranews-single-large":["https:\/\/blogopara.com.br\/wp-content\/uploads\/2022\/12\/china_covid-1.png",500,330,false]},"uagb_author_info":{"display_name":"Reda\u00e7\u00e3o geral","author_link":"https:\/\/blogopara.com.br\/index.php\/author\/blogopara"},"uagb_comment_info":0,"uagb_excerpt":"Com a chegada do ver\u00e3o e o aumento das temperaturas, a circula\u00e7\u00e3o de v\u00edrus respirat\u00f3rios, como os que causam gripes virais, tende a aumentar. Diante deste cen\u00e1rio, a Prefeitura de Juazeiro, atrav\u00e9s da Secretaria de Sa\u00fade (Sesau), alerta a popula\u00e7\u00e3o sobre a import\u00e2ncia da vacina\u00e7\u00e3o e das medidas preventivas para evitar a contamina\u00e7\u00e3o, especialmente pela&hellip;","jetpack_sharing_enabled":true,"jetpack_likes_enabled":true,"_links":{"self":[{"href":"https:\/\/blogopara.com.br\/index.php\/wp-json\/wp\/v2\/posts\/70679","targetHints":{"allow":["GET"]}}],"collection":[{"href":"https:\/\/blogopara.com.br\/index.php\/wp-json\/wp\/v2\/posts"}],"about":[{"href":"https:\/\/blogopara.com.br\/index.php\/wp-json\/wp\/v2\/types\/post"}],"author":[{"embeddable":true,"href":"https:\/\/blogopara.com.br\/index.php\/wp-json\/wp\/v2\/users\/1"}],"replies":[{"embeddable":true,"href":"https:\/\/blogopara.com.br\/index.php\/wp-json\/wp\/v2\/comments?post=70679"}],"version-history":[{"count":1,"href":"https:\/\/blogopara.com.br\/index.php\/wp-json\/wp\/v2\/posts\/70679\/revisions"}],"predecessor-version":[{"id":70680,"href":"https:\/\/blogopara.com.br\/index.php\/wp-json\/wp\/v2\/posts\/70679\/revisions\/70680"}],"wp:featuredmedia":[{"embeddable":true,"href":"https:\/\/blogopara.com.br\/index.php\/wp-json\/wp\/v2\/media\/47659"}],"wp:attachment":[{"href":"https:\/\/blogopara.com.br\/index.php\/wp-json\/wp\/v2\/media?parent=70679"}],"wp:term":[{"taxonomy":"category","embeddable":true,"href":"https:\/\/blogopara.com.br\/index.php\/wp-json\/wp\/v2\/categories?post=70679"},{"taxonomy":"post_tag","embeddable":true,"href":"https:\/\/blogopara.com.br\/index.php\/wp-json\/wp\/v2\/tags?post=70679"}],"curies":[{"name":"wp","href":"https:\/\/api.w.org\/{rel}","templated":true}]}}