{"id":70684,"date":"2024-12-19T11:06:30","date_gmt":"2024-12-19T14:06:30","guid":{"rendered":"https:\/\/blogopara.com.br\/?p=70684"},"modified":"2024-12-19T11:06:33","modified_gmt":"2024-12-19T14:06:33","slug":"prefeitura-de-senhor-do-bonfim-inicia-cerimonias-de-formatura-da-rede-municipal-com-269-alunos-da-educacao-infantil","status":"publish","type":"post","link":"https:\/\/blogopara.com.br\/index.php\/2024\/12\/19\/prefeitura-de-senhor-do-bonfim-inicia-cerimonias-de-formatura-da-rede-municipal-com-269-alunos-da-educacao-infantil","title":{"rendered":"Prefeitura de Senhor do Bonfim inicia cerim\u00f4nias de formatura da rede municipal com 269 alunos da Educa\u00e7\u00e3o Infantil\u00a0"},"content":{"rendered":"<p class=\"x_MsoNormal\" style=\"text-align: justify;\">Na noite desta quarta-feira (18), a Prefeitura de Senhor do Bonfim, por meio da Secretaria Municipal de Educa\u00e7\u00e3o, deu in\u00edcio \u00e0s cerim\u00f4nias de formatura dos alunos da rede municipal de ensino. O evento, realizado no Arena Hall, reuniu 269 formandos da Educa\u00e7\u00e3o Infantil, representando escolas dos distritos de Tijua\u00e7u, Igara, Quic\u00e9, Carrapichel e Miss\u00e3o do Sahy.<\/p>\n<p class=\"x_MsoNormal\" style=\"text-align: justify;\">A cerim\u00f4nia contou com a presen\u00e7a do prefeito La\u00e9rcio J\u00fanior, do vice-prefeito Elizeu Rios, al\u00e9m de autoridades, representantes de \u00f3rg\u00e3os de seguran\u00e7a p\u00fablica, vereadores, secret\u00e1rios municipais e membros da imprensa. Com uma estrutura \u00e0 altura de grandes celebra\u00e7\u00f5es, o evento proporcionou momentos emocionantes e especiais para os alunos e suas fam\u00edlias.<\/p>\n<p class=\"x_MsoNormal\" style=\"text-align: justify;\">O prefeito La\u00e9rcio J\u00fanior, presente na cerim\u00f4nia de abertura, refor\u00e7ou o compromisso da gest\u00e3o em valorizar os estudantes da rede p\u00fablica. \u201c\u00c9 o segundo ano consecutivo que realizamos esta cerim\u00f4nia, reunindo todos os formandos em um s\u00f3 local e oferecendo uma celebra\u00e7\u00e3o digna. Este \u00e9 um momento \u00fanico para nossos alunos e suas fam\u00edlias, um momento de parabenizar e comemorar o esfor\u00e7o e a dedica\u00e7\u00e3o deles ao longo do ano\u201d, afirmou.<\/p>\n<p class=\"x_MsoNormal\" style=\"text-align: justify;\">A secret\u00e1ria municipal de Educa\u00e7\u00e3o, Lourinalva Coelho, tamb\u00e9m celebrou o sucesso do evento. \u201c\u00c9 uma grande alegria participar deste momento t\u00e3o especial para nossos alunos e suas fam\u00edlias. Ver o brilho nos olhos das crian\u00e7as e a emo\u00e7\u00e3o dos pais nos enche de orgulho e nos motiva a continuar investindo na educa\u00e7\u00e3o do nosso munic\u00edpio\u201d, destacou.<\/p>\n<p class=\"x_MsoNormal\" style=\"text-align: justify;\">As cerim\u00f4nias fazem parte de um ciclo que contempla a forma\u00e7\u00e3o de 1.291 alunos da rede municipal. Nesta quinta-feira, 19, ser\u00e1 a vez de 281 alunos da Educa\u00e7\u00e3o Infantil das escolas da sede do munic\u00edpio celebrarem sua formatura. J\u00e1 na sexta-feira, 20, ser\u00e1 realizada a cerim\u00f4nia de 741 alunos do 9\u00ba ano e da EPJAI (Educa\u00e7\u00e3o de Jovens e Adultos Integrada).<\/p>\n<p class=\"x_MsoNormal\" style=\"text-align: justify;\">\n<p class=\"x_MsoNormal\" style=\"text-align: justify;\">Texto: Hugo Alexandre \u2013 Ascom\/PMSB<\/p>\n","protected":false},"excerpt":{"rendered":"<p>Na noite desta quarta-feira (18), a Prefeitura de Senhor do Bonfim, por meio da Secretaria Municipal de Educa\u00e7\u00e3o, deu in\u00edcio \u00e0s cerim\u00f4nias de formatura dos alunos da rede municipal de ensino. O evento, realizado no Arena Hall, reuniu 269 formandos da Educa\u00e7\u00e3o Infantil, representando escolas dos distritos de Tijua\u00e7u, Igara, Quic\u00e9, Carrapichel e Miss\u00e3o do [&hellip;]<\/p>\n","protected":false},"author":1,"featured_media":70685,"comment_status":"open","ping_status":"open","sticky":false,"template":"","format":"standard","meta":{"_uag_custom_page_level_css":"","_monsterinsights_skip_tracking":false,"_monsterinsights_sitenote_active":false,"_monsterinsights_sitenote_note":"","_monsterinsights_sitenote_category":0,"jetpack_post_was_ever_published":false,"_jetpack_newsletter_access":"","_jetpack_dont_email_post_to_subs":false,"_jetpack_newsletter_tier_id":0,"_jetpack_memberships_contains_paywalled_content":false,"_jetpack_memberships_contains_paid_content":false,"footnotes":"","jetpack_publicize_message":"","jetpack_publicize_feature_enabled":true,"jetpack_social_post_already_shared":true,"jetpack_social_options":{"image_generator_settings":{"template":"highway","default_image_id":0,"font":"","enabled":false},"version":2}},"categories":[209],"tags":[11712,11769],"class_list":["post-70684","post","type-post","status-publish","format-standard","has-post-thumbnail","hentry","category-educacao","tag-laercio-junior","tag-professora-louri"],"jetpack_publicize_connections":[],"jetpack_featured_media_url":"https:\/\/blogopara.com.br\/wp-content\/uploads\/2024\/12\/thumbnail_54212934317_d06bf6f8c3_k.jpg","uagb_featured_image_src":{"full":["https:\/\/blogopara.com.br\/wp-content\/uploads\/2024\/12\/thumbnail_54212934317_d06bf6f8c3_k.jpg",500,333,false],"thumbnail":["https:\/\/blogopara.com.br\/wp-content\/uploads\/2024\/12\/thumbnail_54212934317_d06bf6f8c3_k-150x150.jpg",150,150,true],"medium":["https:\/\/blogopara.com.br\/wp-content\/uploads\/2024\/12\/thumbnail_54212934317_d06bf6f8c3_k-300x200.jpg",300,200,true],"medium_large":["https:\/\/blogopara.com.br\/wp-content\/uploads\/2024\/12\/thumbnail_54212934317_d06bf6f8c3_k.jpg",500,333,false],"large":["https:\/\/blogopara.com.br\/wp-content\/uploads\/2024\/12\/thumbnail_54212934317_d06bf6f8c3_k.jpg",500,333,false],"1536x1536":["https:\/\/blogopara.com.br\/wp-content\/uploads\/2024\/12\/thumbnail_54212934317_d06bf6f8c3_k.jpg",500,333,false],"2048x2048":["https:\/\/blogopara.com.br\/wp-content\/uploads\/2024\/12\/thumbnail_54212934317_d06bf6f8c3_k.jpg",500,333,false],"mantranews-slider-large":["https:\/\/blogopara.com.br\/wp-content\/uploads\/2024\/12\/thumbnail_54212934317_d06bf6f8c3_k.jpg",500,333,false],"mantranews-featured-medium":["https:\/\/blogopara.com.br\/wp-content\/uploads\/2024\/12\/thumbnail_54212934317_d06bf6f8c3_k-420x307.jpg",420,307,true],"mantranews-featured-long":["https:\/\/blogopara.com.br\/wp-content\/uploads\/2024\/12\/thumbnail_54212934317_d06bf6f8c3_k-300x333.jpg",300,333,true],"mantranews-block-medium":["https:\/\/blogopara.com.br\/wp-content\/uploads\/2024\/12\/thumbnail_54212934317_d06bf6f8c3_k-464x290.jpg",464,290,true],"mantranews-carousel-image":["https:\/\/blogopara.com.br\/wp-content\/uploads\/2024\/12\/thumbnail_54212934317_d06bf6f8c3_k.jpg",500,333,false],"mantranews-block-thumb":["https:\/\/blogopara.com.br\/wp-content\/uploads\/2024\/12\/thumbnail_54212934317_d06bf6f8c3_k-322x230.jpg",322,230,true],"mantranews-single-large":["https:\/\/blogopara.com.br\/wp-content\/uploads\/2024\/12\/thumbnail_54212934317_d06bf6f8c3_k.jpg",500,333,false]},"uagb_author_info":{"display_name":"Reda\u00e7\u00e3o geral","author_link":"https:\/\/blogopara.com.br\/index.php\/author\/blogopara"},"uagb_comment_info":0,"uagb_excerpt":"Na noite desta quarta-feira (18), a Prefeitura de Senhor do Bonfim, por meio da Secretaria Municipal de Educa\u00e7\u00e3o, deu in\u00edcio \u00e0s cerim\u00f4nias de formatura dos alunos da rede municipal de ensino. O evento, realizado no Arena Hall, reuniu 269 formandos da Educa\u00e7\u00e3o Infantil, representando escolas dos distritos de Tijua\u00e7u, Igara, Quic\u00e9, Carrapichel e Miss\u00e3o do&hellip;","jetpack_sharing_enabled":true,"jetpack_likes_enabled":true,"_links":{"self":[{"href":"https:\/\/blogopara.com.br\/index.php\/wp-json\/wp\/v2\/posts\/70684","targetHints":{"allow":["GET"]}}],"collection":[{"href":"https:\/\/blogopara.com.br\/index.php\/wp-json\/wp\/v2\/posts"}],"about":[{"href":"https:\/\/blogopara.com.br\/index.php\/wp-json\/wp\/v2\/types\/post"}],"author":[{"embeddable":true,"href":"https:\/\/blogopara.com.br\/index.php\/wp-json\/wp\/v2\/users\/1"}],"replies":[{"embeddable":true,"href":"https:\/\/blogopara.com.br\/index.php\/wp-json\/wp\/v2\/comments?post=70684"}],"version-history":[{"count":1,"href":"https:\/\/blogopara.com.br\/index.php\/wp-json\/wp\/v2\/posts\/70684\/revisions"}],"predecessor-version":[{"id":70686,"href":"https:\/\/blogopara.com.br\/index.php\/wp-json\/wp\/v2\/posts\/70684\/revisions\/70686"}],"wp:featuredmedia":[{"embeddable":true,"href":"https:\/\/blogopara.com.br\/index.php\/wp-json\/wp\/v2\/media\/70685"}],"wp:attachment":[{"href":"https:\/\/blogopara.com.br\/index.php\/wp-json\/wp\/v2\/media?parent=70684"}],"wp:term":[{"taxonomy":"category","embeddable":true,"href":"https:\/\/blogopara.com.br\/index.php\/wp-json\/wp\/v2\/categories?post=70684"},{"taxonomy":"post_tag","embeddable":true,"href":"https:\/\/blogopara.com.br\/index.php\/wp-json\/wp\/v2\/tags?post=70684"}],"curies":[{"name":"wp","href":"https:\/\/api.w.org\/{rel}","templated":true}]}}