{"id":70724,"date":"2024-12-19T17:02:27","date_gmt":"2024-12-19T20:02:27","guid":{"rendered":"https:\/\/blogopara.com.br\/?p=70724"},"modified":"2024-12-19T17:02:30","modified_gmt":"2024-12-19T20:02:30","slug":"curaca-murilo-bonfim-e-paizinha-souza-sao-diplomados","status":"publish","type":"post","link":"https:\/\/blogopara.com.br\/index.php\/2024\/12\/19\/curaca-murilo-bonfim-e-paizinha-souza-sao-diplomados","title":{"rendered":"Cura\u00e7\u00e1: Murilo Bonfim e Paizinha Souza s\u00e3o diplomados"},"content":{"rendered":"<p style=\"text-align: justify;\">Conforme estava previsto, aconteceu nesta quinta-feira (19) no Centro Territorial de Educa\u00e7\u00e3o Profissional Maria de Almeida Ara\u00fajo, a diploma\u00e7\u00e3o\u00a0 do prefeito eleito Murilo Bomfim, da vice-prefeita Paizinha Souza e dos vereadores eleitos nas elei\u00e7\u00f5es municipais de outubro.<\/p>\n<p style=\"text-align: justify;\">A diploma\u00e7\u00e3o \u00e9 uma etapa formal e essencial do processo eleitoral, que valida os resultados das urnas e oficializa os mandatos. Durante a cerim\u00f4nia, os eleitos receber\u00e3o seus diplomas, consolidando a vit\u00f3ria nas urnas e preparando o terreno para a posse, que est\u00e1 marcada para o 1\u00ba de janeiro de 2025.<\/p>\n<p style=\"text-align: justify;\">O prefeito eleito expressou a sua gratid\u00e3o: &#8220;Hoje estou emocionado. Pela gra\u00e7a de Deus fomos diplomados como prefeito e vice-prefeita, al\u00e9m dos vereadores. Esse momento \u00e9 um marco para nossa cidade, uma conquista de todos n\u00f3s. N\u00e3o \u00e9 meu diploma, \u00e9 de voc\u00eas! Entramos para a hist\u00f3ria de Cura\u00e7\u00e1 com a certeza de que nossa gest\u00e3o ser\u00e1 sempre voltada para o povo, com muita dedica\u00e7\u00e3o e f\u00e9. Deus nos aben\u00e7oou, e seguimos firmes, porque juntos somos mais fortes!&#8221;.<\/p>\n","protected":false},"excerpt":{"rendered":"<p>Conforme estava previsto, aconteceu nesta quinta-feira (19) no Centro Territorial de Educa\u00e7\u00e3o Profissional Maria de Almeida Ara\u00fajo, a diploma\u00e7\u00e3o\u00a0 do prefeito eleito Murilo Bomfim, da vice-prefeita Paizinha Souza e dos vereadores eleitos nas elei\u00e7\u00f5es municipais de outubro. A diploma\u00e7\u00e3o \u00e9 uma etapa formal e essencial do processo eleitoral, que valida os resultados das urnas e [&hellip;]<\/p>\n","protected":false},"author":1,"featured_media":70727,"comment_status":"open","ping_status":"open","sticky":false,"template":"","format":"standard","meta":{"_uag_custom_page_level_css":"","_monsterinsights_skip_tracking":false,"_monsterinsights_sitenote_active":false,"_monsterinsights_sitenote_note":"","_monsterinsights_sitenote_category":0,"jetpack_post_was_ever_published":false,"_jetpack_newsletter_access":"","_jetpack_dont_email_post_to_subs":false,"_jetpack_newsletter_tier_id":0,"_jetpack_memberships_contains_paywalled_content":false,"_jetpack_memberships_contains_paid_content":false,"footnotes":"","jetpack_publicize_message":"","jetpack_publicize_feature_enabled":true,"jetpack_social_post_already_shared":true,"jetpack_social_options":{"image_generator_settings":{"template":"highway","default_image_id":0,"font":"","enabled":false},"version":2}},"categories":[197],"tags":[11709,11367],"class_list":["post-70724","post","type-post","status-publish","format-standard","has-post-thumbnail","hentry","category-politica","tag-gestao-murilo-bonfim","tag-pt-de-curaca"],"jetpack_publicize_connections":[],"jetpack_featured_media_url":"https:\/\/blogopara.com.br\/wp-content\/uploads\/2024\/12\/SaveClip.App_470902331_18208548754288719_967345805188220012_n.jpg","uagb_featured_image_src":{"full":["https:\/\/blogopara.com.br\/wp-content\/uploads\/2024\/12\/SaveClip.App_470902331_18208548754288719_967345805188220012_n.jpg",500,333,false],"thumbnail":["https:\/\/blogopara.com.br\/wp-content\/uploads\/2024\/12\/SaveClip.App_470902331_18208548754288719_967345805188220012_n-150x150.jpg",150,150,true],"medium":["https:\/\/blogopara.com.br\/wp-content\/uploads\/2024\/12\/SaveClip.App_470902331_18208548754288719_967345805188220012_n-300x200.jpg",300,200,true],"medium_large":["https:\/\/blogopara.com.br\/wp-content\/uploads\/2024\/12\/SaveClip.App_470902331_18208548754288719_967345805188220012_n.jpg",500,333,false],"large":["https:\/\/blogopara.com.br\/wp-content\/uploads\/2024\/12\/SaveClip.App_470902331_18208548754288719_967345805188220012_n.jpg",500,333,false],"1536x1536":["https:\/\/blogopara.com.br\/wp-content\/uploads\/2024\/12\/SaveClip.App_470902331_18208548754288719_967345805188220012_n.jpg",500,333,false],"2048x2048":["https:\/\/blogopara.com.br\/wp-content\/uploads\/2024\/12\/SaveClip.App_470902331_18208548754288719_967345805188220012_n.jpg",500,333,false],"mantranews-slider-large":["https:\/\/blogopara.com.br\/wp-content\/uploads\/2024\/12\/SaveClip.App_470902331_18208548754288719_967345805188220012_n.jpg",500,333,false],"mantranews-featured-medium":["https:\/\/blogopara.com.br\/wp-content\/uploads\/2024\/12\/SaveClip.App_470902331_18208548754288719_967345805188220012_n-420x307.jpg",420,307,true],"mantranews-featured-long":["https:\/\/blogopara.com.br\/wp-content\/uploads\/2024\/12\/SaveClip.App_470902331_18208548754288719_967345805188220012_n-300x333.jpg",300,333,true],"mantranews-block-medium":["https:\/\/blogopara.com.br\/wp-content\/uploads\/2024\/12\/SaveClip.App_470902331_18208548754288719_967345805188220012_n-464x290.jpg",464,290,true],"mantranews-carousel-image":["https:\/\/blogopara.com.br\/wp-content\/uploads\/2024\/12\/SaveClip.App_470902331_18208548754288719_967345805188220012_n.jpg",500,333,false],"mantranews-block-thumb":["https:\/\/blogopara.com.br\/wp-content\/uploads\/2024\/12\/SaveClip.App_470902331_18208548754288719_967345805188220012_n-322x230.jpg",322,230,true],"mantranews-single-large":["https:\/\/blogopara.com.br\/wp-content\/uploads\/2024\/12\/SaveClip.App_470902331_18208548754288719_967345805188220012_n.jpg",500,333,false]},"uagb_author_info":{"display_name":"Reda\u00e7\u00e3o geral","author_link":"https:\/\/blogopara.com.br\/index.php\/author\/blogopara"},"uagb_comment_info":0,"uagb_excerpt":"Conforme estava previsto, aconteceu nesta quinta-feira (19) no Centro Territorial de Educa\u00e7\u00e3o Profissional Maria de Almeida Ara\u00fajo, a diploma\u00e7\u00e3o\u00a0 do prefeito eleito Murilo Bomfim, da vice-prefeita Paizinha Souza e dos vereadores eleitos nas elei\u00e7\u00f5es municipais de outubro. A diploma\u00e7\u00e3o \u00e9 uma etapa formal e essencial do processo eleitoral, que valida os resultados das urnas e&hellip;","jetpack_sharing_enabled":true,"jetpack_likes_enabled":true,"_links":{"self":[{"href":"https:\/\/blogopara.com.br\/index.php\/wp-json\/wp\/v2\/posts\/70724","targetHints":{"allow":["GET"]}}],"collection":[{"href":"https:\/\/blogopara.com.br\/index.php\/wp-json\/wp\/v2\/posts"}],"about":[{"href":"https:\/\/blogopara.com.br\/index.php\/wp-json\/wp\/v2\/types\/post"}],"author":[{"embeddable":true,"href":"https:\/\/blogopara.com.br\/index.php\/wp-json\/wp\/v2\/users\/1"}],"replies":[{"embeddable":true,"href":"https:\/\/blogopara.com.br\/index.php\/wp-json\/wp\/v2\/comments?post=70724"}],"version-history":[{"count":2,"href":"https:\/\/blogopara.com.br\/index.php\/wp-json\/wp\/v2\/posts\/70724\/revisions"}],"predecessor-version":[{"id":70729,"href":"https:\/\/blogopara.com.br\/index.php\/wp-json\/wp\/v2\/posts\/70724\/revisions\/70729"}],"wp:featuredmedia":[{"embeddable":true,"href":"https:\/\/blogopara.com.br\/index.php\/wp-json\/wp\/v2\/media\/70727"}],"wp:attachment":[{"href":"https:\/\/blogopara.com.br\/index.php\/wp-json\/wp\/v2\/media?parent=70724"}],"wp:term":[{"taxonomy":"category","embeddable":true,"href":"https:\/\/blogopara.com.br\/index.php\/wp-json\/wp\/v2\/categories?post=70724"},{"taxonomy":"post_tag","embeddable":true,"href":"https:\/\/blogopara.com.br\/index.php\/wp-json\/wp\/v2\/tags?post=70724"}],"curies":[{"name":"wp","href":"https:\/\/api.w.org\/{rel}","templated":true}]}}