{"id":70895,"date":"2024-12-26T13:19:10","date_gmt":"2024-12-26T16:19:10","guid":{"rendered":"https:\/\/blogopara.com.br\/?p=70895"},"modified":"2024-12-26T13:19:13","modified_gmt":"2024-12-26T16:19:13","slug":"prefeitura-de-juazeiro-celebra-conquistas-na-educacao-municipal","status":"publish","type":"post","link":"https:\/\/blogopara.com.br\/index.php\/2024\/12\/26\/prefeitura-de-juazeiro-celebra-conquistas-na-educacao-municipal","title":{"rendered":"Prefeitura de Juazeiro celebra conquistas na Educa\u00e7\u00e3o municipal"},"content":{"rendered":"<p class=\"x_MsoNormal\" style=\"text-align: justify;\">Com uma gest\u00e3o de compromisso, a Prefeitura de Juazeiro, atrav\u00e9s da Secretaria de Educa\u00e7\u00e3o e Juventude (Seduc), conclui o ano letivo de 2024, celebrando investimentos em escolas, valoriza\u00e7\u00e3o profissional, assist\u00eancia estudantil e inova\u00e7\u00e3o que marcam avan\u00e7os na educa\u00e7\u00e3o municipal. Com recursos pr\u00f3prios, a administra\u00e7\u00e3o de Suzana Ramos, refor\u00e7ou a valoriza\u00e7\u00e3o do ensino p\u00fablico de excel\u00eancia.<\/p>\n<p class=\"x_MsoNormal\" style=\"text-align: justify;\">\u201cChegamos ao final do nosso mandato celebrando muitas conquistas que tiveram como base o compromisso de fazer a educa\u00e7\u00e3o de Juazeiro uma refer\u00eancia em qualidade. Todo investimento realizado reafirma o compromisso de uma gest\u00e3o que acredita que o caminho da educa\u00e7\u00e3o pode ser transformador. Fico muito feliz em acompanhar que alcan\u00e7amos avan\u00e7os e conquistas de grande benef\u00edcio para a popula\u00e7\u00e3o. Deixo aqui o meu legado com o desenvolvimento pedag\u00f3gico da nossa cidade e das nossas crian\u00e7as\u201d, compartilhou a prefeita Suzana Ramos.<\/p>\n<p class=\"x_MsoNormal\" style=\"text-align: justify;\">Suzana Ramos finaliza a sua gest\u00e3o com a entrega de mais 70 escolas reestruturadas, incluindo a constru\u00e7\u00e3o de uma escola de Educa\u00e7\u00e3o Infantil novinha, fazendo parte da nova composi\u00e7\u00e3o do modelo de gest\u00e3o escolar, com unidades de ensino requalificadas, climatizadas, mobili\u00e1rio novo e mais confort\u00e1vel, parques infantis, assist\u00eancia estudantil, valoriza\u00e7\u00e3o profissional e inova\u00e7\u00e3o.<\/p>\n<p class=\"x_MsoNormal\" style=\"text-align: justify;\">Investindo em novos espa\u00e7os de aprendizagem, a rede municipal de ensino recebeu tr\u00eas laborat\u00f3rios de ci\u00eancias, equipamentos significativos para o fortalecimento da educa\u00e7\u00e3o.<\/p>\n<p class=\"x_MsoNormal\" style=\"text-align: justify;\">Nesse cen\u00e1rio de desenvolvimento, a atual gest\u00e3o realizou uma s\u00e9rie de a\u00e7\u00f5es que visam a valoriza\u00e7\u00e3o profissional dos educadores da rede municipal de ensino, desde o cumprimento de a\u00e7\u00f5es previstas no Plano de Cargos, Carreiras e Remunera\u00e7\u00f5es (PCCR) \u00e0 promo\u00e7\u00e3o de forma\u00e7\u00f5es continuadas que ampliam a qualifica\u00e7\u00e3o dos profissionais e geram impactos positivos no desempenho dos estudantes. Al\u00e9m de pagar integralmente o reajuste salarial aos professores aposentados e retomar o pagamento da reg\u00eancia para os professores em sala de aula.<\/p>\n<p class=\"x_MsoNormal\" style=\"text-align: justify;\"><b>Pioneirismo<\/b><\/p>\n<p class=\"x_MsoNormal\" style=\"text-align: justify;\">Iniciativas pioneiras marcam as conquistas da administra\u00e7\u00e3o p\u00fablica atual na educa\u00e7\u00e3o. S\u00e3o exemplos disso, a Escola de Idiomas, que oferece o ensino de l\u00ednguas estrangeiras e L\u00edngua Brasileira de Sinais (libras) e o Espa\u00e7o Humanizar, que disp\u00f5e de equipe formada por multiprofissionais, com o objetivo de promover atividades que fortale\u00e7am processos inclusivos na educa\u00e7\u00e3o, prestando assist\u00eancia aos estudantes e profissionais do ensino municipal.<\/p>\n<p class=\"x_MsoNormal\" style=\"text-align: justify;\">Faz parte desse pioneirismo tamb\u00e9m, a implanta\u00e7\u00e3o da TV Escola Web Juazeiro \u2013 Canal do Saber, dispon\u00edvel em plataforma digital no endere\u00e7o\u00a0<a title=\"http:\/\/tvescola.juazeiro.ba.gov.br\" href=\"http:\/\/tvescola.juazeiro.ba.gov.br\/\" target=\"_blank\" rel=\"noopener noreferrer\" data-auth=\"NotApplicable\" data-linkindex=\"0\">tvescola.juazeiro.ba.gov.br<\/a>, com propostas que contemplam, principalmente, conceitos, cen\u00e1rios e linguagens da nossa regi\u00e3o, fortalecendo ainda mais a aprendizagem dos alunos por meio da transmiss\u00e3o de conte\u00fados educativos autorais e contextualizados.<\/p>\n<p class=\"x_MsoNormal\" style=\"text-align: justify;\">E por fim, o Espa\u00e7o Humanizar, equipamento integrado ao N\u00facleo de Atendimento Psicossocial e Inclus\u00e3o (Napsi) que atua no fortalecimento da educa\u00e7\u00e3o inclusiva e de qualidade em Juazeiro. Com equipe multiprofissional, o Espa\u00e7o oferece atendimento nas \u00e1reas de servi\u00e7o social, psicologia, psicopedagogia, neuropsicopedagogia, pedagogia, educa\u00e7\u00e3o f\u00edsica, terapia hol\u00edstica, terapia integrativa, atividades aqu\u00e1ticas e massoterapia.<\/p>\n<p class=\"x_MsoNormal\" style=\"text-align: justify;\"><b>Protagonismo tecnol\u00f3gico<\/b><\/p>\n<p class=\"x_MsoNormal\" style=\"text-align: justify;\"><b>\u00a0<\/b>O uso pedag\u00f3gico da tecnologia na educa\u00e7\u00e3o b\u00e1sica municipal, tamb\u00e9m conquistou espa\u00e7o de destaque nacional. Juazeiro foi a primeira cidade brasileira a receber chips com banda larga gratuita para estudantes, atrav\u00e9s do Programa Internet Brasil. O munic\u00edpio tamb\u00e9m possui o maior n\u00famero de contemplados com a iniciativa.<\/p>\n<p class=\"x_MsoNormal\" style=\"text-align: justify;\">Estreando mais uma iniciativa do Governo Federal, Juazeiro saiu na frente e foi a primeira cidade brasileira a receber um projeto pioneiro da gigante Huawei, com a implanta\u00e7\u00e3o da tecnologia Wi-Fi 6, somado \u00e0 entrega de 30 tablets e uma TV 65 polegadas smart classe, todos equipamentos de \u00faltima gera\u00e7\u00e3o para o melhor aproveitamento dos benef\u00edcios oferecidos pela tecnologia.<\/p>\n<p class=\"x_MsoNormal\" style=\"text-align: justify;\">O protagonismo tecnol\u00f3gico tamb\u00e9m conta com projetos como \u2018Maluquinho por Rob\u00f3tica,\u2019 ofertado nos Anos Iniciais, \u2018Explorum\u2019, dispon\u00edvel para os Anos Finais, \u2018Alfabetiza\u00e7\u00e3o e Letramento Digital\u2019, exclusivo para a Educa\u00e7\u00e3o de Jovens e Adultos (EJA), e \u2018Minecraft Educacional\u2019, que promove engajamento em sala de aula atrav\u00e9s da metodologia da gamifica\u00e7\u00e3o.<\/p>\n<p class=\"x_MsoNormal\" style=\"text-align: justify;\">Faz parte desse conjunto de avan\u00e7os, a cria\u00e7\u00e3o do portal EducaJu\u00e1 (<a title=\"https:\/\/educacao.juazeiro.ba.gov.br\/\" href=\"https:\/\/educacao.juazeiro.ba.gov.br\/\" target=\"_blank\" rel=\"noopener noreferrer\" data-auth=\"NotApplicable\" data-linkindex=\"1\">https:\/\/educacao.juazeiro.ba.gov.br\/<\/a>), que integra solu\u00e7\u00f5es simples, atrav\u00e9s de um sistema de automa\u00e7\u00e3o de tarefas na gest\u00e3o educacional, com o objetivo de revolucionar a forma como as escolas lidam com suas opera\u00e7\u00f5es administrativas e pedag\u00f3gicas, oferecendo suporte aos profissionais da educa\u00e7\u00e3o e \u00e0s unidades de ensino, no uso das ferramentas tecnol\u00f3gicas.<\/p>\n<p class=\"x_MsoNormal\" style=\"text-align: justify;\">Dispon\u00edvel no portal EducaJu\u00e1, a gest\u00e3o municipal criou o \u2018Mapa Educacional Interativo da rede municipal de ensino\u2019, com o objetivo de viabilizar maior facilidade e comodidade aos que desejam realizar matr\u00edcula na rede municipal. A ferramenta possui dados geogr\u00e1ficos que oferecem informa\u00e7\u00f5es sobre a localiza\u00e7\u00e3o exata das escolas municipais, facilitando a identifica\u00e7\u00e3o das unidades de ensino.<\/p>\n<p class=\"x_MsoNormal\" style=\"text-align: justify;\"><b>Programas<\/b><\/p>\n<p class=\"x_MsoNormal\" style=\"text-align: justify;\">A celebra\u00e7\u00e3o de grandes conquistas e avan\u00e7os tamb\u00e9m s\u00e3o identificados em programas como \u2018#borAgir\u2019, uma ferramenta criada para oferecer \u00e0s escolas municipais um cen\u00e1rio de recomposi\u00e7\u00e3o da aprendizagem, de maneira abrangente, capaz de dar possibilidades para a cria\u00e7\u00e3o de estrat\u00e9gias de adequa\u00e7\u00e3o do projeto pedag\u00f3gico escolar e das pr\u00e1ticas pedag\u00f3gicas, recuperando e potencializando a aprendizagem dos alunos.<\/p>\n<p class=\"x_MsoNormal\" style=\"text-align: justify;\">Juazeiro superou a meta e atingiu mais de 100% dos crit\u00e9rios estabelecidos pelo Busca Ativa Escolar, programa que atua no combate \u00e0 evas\u00e3o escolar.<\/p>\n<p class=\"x_MsoNormal\" style=\"text-align: justify;\"><b>Mais a\u00e7\u00f5es<\/b><\/p>\n<p class=\"x_MsoNormal\" style=\"text-align: justify;\">A Prefeitura de Juazeiro promulgou a Lei N\u00ba 3.232\/2024, que inclui o ensino de no\u00e7\u00f5es b\u00e1sicas sobre a Lei Maria da Penha no curr\u00edculo escolar. A a\u00e7\u00e3o visa conscientizar crian\u00e7as e adolescentes sobre os direitos das mulheres e a preven\u00e7\u00e3o da viol\u00eancia dom\u00e9stica e familiar.<\/p>\n<p class=\"x_MsoNormal\" style=\"text-align: justify;\">Investindo em a\u00e7\u00f5es sistematizadas que oferecem recursos para o desenvolvimento da aprendizagem, a Prefeitura de Juazeiro implantou as Salas de Aprendizagem de Tempo Integral (Sati). Atualmente 45 salas est\u00e3o efetivas, oferecendo a manuten\u00e7\u00e3o de espa\u00e7os nos quais estudantes do 5\u00ba ano do Ensino Fundamental t\u00eam acesso a atividades de suporte \u00e0 leitura, escrita, matem\u00e1tica e ci\u00eancias.<\/p>\n<p class=\"x_MsoNormal\" style=\"text-align: justify;\">Materiais did\u00e1ticos inovadores tamb\u00e9m fazem parte dos investimentos da Prefeitura de Juazeiro nos \u00faltimos quatro anos. Est\u00e1 dispon\u00edvel nas escolas municipais uma cole\u00e7\u00e3o de livros did\u00e1ticos infantis, que foram criteriosamente selecionados pela Seduc por atenderem aos objetivos de aprendizagem e desenvolvimento previstos na Base Nacional Comum Curricular (BNCC), alinhados \u00e0s especificidades do curr\u00edculo municipal. A rede municipal de ensino tamb\u00e9m investiu na Educa\u00e7\u00e3o Jovens e Adultos (EJA) e adquiriu material exclusivo para este p\u00fablico.<\/p>\n<p class=\"x_MsoNormal\" style=\"text-align: justify;\">A rede municipal de ensino consolidou um avan\u00e7o significativo para Juazeiro com a amplia\u00e7\u00e3o do n\u00famero de escolas de tempo integral, que passou de 7 para 23 unidades. Essa expans\u00e3o amplia as possibilidades de ensino e apoio aos estudantes, refor\u00e7ando o compromisso da gest\u00e3o p\u00fablica com uma educa\u00e7\u00e3o mais inclusiva e abrangente.<\/p>\n<p class=\"x_MsoNormal\" style=\"text-align: justify;\">Como estrat\u00e9gia de a\u00e7\u00f5es de cuidado e preven\u00e7\u00e3o, com rela\u00e7\u00e3o \u00e0 seguran\u00e7a nas unidades de ensino, a Prefeitura de Juazeiro investiu na instala\u00e7\u00e3o de c\u00e2meras de videomonitoramento, uso de travas eletr\u00f4nicas nos port\u00f5es de acesso \u00e0s unidades de ensino, campainha eletr\u00f4nica, interfone e sistema de sonoriza\u00e7\u00e3o, al\u00e9m de orienta\u00e7\u00f5es preventivas sobre estrat\u00e9gias de controle da viol\u00eancia escolar.<\/p>\n<p class=\"x_MsoNormal\" style=\"text-align: justify;\">Com merenda escolar de qualidade, composta por um card\u00e1pio definido a partir da an\u00e1lise de um corpo t\u00e9cnico de nutricionistas, a alimenta\u00e7\u00e3o \u00e9 variada e calculada de acordo com o segmento ou faixa et\u00e1ria. Nas escolas, os gestores tamb\u00e9m observam as necessidades individuais de cada aluno, para garantir a saciedade. Entre os alimentos que comp\u00f5em a merenda escolar est\u00e3o vegetais folhosos, como couve, frutas como banana, mam\u00e3o e manga, arroz, feij\u00e3o, ovos, carne, frango e etc.<\/p>\n<p class=\"x_MsoNormal\" style=\"text-align: justify;\">O Programa Aprova Juazeiro, durante a atual gest\u00e3o, ampliou o n\u00famero de vagas em aproximadamente 75%. Em 2023, 200 estudantes foram beneficiados com as bolsas de pr\u00e9-vestibular e, de 2021 a 2024, mais de 300 estudantes egressos do programa conseguiram acessar a universidade;<\/p>\n<p class=\"x_MsoNormal\" style=\"text-align: justify;\">Com uma gest\u00e3o que valoriza as tradi\u00e7\u00f5es, foi realizado da 44\u00b0 Jogos escolares, reunindo mais de 4 mil estudantes da rede municipal, estadual e particular de ensino.<\/p>\n<p class=\"x_MsoNormal\" style=\"text-align: justify;\">\n<p class=\"x_MsoNormal\" style=\"text-align: justify;\"><b>Premia\u00e7\u00f5es, conquistas e reconhecimento<\/b><\/p>\n<p class=\"x_MsoNormal\" style=\"text-align: justify;\">Por quatro anos consecutivos a educa\u00e7\u00e3o municipal recebeu o pr\u00eamio \u2018Band Cidades Excelentes\u2019, coroa\u00e7\u00e3o do trabalho inovador da gest\u00e3o de uma educa\u00e7\u00e3o de qualidade. Juazeiro conquistou, tamb\u00e9m, o reconhecimento do Selo Unicef por refor\u00e7ar a\u00e7\u00f5es de educa\u00e7\u00e3o ambiental junto ao N\u00facleo de Cidadania de Adolescentes (NUCA). Avaliada como refer\u00eancia de excel\u00eancia educacional no maior evento de educa\u00e7\u00e3o e tecnologia da Am\u00e9rica Latina, o Bett Educar, a gest\u00e3o Suzana Ramos foi reconhecida como refer\u00eancia de pr\u00e1ticas pedag\u00f3gicas interdisciplinares no uso de tecnologias.<\/p>\n<p class=\"x_MsoNormal\" style=\"text-align: justify;\">Outra conquista \u00e9 a participa\u00e7\u00e3o dos estudantes do Col\u00e9gio de Tempo Integral C\u00edvico-Militar Caic Misael Aguilar na First Lego League, competi\u00e7\u00e3o internacional de explora\u00e7\u00e3o cient\u00edfica, sendo a primeira escola p\u00fablica municipal do norte da Bahia a participar.<\/p>\n<p class=\"x_MsoNormal\" style=\"text-align: justify;\">A educa\u00e7\u00e3o municipal tamb\u00e9m apresentou alto desempenho na execu\u00e7\u00e3o do Programa Dinheiro Direto na Escola (PDDE) e ganhou reconhecimento, tornando o munic\u00edpio destaque pela excelente administra\u00e7\u00e3o financeira realizada no ensino, alcan\u00e7ando m\u00e9dia dez, no \u00edndice de desempenho da gest\u00e3o do PDDE, sendo contemplada com a Parcela Desempenho, recurso de assist\u00eancia financeira pelo Fundo Nacional de Desenvolvimento da Educa\u00e7\u00e3o (FNDE).<\/p>\n<p class=\"x_MsoNormal\" style=\"text-align: justify;\">\n<p class=\"x_MsoNormal\" style=\"text-align: justify;\"><b>Mais valoriza\u00e7\u00e3o<\/b><\/p>\n<p class=\"x_MsoNormal\" style=\"text-align: justify;\">Consagrando todo empenho em efetivar pol\u00edticas p\u00fablicas de valoriza\u00e7\u00e3o da educa\u00e7\u00e3o e de seus profissionais, a prefeita Suzana Ramos sancionou a Lei 3.812 de 2023 que eleva o piso salarial dos profissionais da educa\u00e7\u00e3o em 15%. Garantindo uma s\u00e9rie de benef\u00edcios para os professores da rede municipal de ensino, a prefeita Suzana Ramos, oficializou o Projeto de Lei que institui no Calend\u00e1rio Oficial de Eventos do Munic\u00edpio o \u2018Dia do Professor\u2019, a ser celebrado como data comemorativa e feriado escolar em 15 de outubro.<\/p>\n<p class=\"x_MsoNormal\" style=\"text-align: justify;\">O munic\u00edpio tamb\u00e9m realizou concurso p\u00fablico com a oferta de mais de 500 vagas para atua\u00e7\u00e3o na Educa\u00e7\u00e3o Infantil, Anos Iniciais e Finais do Ensino Fundamental, Elei\u00e7\u00e3o de gestores, vice-gestores e coordenadores pedag\u00f3gicos, al\u00e9m da realiza\u00e7\u00e3o de Processo Seletivo.<\/p>\n<p class=\"x_MsoNormal\" style=\"text-align: justify;\">Profissionais do magist\u00e9rio p\u00fablico municipal receberam reajuste salarial de 4%, equiparando a remunera\u00e7\u00e3o ao piso nacional. J\u00e1 os secret\u00e1rios escolares conquistaram a t\u00e3o reivindicada equipara\u00e7\u00e3o salarial, enquanto os articuladores de educa\u00e7\u00e3o tecnol\u00f3gica ganharam reajuste salarial de mais de 30%. Os agentes de seguran\u00e7a escolar conquistaram o reajuste da Gratifica\u00e7\u00e3o por Trabalho Ostensivo (GTO), que passou de 10% para 30%, al\u00e9m de muitas outras iniciativas de valoriza\u00e7\u00e3o.<\/p>\n<p class=\"x_MsoNormal\" style=\"text-align: justify;\">A prefeitura tamb\u00e9m realizou o processo democr\u00e1tico do ensino p\u00fablico municipal, atrav\u00e9s das elei\u00e7\u00f5es referente ao quadri\u00eanio 2025-2028, para os cargos de gestores, vice-gestores e coordenadores escolares.<\/p>\n<p class=\"x_MsoNormal\" style=\"text-align: justify;\">\nTexto: Camila Santana \u2013 Ascom Seduc\/PMJ<br \/>\nFotos: Ascom\/PMJ<\/p>\n<p class=\"x_MsoNormal\" style=\"text-align: justify;\">\n","protected":false},"excerpt":{"rendered":"<p>Com uma gest\u00e3o de compromisso, a Prefeitura de Juazeiro, atrav\u00e9s da Secretaria de Educa\u00e7\u00e3o e Juventude (Seduc), conclui o ano letivo de 2024, celebrando investimentos em escolas, valoriza\u00e7\u00e3o profissional, assist\u00eancia estudantil e inova\u00e7\u00e3o que marcam avan\u00e7os na educa\u00e7\u00e3o municipal. Com recursos pr\u00f3prios, a administra\u00e7\u00e3o de Suzana Ramos, refor\u00e7ou a valoriza\u00e7\u00e3o do ensino p\u00fablico de excel\u00eancia. [&hellip;]<\/p>\n","protected":false},"author":1,"featured_media":70896,"comment_status":"open","ping_status":"open","sticky":false,"template":"","format":"standard","meta":{"_uag_custom_page_level_css":"","_monsterinsights_skip_tracking":false,"_monsterinsights_sitenote_active":false,"_monsterinsights_sitenote_note":"","_monsterinsights_sitenote_category":0,"jetpack_post_was_ever_published":false,"_jetpack_newsletter_access":"","_jetpack_dont_email_post_to_subs":false,"_jetpack_newsletter_tier_id":0,"_jetpack_memberships_contains_paywalled_content":false,"_jetpack_memberships_contains_paid_content":false,"footnotes":"","jetpack_publicize_message":"","jetpack_publicize_feature_enabled":true,"jetpack_social_post_already_shared":true,"jetpack_social_options":{"image_generator_settings":{"template":"highway","default_image_id":0,"font":"","enabled":false},"version":2}},"categories":[203],"tags":[],"class_list":["post-70895","post","type-post","status-publish","format-standard","has-post-thumbnail","hentry","category-juazeiro"],"jetpack_publicize_connections":[],"jetpack_featured_media_url":"https:\/\/blogopara.com.br\/wp-content\/uploads\/2024\/12\/thumbnail_WhatsApp-Image-2024-12-24-at-12.54.53-2.jpg","uagb_featured_image_src":{"full":["https:\/\/blogopara.com.br\/wp-content\/uploads\/2024\/12\/thumbnail_WhatsApp-Image-2024-12-24-at-12.54.53-2.jpg",501,564,false],"thumbnail":["https:\/\/blogopara.com.br\/wp-content\/uploads\/2024\/12\/thumbnail_WhatsApp-Image-2024-12-24-at-12.54.53-2-150x150.jpg",150,150,true],"medium":["https:\/\/blogopara.com.br\/wp-content\/uploads\/2024\/12\/thumbnail_WhatsApp-Image-2024-12-24-at-12.54.53-2-266x300.jpg",266,300,true],"medium_large":["https:\/\/blogopara.com.br\/wp-content\/uploads\/2024\/12\/thumbnail_WhatsApp-Image-2024-12-24-at-12.54.53-2.jpg",501,564,false],"large":["https:\/\/blogopara.com.br\/wp-content\/uploads\/2024\/12\/thumbnail_WhatsApp-Image-2024-12-24-at-12.54.53-2.jpg",501,564,false],"1536x1536":["https:\/\/blogopara.com.br\/wp-content\/uploads\/2024\/12\/thumbnail_WhatsApp-Image-2024-12-24-at-12.54.53-2.jpg",501,564,false],"2048x2048":["https:\/\/blogopara.com.br\/wp-content\/uploads\/2024\/12\/thumbnail_WhatsApp-Image-2024-12-24-at-12.54.53-2.jpg",501,564,false],"mantranews-slider-large":["https:\/\/blogopara.com.br\/wp-content\/uploads\/2024\/12\/thumbnail_WhatsApp-Image-2024-12-24-at-12.54.53-2.jpg",501,564,false],"mantranews-featured-medium":["https:\/\/blogopara.com.br\/wp-content\/uploads\/2024\/12\/thumbnail_WhatsApp-Image-2024-12-24-at-12.54.53-2-420x307.jpg",420,307,true],"mantranews-featured-long":["https:\/\/blogopara.com.br\/wp-content\/uploads\/2024\/12\/thumbnail_WhatsApp-Image-2024-12-24-at-12.54.53-2-300x443.jpg",300,443,true],"mantranews-block-medium":["https:\/\/blogopara.com.br\/wp-content\/uploads\/2024\/12\/thumbnail_WhatsApp-Image-2024-12-24-at-12.54.53-2-464x290.jpg",464,290,true],"mantranews-carousel-image":["https:\/\/blogopara.com.br\/wp-content\/uploads\/2024\/12\/thumbnail_WhatsApp-Image-2024-12-24-at-12.54.53-2-501x500.jpg",501,500,true],"mantranews-block-thumb":["https:\/\/blogopara.com.br\/wp-content\/uploads\/2024\/12\/thumbnail_WhatsApp-Image-2024-12-24-at-12.54.53-2-322x230.jpg",322,230,true],"mantranews-single-large":["https:\/\/blogopara.com.br\/wp-content\/uploads\/2024\/12\/thumbnail_WhatsApp-Image-2024-12-24-at-12.54.53-2.jpg",501,564,false]},"uagb_author_info":{"display_name":"Reda\u00e7\u00e3o geral","author_link":"https:\/\/blogopara.com.br\/index.php\/author\/blogopara"},"uagb_comment_info":0,"uagb_excerpt":"Com uma gest\u00e3o de compromisso, a Prefeitura de Juazeiro, atrav\u00e9s da Secretaria de Educa\u00e7\u00e3o e Juventude (Seduc), conclui o ano letivo de 2024, celebrando investimentos em escolas, valoriza\u00e7\u00e3o profissional, assist\u00eancia estudantil e inova\u00e7\u00e3o que marcam avan\u00e7os na educa\u00e7\u00e3o municipal. Com recursos pr\u00f3prios, a administra\u00e7\u00e3o de Suzana Ramos, refor\u00e7ou a valoriza\u00e7\u00e3o do ensino p\u00fablico de excel\u00eancia.&hellip;","jetpack_sharing_enabled":true,"jetpack_likes_enabled":true,"_links":{"self":[{"href":"https:\/\/blogopara.com.br\/index.php\/wp-json\/wp\/v2\/posts\/70895","targetHints":{"allow":["GET"]}}],"collection":[{"href":"https:\/\/blogopara.com.br\/index.php\/wp-json\/wp\/v2\/posts"}],"about":[{"href":"https:\/\/blogopara.com.br\/index.php\/wp-json\/wp\/v2\/types\/post"}],"author":[{"embeddable":true,"href":"https:\/\/blogopara.com.br\/index.php\/wp-json\/wp\/v2\/users\/1"}],"replies":[{"embeddable":true,"href":"https:\/\/blogopara.com.br\/index.php\/wp-json\/wp\/v2\/comments?post=70895"}],"version-history":[{"count":1,"href":"https:\/\/blogopara.com.br\/index.php\/wp-json\/wp\/v2\/posts\/70895\/revisions"}],"predecessor-version":[{"id":70897,"href":"https:\/\/blogopara.com.br\/index.php\/wp-json\/wp\/v2\/posts\/70895\/revisions\/70897"}],"wp:featuredmedia":[{"embeddable":true,"href":"https:\/\/blogopara.com.br\/index.php\/wp-json\/wp\/v2\/media\/70896"}],"wp:attachment":[{"href":"https:\/\/blogopara.com.br\/index.php\/wp-json\/wp\/v2\/media?parent=70895"}],"wp:term":[{"taxonomy":"category","embeddable":true,"href":"https:\/\/blogopara.com.br\/index.php\/wp-json\/wp\/v2\/categories?post=70895"},{"taxonomy":"post_tag","embeddable":true,"href":"https:\/\/blogopara.com.br\/index.php\/wp-json\/wp\/v2\/tags?post=70895"}],"curies":[{"name":"wp","href":"https:\/\/api.w.org\/{rel}","templated":true}]}}