{"id":70968,"date":"2024-12-31T17:39:54","date_gmt":"2024-12-31T20:39:54","guid":{"rendered":"https:\/\/blogopara.com.br\/?p=70968"},"modified":"2024-12-31T17:39:56","modified_gmt":"2024-12-31T20:39:56","slug":"mais-um-detento-e-encontrado-morto-dentro-de-cela-em-presidio-de-salvador-veja-os-detalhes","status":"publish","type":"post","link":"https:\/\/blogopara.com.br\/index.php\/2024\/12\/31\/mais-um-detento-e-encontrado-morto-dentro-de-cela-em-presidio-de-salvador-veja-os-detalhes","title":{"rendered":"MAIS UM: detento \u00e9 encontrado morto dentro de cela em pres\u00eddio de Salvador; veja os detalhes"},"content":{"rendered":"<p style=\"text-align: justify;\">Um detento foi encontrado morto na manh\u00e3 desta ter\u00e7a-feira (30) na Penitenci\u00e1ria Lemos Brito, em Salvador.<\/p>\n<p style=\"text-align: justify;\">Segundo fontes do site Al\u00f4 Juca, o \u00f3bito foi constatado durante a abertura da unidade prisional, no M\u00f3dulo II. A v\u00edtima foi encontrada sem vida dentro da cela. Ainda n\u00e3o h\u00e1 informa\u00e7\u00f5es sobre a causa da morte.<\/p>\n<p style=\"text-align: justify;\">Na \u00faltima ter\u00e7a-feira (24), outros dois detentos tamb\u00e9m foram encontrados mortos. Eles chegaram a ser levados para a central m\u00e9dica do complexo, mas n\u00e3o resistiram. As v\u00edtimas teriam sofrido uma overdose de \u201ck-9\u201d, uma droga de alta periculosidade.<\/p>\n","protected":false},"excerpt":{"rendered":"<p>Um detento foi encontrado morto na manh\u00e3 desta ter\u00e7a-feira (30) na Penitenci\u00e1ria Lemos Brito, em Salvador. Segundo fontes do site Al\u00f4 Juca, o \u00f3bito foi constatado durante a abertura da unidade prisional, no M\u00f3dulo II. A v\u00edtima foi encontrada sem vida dentro da cela. Ainda n\u00e3o h\u00e1 informa\u00e7\u00f5es sobre a causa da morte. Na \u00faltima [&hellip;]<\/p>\n","protected":false},"author":1,"featured_media":70969,"comment_status":"open","ping_status":"open","sticky":false,"template":"","format":"standard","meta":{"_uag_custom_page_level_css":"","_monsterinsights_skip_tracking":false,"_monsterinsights_sitenote_active":false,"_monsterinsights_sitenote_note":"","_monsterinsights_sitenote_category":0,"jetpack_post_was_ever_published":false,"_jetpack_newsletter_access":"","_jetpack_dont_email_post_to_subs":false,"_jetpack_newsletter_tier_id":0,"_jetpack_memberships_contains_paywalled_content":false,"_jetpack_memberships_contains_paid_content":false,"footnotes":"","jetpack_publicize_message":"","jetpack_publicize_feature_enabled":true,"jetpack_social_post_already_shared":true,"jetpack_social_options":{"image_generator_settings":{"template":"highway","default_image_id":0,"font":"","enabled":false},"version":2}},"categories":[199,202],"tags":[],"class_list":["post-70968","post","type-post","status-publish","format-standard","has-post-thumbnail","hentry","category-bahia","category-policia"],"jetpack_publicize_connections":[],"jetpack_featured_media_url":"https:\/\/blogopara.com.br\/wp-content\/uploads\/2024\/12\/LEMOS.jpg","uagb_featured_image_src":{"full":["https:\/\/blogopara.com.br\/wp-content\/uploads\/2024\/12\/LEMOS.jpg",500,281,false],"thumbnail":["https:\/\/blogopara.com.br\/wp-content\/uploads\/2024\/12\/LEMOS-150x150.jpg",150,150,true],"medium":["https:\/\/blogopara.com.br\/wp-content\/uploads\/2024\/12\/LEMOS-300x169.jpg",300,169,true],"medium_large":["https:\/\/blogopara.com.br\/wp-content\/uploads\/2024\/12\/LEMOS.jpg",500,281,false],"large":["https:\/\/blogopara.com.br\/wp-content\/uploads\/2024\/12\/LEMOS.jpg",500,281,false],"1536x1536":["https:\/\/blogopara.com.br\/wp-content\/uploads\/2024\/12\/LEMOS.jpg",500,281,false],"2048x2048":["https:\/\/blogopara.com.br\/wp-content\/uploads\/2024\/12\/LEMOS.jpg",500,281,false],"mantranews-slider-large":["https:\/\/blogopara.com.br\/wp-content\/uploads\/2024\/12\/LEMOS.jpg",500,281,false],"mantranews-featured-medium":["https:\/\/blogopara.com.br\/wp-content\/uploads\/2024\/12\/LEMOS-420x281.jpg",420,281,true],"mantranews-featured-long":["https:\/\/blogopara.com.br\/wp-content\/uploads\/2024\/12\/LEMOS-300x281.jpg",300,281,true],"mantranews-block-medium":["https:\/\/blogopara.com.br\/wp-content\/uploads\/2024\/12\/LEMOS-464x281.jpg",464,281,true],"mantranews-carousel-image":["https:\/\/blogopara.com.br\/wp-content\/uploads\/2024\/12\/LEMOS.jpg",500,281,false],"mantranews-block-thumb":["https:\/\/blogopara.com.br\/wp-content\/uploads\/2024\/12\/LEMOS-322x230.jpg",322,230,true],"mantranews-single-large":["https:\/\/blogopara.com.br\/wp-content\/uploads\/2024\/12\/LEMOS.jpg",500,281,false]},"uagb_author_info":{"display_name":"Reda\u00e7\u00e3o geral","author_link":"https:\/\/blogopara.com.br\/index.php\/author\/blogopara"},"uagb_comment_info":0,"uagb_excerpt":"Um detento foi encontrado morto na manh\u00e3 desta ter\u00e7a-feira (30) na Penitenci\u00e1ria Lemos Brito, em Salvador. Segundo fontes do site Al\u00f4 Juca, o \u00f3bito foi constatado durante a abertura da unidade prisional, no M\u00f3dulo II. A v\u00edtima foi encontrada sem vida dentro da cela. Ainda n\u00e3o h\u00e1 informa\u00e7\u00f5es sobre a causa da morte. Na \u00faltima&hellip;","jetpack_sharing_enabled":true,"jetpack_likes_enabled":true,"_links":{"self":[{"href":"https:\/\/blogopara.com.br\/index.php\/wp-json\/wp\/v2\/posts\/70968","targetHints":{"allow":["GET"]}}],"collection":[{"href":"https:\/\/blogopara.com.br\/index.php\/wp-json\/wp\/v2\/posts"}],"about":[{"href":"https:\/\/blogopara.com.br\/index.php\/wp-json\/wp\/v2\/types\/post"}],"author":[{"embeddable":true,"href":"https:\/\/blogopara.com.br\/index.php\/wp-json\/wp\/v2\/users\/1"}],"replies":[{"embeddable":true,"href":"https:\/\/blogopara.com.br\/index.php\/wp-json\/wp\/v2\/comments?post=70968"}],"version-history":[{"count":1,"href":"https:\/\/blogopara.com.br\/index.php\/wp-json\/wp\/v2\/posts\/70968\/revisions"}],"predecessor-version":[{"id":70970,"href":"https:\/\/blogopara.com.br\/index.php\/wp-json\/wp\/v2\/posts\/70968\/revisions\/70970"}],"wp:featuredmedia":[{"embeddable":true,"href":"https:\/\/blogopara.com.br\/index.php\/wp-json\/wp\/v2\/media\/70969"}],"wp:attachment":[{"href":"https:\/\/blogopara.com.br\/index.php\/wp-json\/wp\/v2\/media?parent=70968"}],"wp:term":[{"taxonomy":"category","embeddable":true,"href":"https:\/\/blogopara.com.br\/index.php\/wp-json\/wp\/v2\/categories?post=70968"},{"taxonomy":"post_tag","embeddable":true,"href":"https:\/\/blogopara.com.br\/index.php\/wp-json\/wp\/v2\/tags?post=70968"}],"curies":[{"name":"wp","href":"https:\/\/api.w.org\/{rel}","templated":true}]}}