{"id":71068,"date":"2025-01-04T12:13:51","date_gmt":"2025-01-04T15:13:51","guid":{"rendered":"https:\/\/blogopara.com.br\/?p=71068"},"modified":"2025-01-04T12:13:53","modified_gmt":"2025-01-04T15:13:53","slug":"8-1-de-lula-tera-cerimonia-no-planalto-e-ato-com-esquerda-na-praca-dos-3-poderes","status":"publish","type":"post","link":"https:\/\/blogopara.com.br\/index.php\/2025\/01\/04\/8-1-de-lula-tera-cerimonia-no-planalto-e-ato-com-esquerda-na-praca-dos-3-poderes","title":{"rendered":"8\/1 de Lula ter\u00e1 cerim\u00f4nia no Planalto e ato com esquerda na pra\u00e7a dos 3 Poderes"},"content":{"rendered":"<p style=\"text-align: justify;\">O anivers\u00e1rio de dois anos do ataque golpista \u00e0s sedes dos tr\u00eas Poderes em 8 de janeiro de 2023 ter\u00e1 uma cerim\u00f4nia no Pal\u00e1cio do Planalto, em Bras\u00edlia, seguida por um ato com milit\u00e2ncia de esquerda na pra\u00e7a dos Tr\u00eas Poderes.<\/p>\n<p style=\"text-align: justify;\">De acordo com a Secom (Secretaria de Comunica\u00e7\u00e3o Social da Presid\u00eancia), o presidente Lula (PT) participar\u00e1 da apresenta\u00e7\u00e3o das obras de arte que haviam sido depredadas \u0097e agora foram restauradas\u0097 e de cerim\u00f4nia com autoridades no Pal\u00e1cio do Planalto. Foram convidados os presidentes dos Poderes e governadores.<\/p>\n<p style=\"text-align: justify;\">Depois, o chefe do Executivo participar\u00e1 de abra\u00e7o simb\u00f3lico da pra\u00e7a dos Tr\u00eas Poderes em ato convocado pela Frente Brasil Popular, de movimentos sociais.<\/p>\n<p style=\"text-align: justify;\">De acordo com o Planalto, foram restauradas 21 pe\u00e7as por especialistas no Pal\u00e1cio da Alvorada, e o rel\u00f3gio trazido ao Brasil por dom Jo\u00e3o 6\u00ba em 1808 foi consertado na Su\u00ed\u00e7a, sem custo para o Brasil. Al\u00e9m disso, haver\u00e1 a apresenta\u00e7\u00e3o da obra \u201cAs Mulatas\u201d, de Di Cavalcanti, no Planalto.<\/p>\n<p style=\"text-align: justify;\">Enquanto no ano passado a data foi marcada por uma cerim\u00f4nia com autoridades no Congresso Nacional, neste ano a participa\u00e7\u00e3o da esquerda ser\u00e1 mais representativa.<\/p>\n<p style=\"text-align: justify;\">Parlamentares de direita pressionaram integrantes dos partidos de centro, inclusive o presidente da C\u00e2mara, Arthur Lira (PP-AL), a n\u00e3o acompanhar o evento no ano passado. Lira, de fato, n\u00e3o foi. Neste ano, apesar do convite, ele ainda n\u00e3o est\u00e1 confirmado, assim como Rodrigo Pacheco (PSD-MG), presidente do Senado.<\/p>\n<p style=\"text-align: justify;\">O ato no Planalto que marca os dois anos dos ataques ocorrer\u00e1 a menos de um m\u00eas das elei\u00e7\u00f5es para o comando do Congresso. Os prov\u00e1veis sucessores de Lira e Pacheco, Hugo Motta (Republicanos-PB) e Davi Alcolumbre (Uni\u00e3o Brasil-AP), respectivamente, tamb\u00e9m foram convidados, segundo relatos.<\/p>\n<p style=\"text-align: justify;\">Na C\u00e2mara dos Deputados, h\u00e1 um projeto de lei que prev\u00ea a anistia para os presos nos atos golpistas. Lira havia prometido votar o projeto ainda durante a sua gest\u00e3o, o que n\u00e3o ocorreu. Agora, Hugo Motta enfrenta a press\u00e3o de bolsonaristas para levar adiante o tema.<\/p>\n<p style=\"text-align: justify;\">Ao fim do evento, Lula descer\u00e1 a rampa do Planalto com autoridades para participar de ato convocado pela Frente Brasil Popular na pra\u00e7a.<\/p>\n<p style=\"text-align: justify;\">A expectativa \u00e9 reunir cerca de mil pessoas. Participam da organiza\u00e7\u00e3o partidos de esquerda (PT, PC do B e PV). CUT (Central \u00danica dos Trabalhadores), OAB (Ordem dos Advogados do Brasil) e CNBB (Confer\u00eancia Nacional dos Bispos do Brasil) tamb\u00e9m devem ser convidadas.<\/p>\n<p style=\"text-align: justify;\">O presidente, durante sua \u00faltima reuni\u00e3o com ministros, em dezembro, citou o ato que estavam organizando e pediu a presen\u00e7a de todos.<\/p>\n<p style=\"text-align: justify;\">Ele falou ainda da import\u00e2ncia da defesa da democracia e disse estar feliz em ver a pris\u00e3o do general Walter Braga Netto por ela representar uma a\u00e7\u00e3o contra a impunidade.<\/p>\n<p style=\"text-align: justify;\">O ex-vice na chapa de Jair Bolsonaro (PL) em 2022, Braga Netto \u00e9 primeiro general quatro estrelas preso no processo que apura tentativa de golpe nas elei\u00e7\u00f5es.<\/p>\n<p style=\"text-align: justify;\">O avan\u00e7o das investiga\u00e7\u00f5es apontou inclusive um suposto plano para assassinar Lula, o vice-presidente Geraldo Alckmin (PSB) e o ministro do STF (Supremo Tribunal Federal) Alexandre de Moraes.<\/p>\n<p style=\"text-align: justify;\">O ministro Jos\u00e9 M\u00facio (Defesa) e os comandantes das tr\u00eas for\u00e7as, que compareceram no ato de 2024, est\u00e3o confirmados no deste ano.<\/p>\n<p style=\"text-align: justify;\">\u00c0 \u00e9poca, M\u00facio disse no evento: \u201cEstou com os comandantes, foram homenageados, vieram homenagear a democracia porque eles lutaram por ela. Sofreram press\u00f5es, mas est\u00e3o aqui representando a maioria das For\u00e7as Armadas, que \u00e9 de legalistas comprometidos com a democracia\u201d.<br \/>\nO termo \u201cmilitares legalistas\u201d foi utilizado por Lula no seu discurso em 2024 e gerou ru\u00eddos na caserna.<\/p>\n<p style=\"text-align: justify;\">O presidente disse na ocasi\u00e3o que \u201cperd\u00e3o soaria como impunidade\u201d e que o ato marcava a vit\u00f3ria da democracia sobre o autoritarismo.<br \/>\n\u201cNunca uma caminhada t\u00e3o curta teve tanto significado na hist\u00f3ria do nosso pa\u00eds. A coragem de parlamentares, governadores e governadoras, ministros e ministras da Suprema Corte, de Estado, militares legalistas e sobretudo da maioria do povo brasileiro garantiu que n\u00f3s estiv\u00e9ssemos aqui hoje celebrando a vit\u00f3ria da democracia sobre o autoritarismo\u201d, disse, no Congresso.<\/p>\n<p style=\"text-align: justify;\">Lula se referia \u00e0 caminhada do Pal\u00e1cio do Planalto ao STF, que reuniu as autoridades no dia seguinte aos ataques. De bra\u00e7os dados, eles atravessaram a pra\u00e7a dos Tr\u00eas Poderes em rep\u00fadio ao epis\u00f3dio.<\/p>\n<p style=\"text-align: justify;\">\n<p style=\"text-align: justify;\"><span class=\"assinatura_exclusiva\">Marianna Holanda \/ Folhapress<\/span><\/p>\n","protected":false},"excerpt":{"rendered":"<p>O anivers\u00e1rio de dois anos do ataque golpista \u00e0s sedes dos tr\u00eas Poderes em 8 de janeiro de 2023 ter\u00e1 uma cerim\u00f4nia no Pal\u00e1cio do Planalto, em Bras\u00edlia, seguida por um ato com milit\u00e2ncia de esquerda na pra\u00e7a dos Tr\u00eas Poderes. De acordo com a Secom (Secretaria de Comunica\u00e7\u00e3o Social da Presid\u00eancia), o presidente Lula [&hellip;]<\/p>\n","protected":false},"author":1,"featured_media":48538,"comment_status":"open","ping_status":"open","sticky":false,"template":"","format":"standard","meta":{"_uag_custom_page_level_css":"","_monsterinsights_skip_tracking":false,"_monsterinsights_sitenote_active":false,"_monsterinsights_sitenote_note":"","_monsterinsights_sitenote_category":0,"jetpack_post_was_ever_published":false,"_jetpack_newsletter_access":"","_jetpack_dont_email_post_to_subs":false,"_jetpack_newsletter_tier_id":0,"_jetpack_memberships_contains_paywalled_content":false,"_jetpack_memberships_contains_paid_content":false,"footnotes":"","jetpack_publicize_message":"","jetpack_publicize_feature_enabled":true,"jetpack_social_post_already_shared":true,"jetpack_social_options":{"image_generator_settings":{"template":"highway","default_image_id":0,"font":"","enabled":false},"version":2}},"categories":[200],"tags":[10406,9859,21],"class_list":["post-71068","post","type-post","status-publish","format-standard","has-post-thumbnail","hentry","category-brasil","tag-bolsonarismo","tag-bolsonarista","tag-bolsonaro"],"jetpack_publicize_connections":[],"jetpack_featured_media_url":"https:\/\/blogopara.com.br\/wp-content\/uploads\/2023\/01\/manifestantes-bolsonaristas-terrorismo-invadem-e-destroem-o-pre\u0301dio-do-STF-31-600x400-1-e1673574849313.webp","uagb_featured_image_src":{"full":["https:\/\/blogopara.com.br\/wp-content\/uploads\/2023\/01\/manifestantes-bolsonaristas-terrorismo-invadem-e-destroem-o-pre\u0301dio-do-STF-31-600x400-1-e1673574849313.webp",500,333,false],"thumbnail":["https:\/\/blogopara.com.br\/wp-content\/uploads\/2023\/01\/manifestantes-bolsonaristas-terrorismo-invadem-e-destroem-o-pre\u0301dio-do-STF-31-600x400-1-150x150.webp",150,150,true],"medium":["https:\/\/blogopara.com.br\/wp-content\/uploads\/2023\/01\/manifestantes-bolsonaristas-terrorismo-invadem-e-destroem-o-pre\u0301dio-do-STF-31-600x400-1-300x200.webp",300,200,true],"medium_large":["https:\/\/blogopara.com.br\/wp-content\/uploads\/2023\/01\/manifestantes-bolsonaristas-terrorismo-invadem-e-destroem-o-pre\u0301dio-do-STF-31-600x400-1-e1673574849313.webp",500,333,false],"large":["https:\/\/blogopara.com.br\/wp-content\/uploads\/2023\/01\/manifestantes-bolsonaristas-terrorismo-invadem-e-destroem-o-pre\u0301dio-do-STF-31-600x400-1-e1673574849313.webp",500,333,false],"1536x1536":["https:\/\/blogopara.com.br\/wp-content\/uploads\/2023\/01\/manifestantes-bolsonaristas-terrorismo-invadem-e-destroem-o-pre\u0301dio-do-STF-31-600x400-1-e1673574849313.webp",500,333,false],"2048x2048":["https:\/\/blogopara.com.br\/wp-content\/uploads\/2023\/01\/manifestantes-bolsonaristas-terrorismo-invadem-e-destroem-o-pre\u0301dio-do-STF-31-600x400-1-e1673574849313.webp",500,333,false],"mantranews-slider-large":["https:\/\/blogopara.com.br\/wp-content\/uploads\/2023\/01\/manifestantes-bolsonaristas-terrorismo-invadem-e-destroem-o-pre\u0301dio-do-STF-31-600x400-1-e1673574849313.webp",500,333,false],"mantranews-featured-medium":["https:\/\/blogopara.com.br\/wp-content\/uploads\/2023\/01\/manifestantes-bolsonaristas-terrorismo-invadem-e-destroem-o-pre\u0301dio-do-STF-31-600x400-1-420x307.webp",420,307,true],"mantranews-featured-long":["https:\/\/blogopara.com.br\/wp-content\/uploads\/2023\/01\/manifestantes-bolsonaristas-terrorismo-invadem-e-destroem-o-pre\u0301dio-do-STF-31-600x400-1-300x400.webp",300,400,true],"mantranews-block-medium":["https:\/\/blogopara.com.br\/wp-content\/uploads\/2023\/01\/manifestantes-bolsonaristas-terrorismo-invadem-e-destroem-o-pre\u0301dio-do-STF-31-600x400-1-464x290.webp",464,290,true],"mantranews-carousel-image":["https:\/\/blogopara.com.br\/wp-content\/uploads\/2023\/01\/manifestantes-bolsonaristas-terrorismo-invadem-e-destroem-o-pre\u0301dio-do-STF-31-600x400-1-e1673574849313.webp",500,333,false],"mantranews-block-thumb":["https:\/\/blogopara.com.br\/wp-content\/uploads\/2023\/01\/manifestantes-bolsonaristas-terrorismo-invadem-e-destroem-o-pre\u0301dio-do-STF-31-600x400-1-322x230.webp",322,230,true],"mantranews-single-large":["https:\/\/blogopara.com.br\/wp-content\/uploads\/2023\/01\/manifestantes-bolsonaristas-terrorismo-invadem-e-destroem-o-pre\u0301dio-do-STF-31-600x400-1-e1673574849313.webp",500,333,false]},"uagb_author_info":{"display_name":"Reda\u00e7\u00e3o geral","author_link":"https:\/\/blogopara.com.br\/index.php\/author\/blogopara"},"uagb_comment_info":0,"uagb_excerpt":"O anivers\u00e1rio de dois anos do ataque golpista \u00e0s sedes dos tr\u00eas Poderes em 8 de janeiro de 2023 ter\u00e1 uma cerim\u00f4nia no Pal\u00e1cio do Planalto, em Bras\u00edlia, seguida por um ato com milit\u00e2ncia de esquerda na pra\u00e7a dos Tr\u00eas Poderes. De acordo com a Secom (Secretaria de Comunica\u00e7\u00e3o Social da Presid\u00eancia), o presidente Lula&hellip;","jetpack_sharing_enabled":true,"jetpack_likes_enabled":true,"_links":{"self":[{"href":"https:\/\/blogopara.com.br\/index.php\/wp-json\/wp\/v2\/posts\/71068","targetHints":{"allow":["GET"]}}],"collection":[{"href":"https:\/\/blogopara.com.br\/index.php\/wp-json\/wp\/v2\/posts"}],"about":[{"href":"https:\/\/blogopara.com.br\/index.php\/wp-json\/wp\/v2\/types\/post"}],"author":[{"embeddable":true,"href":"https:\/\/blogopara.com.br\/index.php\/wp-json\/wp\/v2\/users\/1"}],"replies":[{"embeddable":true,"href":"https:\/\/blogopara.com.br\/index.php\/wp-json\/wp\/v2\/comments?post=71068"}],"version-history":[{"count":1,"href":"https:\/\/blogopara.com.br\/index.php\/wp-json\/wp\/v2\/posts\/71068\/revisions"}],"predecessor-version":[{"id":71069,"href":"https:\/\/blogopara.com.br\/index.php\/wp-json\/wp\/v2\/posts\/71068\/revisions\/71069"}],"wp:featuredmedia":[{"embeddable":true,"href":"https:\/\/blogopara.com.br\/index.php\/wp-json\/wp\/v2\/media\/48538"}],"wp:attachment":[{"href":"https:\/\/blogopara.com.br\/index.php\/wp-json\/wp\/v2\/media?parent=71068"}],"wp:term":[{"taxonomy":"category","embeddable":true,"href":"https:\/\/blogopara.com.br\/index.php\/wp-json\/wp\/v2\/categories?post=71068"},{"taxonomy":"post_tag","embeddable":true,"href":"https:\/\/blogopara.com.br\/index.php\/wp-json\/wp\/v2\/tags?post=71068"}],"curies":[{"name":"wp","href":"https:\/\/api.w.org\/{rel}","templated":true}]}}