{"id":71070,"date":"2025-01-04T12:15:46","date_gmt":"2025-01-04T15:15:46","guid":{"rendered":"https:\/\/blogopara.com.br\/?p=71070"},"modified":"2025-01-04T12:15:46","modified_gmt":"2025-01-04T15:15:46","slug":"curaca-prefeito-murilo-bomfim-encontra-cidade-em-total-abandono-e-vai-declarar-estado-de-calamidade-publica","status":"publish","type":"post","link":"https:\/\/blogopara.com.br\/index.php\/2025\/01\/04\/curaca-prefeito-murilo-bomfim-encontra-cidade-em-total-abandono-e-vai-declarar-estado-de-calamidade-publica","title":{"rendered":"Cura\u00e7\u00e1: Prefeito Murilo Bomfim encontra cidade em total abandono e vai declarar estado de calamidade p\u00fablica"},"content":{"rendered":"<p style=\"text-align: justify;\">O prefeito de Cura\u00e7\u00e1, Murilo Bomfim (PT), iniciou seu mandato nesta quarta-feira (01) e logo se deparou com problemas em diversos setores da administra\u00e7\u00e3o municipal. As garagens da Prefeitura foram entregues em um estado alarmante de degrada\u00e7\u00e3o, com destaque para os ve\u00edculos da \u00e1rea da sa\u00fade, incluindo ambul\u00e2ncias e carros utilizados no Tratamento Fora de Domic\u00edlio (TFD).<\/p>\n<p style=\"text-align: justify;\">&#8220;Infelizmente, n\u00e3o houve um processo de transi\u00e7\u00e3o. Agora, chegamos na prefeitura e os computadores estavam sem HD. Vamos declarar estado de calamidade p\u00fablica&#8221;, destaca o prefeito. &#8220;A frota de ve\u00edculos da sa\u00fade, por exemplo, est\u00e1 completamente sucateada. \u00c9 lament\u00e1vel. Foram mais de 11 ambul\u00e2ncias recebidas na mesma \u00e9poca, s\u00e3o carros produzidos de 2018 pra c\u00e1. S\u00f3 na garagem, temos duas vans do TFD. Contamos, no momento, apenas com uma ambul\u00e2ncia funcionando e o suporte do SAMU para atender \u00e0s demandas da popula\u00e7\u00e3o&#8221;, completa.<\/p>\n<p style=\"text-align: justify;\">Devido ao estado atual, a prefeitura permanecer\u00e1 em expediente interno at\u00e9 o dia 12 de janeiro. &#8220;Com esse quadro, decidimos fechar a Prefeitura at\u00e9 o dia 12 para realizar uma reorganiza\u00e7\u00e3o interna e estruturar os servi\u00e7os essenciais. Pe\u00e7o ao povo de Cura\u00e7\u00e1 paci\u00eancia, porque a situa\u00e7\u00e3o \u00e9 triste&#8221;, concluiu.<\/p>\n<p style=\"text-align: justify;\">O secret\u00e1rio de Sa\u00fade, Gilberto Lib\u00f3rio, refor\u00e7a que os servi\u00e7os essenciais de sa\u00fade est\u00e3o \u00e0 disposi\u00e7\u00e3o da popula\u00e7\u00e3o. &#8220;Contamos hoje com dois m\u00e9dicos de plant\u00e3o 24h, ampliamos a atividade do atendimento m\u00e9dico e o governo do povo j\u00e1 est\u00e1 atuando a todo vapor&#8221;, frisa.<\/p>\n<p style=\"text-align: justify;\">\n<p style=\"text-align: justify;\">Ascom<\/p>\n","protected":false},"excerpt":{"rendered":"<p>O prefeito de Cura\u00e7\u00e1, Murilo Bomfim (PT), iniciou seu mandato nesta quarta-feira (01) e logo se deparou com problemas em diversos setores da administra\u00e7\u00e3o municipal. As garagens da Prefeitura foram entregues em um estado alarmante de degrada\u00e7\u00e3o, com destaque para os ve\u00edculos da \u00e1rea da sa\u00fade, incluindo ambul\u00e2ncias e carros utilizados no Tratamento Fora de [&hellip;]<\/p>\n","protected":false},"author":1,"featured_media":71071,"comment_status":"open","ping_status":"open","sticky":false,"template":"","format":"standard","meta":{"_uag_custom_page_level_css":"","_monsterinsights_skip_tracking":false,"_monsterinsights_sitenote_active":false,"_monsterinsights_sitenote_note":"","_monsterinsights_sitenote_category":0,"jetpack_post_was_ever_published":false,"_jetpack_newsletter_access":"","_jetpack_dont_email_post_to_subs":false,"_jetpack_newsletter_tier_id":0,"_jetpack_memberships_contains_paywalled_content":false,"_jetpack_memberships_contains_paid_content":false,"footnotes":"","jetpack_publicize_message":"","jetpack_publicize_feature_enabled":true,"jetpack_social_post_already_shared":true,"jetpack_social_options":{"image_generator_settings":{"template":"highway","default_image_id":0,"font":"","enabled":false},"version":2}},"categories":[1503],"tags":[],"class_list":["post-71070","post","type-post","status-publish","format-standard","has-post-thumbnail","hentry","category-curaca"],"jetpack_publicize_connections":[],"jetpack_featured_media_url":"https:\/\/blogopara.com.br\/wp-content\/uploads\/2025\/01\/ambulanciaCuraca.jpg","uagb_featured_image_src":{"full":["https:\/\/blogopara.com.br\/wp-content\/uploads\/2025\/01\/ambulanciaCuraca.jpg",500,375,false],"thumbnail":["https:\/\/blogopara.com.br\/wp-content\/uploads\/2025\/01\/ambulanciaCuraca-150x150.jpg",150,150,true],"medium":["https:\/\/blogopara.com.br\/wp-content\/uploads\/2025\/01\/ambulanciaCuraca-300x225.jpg",300,225,true],"medium_large":["https:\/\/blogopara.com.br\/wp-content\/uploads\/2025\/01\/ambulanciaCuraca.jpg",500,375,false],"large":["https:\/\/blogopara.com.br\/wp-content\/uploads\/2025\/01\/ambulanciaCuraca.jpg",500,375,false],"1536x1536":["https:\/\/blogopara.com.br\/wp-content\/uploads\/2025\/01\/ambulanciaCuraca.jpg",500,375,false],"2048x2048":["https:\/\/blogopara.com.br\/wp-content\/uploads\/2025\/01\/ambulanciaCuraca.jpg",500,375,false],"mantranews-slider-large":["https:\/\/blogopara.com.br\/wp-content\/uploads\/2025\/01\/ambulanciaCuraca.jpg",500,375,false],"mantranews-featured-medium":["https:\/\/blogopara.com.br\/wp-content\/uploads\/2025\/01\/ambulanciaCuraca-420x307.jpg",420,307,true],"mantranews-featured-long":["https:\/\/blogopara.com.br\/wp-content\/uploads\/2025\/01\/ambulanciaCuraca-300x375.jpg",300,375,true],"mantranews-block-medium":["https:\/\/blogopara.com.br\/wp-content\/uploads\/2025\/01\/ambulanciaCuraca-464x290.jpg",464,290,true],"mantranews-carousel-image":["https:\/\/blogopara.com.br\/wp-content\/uploads\/2025\/01\/ambulanciaCuraca.jpg",500,375,false],"mantranews-block-thumb":["https:\/\/blogopara.com.br\/wp-content\/uploads\/2025\/01\/ambulanciaCuraca-322x230.jpg",322,230,true],"mantranews-single-large":["https:\/\/blogopara.com.br\/wp-content\/uploads\/2025\/01\/ambulanciaCuraca.jpg",500,375,false]},"uagb_author_info":{"display_name":"Reda\u00e7\u00e3o geral","author_link":"https:\/\/blogopara.com.br\/index.php\/author\/blogopara"},"uagb_comment_info":0,"uagb_excerpt":"O prefeito de Cura\u00e7\u00e1, Murilo Bomfim (PT), iniciou seu mandato nesta quarta-feira (01) e logo se deparou com problemas em diversos setores da administra\u00e7\u00e3o municipal. As garagens da Prefeitura foram entregues em um estado alarmante de degrada\u00e7\u00e3o, com destaque para os ve\u00edculos da \u00e1rea da sa\u00fade, incluindo ambul\u00e2ncias e carros utilizados no Tratamento Fora de&hellip;","jetpack_sharing_enabled":true,"jetpack_likes_enabled":true,"_links":{"self":[{"href":"https:\/\/blogopara.com.br\/index.php\/wp-json\/wp\/v2\/posts\/71070","targetHints":{"allow":["GET"]}}],"collection":[{"href":"https:\/\/blogopara.com.br\/index.php\/wp-json\/wp\/v2\/posts"}],"about":[{"href":"https:\/\/blogopara.com.br\/index.php\/wp-json\/wp\/v2\/types\/post"}],"author":[{"embeddable":true,"href":"https:\/\/blogopara.com.br\/index.php\/wp-json\/wp\/v2\/users\/1"}],"replies":[{"embeddable":true,"href":"https:\/\/blogopara.com.br\/index.php\/wp-json\/wp\/v2\/comments?post=71070"}],"version-history":[{"count":1,"href":"https:\/\/blogopara.com.br\/index.php\/wp-json\/wp\/v2\/posts\/71070\/revisions"}],"predecessor-version":[{"id":71072,"href":"https:\/\/blogopara.com.br\/index.php\/wp-json\/wp\/v2\/posts\/71070\/revisions\/71072"}],"wp:featuredmedia":[{"embeddable":true,"href":"https:\/\/blogopara.com.br\/index.php\/wp-json\/wp\/v2\/media\/71071"}],"wp:attachment":[{"href":"https:\/\/blogopara.com.br\/index.php\/wp-json\/wp\/v2\/media?parent=71070"}],"wp:term":[{"taxonomy":"category","embeddable":true,"href":"https:\/\/blogopara.com.br\/index.php\/wp-json\/wp\/v2\/categories?post=71070"},{"taxonomy":"post_tag","embeddable":true,"href":"https:\/\/blogopara.com.br\/index.php\/wp-json\/wp\/v2\/tags?post=71070"}],"curies":[{"name":"wp","href":"https:\/\/api.w.org\/{rel}","templated":true}]}}