{"id":71078,"date":"2025-01-04T19:23:52","date_gmt":"2025-01-04T22:23:52","guid":{"rendered":"https:\/\/blogopara.com.br\/?p=71078"},"modified":"2025-01-04T19:23:54","modified_gmt":"2025-01-04T22:23:54","slug":"curaca-teto-do-almoxarifado-do-hospital-desaba","status":"publish","type":"post","link":"https:\/\/blogopara.com.br\/index.php\/2025\/01\/04\/curaca-teto-do-almoxarifado-do-hospital-desaba","title":{"rendered":"Cura\u00e7\u00e1: Teto do almoxarifado do hospital desaba"},"content":{"rendered":"<p style=\"text-align: justify;\">Na manh\u00e3 deste s\u00e1bado (04\/01) o Hospital Municipal de Cura\u00e7\u00e1 foi atingido por um incidente preocupante. Por volta das 5h, o teto do almoxarifado da unidade desabou, causando danos significativos aos equipamentos armazenados no local, incluindo prontu\u00e1rios, arm\u00e1rios, fog\u00f5es e um freezer.<\/p>\n<p style=\"text-align: justify;\">Imediatamente ap\u00f3s o ocorrido, a Secretaria de Sa\u00fade do munic\u00edpio isolou a \u00e1rea para garantir a seguran\u00e7a de funcion\u00e1rios e pacientes. A Secretaria de Sa\u00fade aguarda a chegada de um engenheiro especializado para realizar uma avalia\u00e7\u00e3o t\u00e9cnica detalhada do local e emitir um parecer sobre as condi\u00e7\u00f5es estruturais e os riscos envolvidos. A \u00e1rea j\u00e1 foi isolada, mas a Prefeitura de Cura\u00e7\u00e1, atrav\u00e9s da Secretaria de Sa\u00fade, ainda precisa determinar quais reparos ser\u00e3o necess\u00e1rios e como isso pode afetar o funcionamento do hospital.<\/p>\n<p style=\"text-align: justify;\">Felizmente, at\u00e9 o momento, n\u00e3o h\u00e1 registros de v\u00edtimas. No entanto, a situa\u00e7\u00e3o gerou apreens\u00e3o entre os profissionais de sa\u00fade e a comunidade local, que dependem do hospital para servi\u00e7os essenciais. A equipe de gest\u00e3o do hospital j\u00e1 trabalha para minimizar os impactos e garantir que o atendimento \u00e0 popula\u00e7\u00e3o n\u00e3o seja comprometido.<\/p>\n<p style=\"text-align: justify;\">Elias Fonseca Martins<br \/>\nAssessoria de Comunica\u00e7\u00e3o<br \/>\nPrefeitura Municipal de Cura\u00e7\u00e1<\/p>\n","protected":false},"excerpt":{"rendered":"<p>Na manh\u00e3 deste s\u00e1bado (04\/01) o Hospital Municipal de Cura\u00e7\u00e1 foi atingido por um incidente preocupante. Por volta das 5h, o teto do almoxarifado da unidade desabou, causando danos significativos aos equipamentos armazenados no local, incluindo prontu\u00e1rios, arm\u00e1rios, fog\u00f5es e um freezer. Imediatamente ap\u00f3s o ocorrido, a Secretaria de Sa\u00fade do munic\u00edpio isolou a \u00e1rea [&hellip;]<\/p>\n","protected":false},"author":1,"featured_media":71079,"comment_status":"open","ping_status":"open","sticky":false,"template":"","format":"standard","meta":{"_uag_custom_page_level_css":"","_monsterinsights_skip_tracking":false,"_monsterinsights_sitenote_active":false,"_monsterinsights_sitenote_note":"","_monsterinsights_sitenote_category":0,"jetpack_post_was_ever_published":false,"_jetpack_newsletter_access":"","_jetpack_dont_email_post_to_subs":false,"_jetpack_newsletter_tier_id":0,"_jetpack_memberships_contains_paywalled_content":false,"_jetpack_memberships_contains_paid_content":false,"footnotes":"","jetpack_publicize_message":"","jetpack_publicize_feature_enabled":true,"jetpack_social_post_already_shared":true,"jetpack_social_options":{"image_generator_settings":{"template":"highway","default_image_id":0,"font":"","enabled":false},"version":2}},"categories":[1503],"tags":[],"class_list":["post-71078","post","type-post","status-publish","format-standard","has-post-thumbnail","hentry","category-curaca"],"jetpack_publicize_connections":[],"jetpack_featured_media_url":"https:\/\/blogopara.com.br\/wp-content\/uploads\/2025\/01\/WhatsApp-Image-2025-01-04-at-16.25.50.jpeg","uagb_featured_image_src":{"full":["https:\/\/blogopara.com.br\/wp-content\/uploads\/2025\/01\/WhatsApp-Image-2025-01-04-at-16.25.50.jpeg",500,375,false],"thumbnail":["https:\/\/blogopara.com.br\/wp-content\/uploads\/2025\/01\/WhatsApp-Image-2025-01-04-at-16.25.50-150x150.jpeg",150,150,true],"medium":["https:\/\/blogopara.com.br\/wp-content\/uploads\/2025\/01\/WhatsApp-Image-2025-01-04-at-16.25.50-300x225.jpeg",300,225,true],"medium_large":["https:\/\/blogopara.com.br\/wp-content\/uploads\/2025\/01\/WhatsApp-Image-2025-01-04-at-16.25.50.jpeg",500,375,false],"large":["https:\/\/blogopara.com.br\/wp-content\/uploads\/2025\/01\/WhatsApp-Image-2025-01-04-at-16.25.50.jpeg",500,375,false],"1536x1536":["https:\/\/blogopara.com.br\/wp-content\/uploads\/2025\/01\/WhatsApp-Image-2025-01-04-at-16.25.50.jpeg",500,375,false],"2048x2048":["https:\/\/blogopara.com.br\/wp-content\/uploads\/2025\/01\/WhatsApp-Image-2025-01-04-at-16.25.50.jpeg",500,375,false],"mantranews-slider-large":["https:\/\/blogopara.com.br\/wp-content\/uploads\/2025\/01\/WhatsApp-Image-2025-01-04-at-16.25.50.jpeg",500,375,false],"mantranews-featured-medium":["https:\/\/blogopara.com.br\/wp-content\/uploads\/2025\/01\/WhatsApp-Image-2025-01-04-at-16.25.50-420x307.jpeg",420,307,true],"mantranews-featured-long":["https:\/\/blogopara.com.br\/wp-content\/uploads\/2025\/01\/WhatsApp-Image-2025-01-04-at-16.25.50-300x375.jpeg",300,375,true],"mantranews-block-medium":["https:\/\/blogopara.com.br\/wp-content\/uploads\/2025\/01\/WhatsApp-Image-2025-01-04-at-16.25.50-464x290.jpeg",464,290,true],"mantranews-carousel-image":["https:\/\/blogopara.com.br\/wp-content\/uploads\/2025\/01\/WhatsApp-Image-2025-01-04-at-16.25.50.jpeg",500,375,false],"mantranews-block-thumb":["https:\/\/blogopara.com.br\/wp-content\/uploads\/2025\/01\/WhatsApp-Image-2025-01-04-at-16.25.50-322x230.jpeg",322,230,true],"mantranews-single-large":["https:\/\/blogopara.com.br\/wp-content\/uploads\/2025\/01\/WhatsApp-Image-2025-01-04-at-16.25.50.jpeg",500,375,false]},"uagb_author_info":{"display_name":"Reda\u00e7\u00e3o geral","author_link":"https:\/\/blogopara.com.br\/index.php\/author\/blogopara"},"uagb_comment_info":0,"uagb_excerpt":"Na manh\u00e3 deste s\u00e1bado (04\/01) o Hospital Municipal de Cura\u00e7\u00e1 foi atingido por um incidente preocupante. Por volta das 5h, o teto do almoxarifado da unidade desabou, causando danos significativos aos equipamentos armazenados no local, incluindo prontu\u00e1rios, arm\u00e1rios, fog\u00f5es e um freezer. Imediatamente ap\u00f3s o ocorrido, a Secretaria de Sa\u00fade do munic\u00edpio isolou a \u00e1rea&hellip;","jetpack_sharing_enabled":true,"jetpack_likes_enabled":true,"_links":{"self":[{"href":"https:\/\/blogopara.com.br\/index.php\/wp-json\/wp\/v2\/posts\/71078","targetHints":{"allow":["GET"]}}],"collection":[{"href":"https:\/\/blogopara.com.br\/index.php\/wp-json\/wp\/v2\/posts"}],"about":[{"href":"https:\/\/blogopara.com.br\/index.php\/wp-json\/wp\/v2\/types\/post"}],"author":[{"embeddable":true,"href":"https:\/\/blogopara.com.br\/index.php\/wp-json\/wp\/v2\/users\/1"}],"replies":[{"embeddable":true,"href":"https:\/\/blogopara.com.br\/index.php\/wp-json\/wp\/v2\/comments?post=71078"}],"version-history":[{"count":1,"href":"https:\/\/blogopara.com.br\/index.php\/wp-json\/wp\/v2\/posts\/71078\/revisions"}],"predecessor-version":[{"id":71080,"href":"https:\/\/blogopara.com.br\/index.php\/wp-json\/wp\/v2\/posts\/71078\/revisions\/71080"}],"wp:featuredmedia":[{"embeddable":true,"href":"https:\/\/blogopara.com.br\/index.php\/wp-json\/wp\/v2\/media\/71079"}],"wp:attachment":[{"href":"https:\/\/blogopara.com.br\/index.php\/wp-json\/wp\/v2\/media?parent=71078"}],"wp:term":[{"taxonomy":"category","embeddable":true,"href":"https:\/\/blogopara.com.br\/index.php\/wp-json\/wp\/v2\/categories?post=71078"},{"taxonomy":"post_tag","embeddable":true,"href":"https:\/\/blogopara.com.br\/index.php\/wp-json\/wp\/v2\/tags?post=71078"}],"curies":[{"name":"wp","href":"https:\/\/api.w.org\/{rel}","templated":true}]}}