{"id":7125,"date":"2020-02-11T22:23:51","date_gmt":"2020-02-12T01:23:51","guid":{"rendered":"http:\/\/blogopara.com.br\/?p=7125"},"modified":"2020-02-11T22:27:16","modified_gmt":"2020-02-12T01:27:16","slug":"juazeiro-caminhao-da-coleta-do-lixo-cai-em-buraco-no-bairro-centenario","status":"publish","type":"post","link":"https:\/\/blogopara.com.br\/index.php\/2020\/02\/11\/juazeiro-caminhao-da-coleta-do-lixo-cai-em-buraco-no-bairro-centenario","title":{"rendered":"Juazeiro: Caminh\u00e3o da coleta do lixo cai em buraco, no bairro Centen\u00e1rio"},"content":{"rendered":"<p style=\"text-align: justify;\">Um leitor indignado enviou uma mensagem relatando o flagrante que aconteceu no inicio da noite desta ter\u00e7a-feira (11), no bairro Centen\u00e1rio, que \u00e9 carente de interven\u00e7\u00f5es da gest\u00e3o municipal.<\/p>\n<p style=\"text-align: justify;\">&#8220;Mais um flagrante com o descaso da Prefeitura. Rua das Palmeiras continua sendo palco de v\u00e1rias reportagens, com a reten\u00e7\u00e3o de \u00e1guas pluviais, formando uma imensa lagoa, agora por volta das 21h30min, conseguiu atolar o carro de coleta seletiva de lixo. At\u00e9 onde iremos suportar esse descaso. SOS Juazeiro&#8221;.<\/p>\n","protected":false},"excerpt":{"rendered":"<p>Um leitor indignado enviou uma mensagem relatando o flagrante que aconteceu no inicio da noite desta ter\u00e7a-feira (11), no bairro Centen\u00e1rio, que \u00e9 carente de interven\u00e7\u00f5es da gest\u00e3o municipal. &#8220;Mais um flagrante com o descaso da Prefeitura. Rua das Palmeiras continua sendo palco de v\u00e1rias reportagens, com a reten\u00e7\u00e3o de \u00e1guas pluviais, formando uma imensa [&hellip;]<\/p>\n","protected":false},"author":1,"featured_media":7126,"comment_status":"open","ping_status":"open","sticky":false,"template":"","format":"standard","meta":{"_uag_custom_page_level_css":"","_monsterinsights_skip_tracking":false,"_monsterinsights_sitenote_active":false,"_monsterinsights_sitenote_note":"","_monsterinsights_sitenote_category":0,"jetpack_post_was_ever_published":false,"_jetpack_newsletter_access":"","_jetpack_dont_email_post_to_subs":false,"_jetpack_newsletter_tier_id":0,"_jetpack_memberships_contains_paywalled_content":false,"_jetpack_memberships_contains_paid_content":false,"footnotes":"","jetpack_publicize_message":"","jetpack_publicize_feature_enabled":true,"jetpack_social_post_already_shared":true,"jetpack_social_options":{"image_generator_settings":{"template":"highway","default_image_id":0,"font":"","enabled":false},"version":2}},"categories":[203],"tags":[],"class_list":["post-7125","post","type-post","status-publish","format-standard","has-post-thumbnail","hentry","category-juazeiro"],"jetpack_publicize_connections":[],"jetpack_featured_media_url":"https:\/\/blogopara.com.br\/wp-content\/uploads\/2020\/02\/buraco.jpeg","uagb_featured_image_src":{"full":["https:\/\/blogopara.com.br\/wp-content\/uploads\/2020\/02\/buraco.jpeg",960,1280,false],"thumbnail":["https:\/\/blogopara.com.br\/wp-content\/uploads\/2020\/02\/buraco-150x150.jpeg",150,150,true],"medium":["https:\/\/blogopara.com.br\/wp-content\/uploads\/2020\/02\/buraco-225x300.jpeg",225,300,true],"medium_large":["https:\/\/blogopara.com.br\/wp-content\/uploads\/2020\/02\/buraco-768x1024.jpeg",640,853,true],"large":["https:\/\/blogopara.com.br\/wp-content\/uploads\/2020\/02\/buraco-768x1024.jpeg",640,853,true],"1536x1536":["https:\/\/blogopara.com.br\/wp-content\/uploads\/2020\/02\/buraco.jpeg",960,1280,false],"2048x2048":["https:\/\/blogopara.com.br\/wp-content\/uploads\/2020\/02\/buraco.jpeg",960,1280,false],"mantranews-slider-large":["https:\/\/blogopara.com.br\/wp-content\/uploads\/2020\/02\/buraco.jpeg",556,741,false],"mantranews-featured-medium":["https:\/\/blogopara.com.br\/wp-content\/uploads\/2020\/02\/buraco.jpeg",230,307,false],"mantranews-featured-long":["https:\/\/blogopara.com.br\/wp-content\/uploads\/2020\/02\/buraco.jpeg",300,400,false],"mantranews-block-medium":["https:\/\/blogopara.com.br\/wp-content\/uploads\/2020\/02\/buraco.jpeg",218,290,false],"mantranews-carousel-image":["https:\/\/blogopara.com.br\/wp-content\/uploads\/2020\/02\/buraco.jpeg",375,500,false],"mantranews-block-thumb":["https:\/\/blogopara.com.br\/wp-content\/uploads\/2020\/02\/buraco.jpeg",173,230,false],"mantranews-single-large":["https:\/\/blogopara.com.br\/wp-content\/uploads\/2020\/02\/buraco.jpeg",482,642,false]},"uagb_author_info":{"display_name":"Reda\u00e7\u00e3o geral","author_link":"https:\/\/blogopara.com.br\/index.php\/author\/blogopara"},"uagb_comment_info":1,"uagb_excerpt":"Um leitor indignado enviou uma mensagem relatando o flagrante que aconteceu no inicio da noite desta ter\u00e7a-feira (11), no bairro Centen\u00e1rio, que \u00e9 carente de interven\u00e7\u00f5es da gest\u00e3o municipal. &#8220;Mais um flagrante com o descaso da Prefeitura. Rua das Palmeiras continua sendo palco de v\u00e1rias reportagens, com a reten\u00e7\u00e3o de \u00e1guas pluviais, formando uma imensa&hellip;","jetpack_sharing_enabled":true,"jetpack_likes_enabled":true,"_links":{"self":[{"href":"https:\/\/blogopara.com.br\/index.php\/wp-json\/wp\/v2\/posts\/7125","targetHints":{"allow":["GET"]}}],"collection":[{"href":"https:\/\/blogopara.com.br\/index.php\/wp-json\/wp\/v2\/posts"}],"about":[{"href":"https:\/\/blogopara.com.br\/index.php\/wp-json\/wp\/v2\/types\/post"}],"author":[{"embeddable":true,"href":"https:\/\/blogopara.com.br\/index.php\/wp-json\/wp\/v2\/users\/1"}],"replies":[{"embeddable":true,"href":"https:\/\/blogopara.com.br\/index.php\/wp-json\/wp\/v2\/comments?post=7125"}],"version-history":[{"count":2,"href":"https:\/\/blogopara.com.br\/index.php\/wp-json\/wp\/v2\/posts\/7125\/revisions"}],"predecessor-version":[{"id":7128,"href":"https:\/\/blogopara.com.br\/index.php\/wp-json\/wp\/v2\/posts\/7125\/revisions\/7128"}],"wp:featuredmedia":[{"embeddable":true,"href":"https:\/\/blogopara.com.br\/index.php\/wp-json\/wp\/v2\/media\/7126"}],"wp:attachment":[{"href":"https:\/\/blogopara.com.br\/index.php\/wp-json\/wp\/v2\/media?parent=7125"}],"wp:term":[{"taxonomy":"category","embeddable":true,"href":"https:\/\/blogopara.com.br\/index.php\/wp-json\/wp\/v2\/categories?post=7125"},{"taxonomy":"post_tag","embeddable":true,"href":"https:\/\/blogopara.com.br\/index.php\/wp-json\/wp\/v2\/tags?post=7125"}],"curies":[{"name":"wp","href":"https:\/\/api.w.org\/{rel}","templated":true}]}}