{"id":71254,"date":"2025-01-09T22:19:32","date_gmt":"2025-01-10T01:19:32","guid":{"rendered":"https:\/\/blogopara.com.br\/?p=71254"},"modified":"2025-01-09T22:19:33","modified_gmt":"2025-01-10T01:19:33","slug":"equipes-da-prefeitura-de-juazeiro-e-da-secretaria-de-educacao-do-estado-da-bahia-discutem-demandas-da-rede-municipal-de-ensino","status":"publish","type":"post","link":"https:\/\/blogopara.com.br\/index.php\/2025\/01\/09\/equipes-da-prefeitura-de-juazeiro-e-da-secretaria-de-educacao-do-estado-da-bahia-discutem-demandas-da-rede-municipal-de-ensino","title":{"rendered":"Equipes da Prefeitura de Juazeiro e da Secretaria de Educa\u00e7\u00e3o do Estado da Bahia discutem demandas da Rede Municipal de ensino"},"content":{"rendered":"<p style=\"text-align: justify;\">Representantes das Secretarias de Educa\u00e7\u00e3o de Juazeiro (Seduc) e da Secretaria de Educa\u00e7\u00e3o do Estado da Bahia (SEC) se reuniram na sede da Seduc, nesta quinta-feira (09), para discutir os desafios do munic\u00edpio para o in\u00edcio do ano letivo. Participaram do encontro a secret\u00e1ria de Educa\u00e7\u00e3o, Ma\u00e9ve Melo, e sua equipe, o assessor especial da SEC, Manoel Calazans, o superintendente de Gest\u00e3o da Informa\u00e7\u00e3o da SEC, Rainer Guimar\u00e3es, o assessor, Helder Amorim, e o diretor do N\u00facleo Territorial de Educa\u00e7\u00e3o do Territ\u00f3rio do Sert\u00e3o do S\u00e3o Francisco (NTE-10), Regivaldo Alves.<\/p>\n<p style=\"text-align: justify;\">A reuni\u00e3o teve como objetivo apresentar um diagn\u00f3stico dos desafios encontrados na Seduc e alinhar uma coopera\u00e7\u00e3o entre o munic\u00edpio e o governo do estado. \u201cAp\u00f3s o nosso primeiro encontro com o governador Jer\u00f4nimo Rodrigues e o alinhamento com a secret\u00e1ria de Educa\u00e7\u00e3o do Estado, Rowenna Brito, realizamos um levantamento para identificar nossas principais demandas para o in\u00edcio do ano letivo. Esse diagn\u00f3stico foi apresentado, hoje, para a equipe t\u00e9cnica da SEC e a expectativa \u00e9 que o estado possa nos ajudar em nossas prioridades, o que j\u00e1 foi sinalizado positivamente pelos gestores, para atender demandas como as de infraestrutura escolar e transporte, por exemplo\u201d, contou a secret\u00e1ria Ma\u00e9ve Melo, lembrando que a Seduc conta com uma d\u00edvida de R$ 26 milh\u00f5es deixada pela gest\u00e3o anterior.<\/p>\n<p style=\"text-align: justify;\">O assessor especial da SEC, Manoel Calazans, avaliou o resultado da reuni\u00e3o e destacou a disponibilidade do governo do estado em colaborar com a melhoria da qualidade da educa\u00e7\u00e3o no munic\u00edpio. \u201cA secret\u00e1ria Ma\u00e9ve Melo conseguiu fazer um bom diagn\u00f3stico das suas principais necessidades e, a partir da\u00ed, a gente j\u00e1 vai trabalhar em pontos espec\u00edficos indicados pela secret\u00e1ria. Ent\u00e3o, foi muito produtiva\u201d.<\/p>\n<p style=\"text-align: justify;\">Ap\u00f3s a reuni\u00e3o, os participantes realizaram uma visita de campo \u00e0 Escola Anton\u00edlio da Fran\u00e7a Cardoso, no bairro Dom Jos\u00e9 Rodrigues, e \u00e0 Escola Municipal Celso Cavalcante de Carvalho, no Projeto Mandacaru, a fim de verificar o cen\u00e1rio encontrado nas unidades escolares.<br \/>\n\u2014<\/p>\n<p style=\"text-align: justify;\">Ascom\/PMJ<\/p>\n","protected":false},"excerpt":{"rendered":"<p>Representantes das Secretarias de Educa\u00e7\u00e3o de Juazeiro (Seduc) e da Secretaria de Educa\u00e7\u00e3o do Estado da Bahia (SEC) se reuniram na sede da Seduc, nesta quinta-feira (09), para discutir os desafios do munic\u00edpio para o in\u00edcio do ano letivo. Participaram do encontro a secret\u00e1ria de Educa\u00e7\u00e3o, Ma\u00e9ve Melo, e sua equipe, o assessor especial da [&hellip;]<\/p>\n","protected":false},"author":1,"featured_media":71255,"comment_status":"open","ping_status":"open","sticky":false,"template":"","format":"standard","meta":{"_uag_custom_page_level_css":"","_monsterinsights_skip_tracking":false,"_monsterinsights_sitenote_active":false,"_monsterinsights_sitenote_note":"","_monsterinsights_sitenote_category":0,"jetpack_post_was_ever_published":false,"_jetpack_newsletter_access":"","_jetpack_dont_email_post_to_subs":false,"_jetpack_newsletter_tier_id":0,"_jetpack_memberships_contains_paywalled_content":false,"_jetpack_memberships_contains_paid_content":false,"footnotes":"","jetpack_publicize_message":"","jetpack_publicize_feature_enabled":true,"jetpack_social_post_already_shared":true,"jetpack_social_options":{"image_generator_settings":{"template":"highway","default_image_id":0,"font":"","enabled":false},"version":2}},"categories":[203],"tags":[902],"class_list":["post-71254","post","type-post","status-publish","format-standard","has-post-thumbnail","hentry","category-juazeiro","tag-seduc"],"jetpack_publicize_connections":[],"jetpack_featured_media_url":"https:\/\/blogopara.com.br\/wp-content\/uploads\/2025\/01\/download.jpg","uagb_featured_image_src":{"full":["https:\/\/blogopara.com.br\/wp-content\/uploads\/2025\/01\/download.jpg",500,400,false],"thumbnail":["https:\/\/blogopara.com.br\/wp-content\/uploads\/2025\/01\/download-150x150.jpg",150,150,true],"medium":["https:\/\/blogopara.com.br\/wp-content\/uploads\/2025\/01\/download-300x240.jpg",300,240,true],"medium_large":["https:\/\/blogopara.com.br\/wp-content\/uploads\/2025\/01\/download.jpg",500,400,false],"large":["https:\/\/blogopara.com.br\/wp-content\/uploads\/2025\/01\/download.jpg",500,400,false],"1536x1536":["https:\/\/blogopara.com.br\/wp-content\/uploads\/2025\/01\/download.jpg",500,400,false],"2048x2048":["https:\/\/blogopara.com.br\/wp-content\/uploads\/2025\/01\/download.jpg",500,400,false],"mantranews-slider-large":["https:\/\/blogopara.com.br\/wp-content\/uploads\/2025\/01\/download.jpg",500,400,false],"mantranews-featured-medium":["https:\/\/blogopara.com.br\/wp-content\/uploads\/2025\/01\/download-420x307.jpg",420,307,true],"mantranews-featured-long":["https:\/\/blogopara.com.br\/wp-content\/uploads\/2025\/01\/download-300x400.jpg",300,400,true],"mantranews-block-medium":["https:\/\/blogopara.com.br\/wp-content\/uploads\/2025\/01\/download-464x290.jpg",464,290,true],"mantranews-carousel-image":["https:\/\/blogopara.com.br\/wp-content\/uploads\/2025\/01\/download.jpg",500,400,false],"mantranews-block-thumb":["https:\/\/blogopara.com.br\/wp-content\/uploads\/2025\/01\/download-322x230.jpg",322,230,true],"mantranews-single-large":["https:\/\/blogopara.com.br\/wp-content\/uploads\/2025\/01\/download.jpg",500,400,false]},"uagb_author_info":{"display_name":"Reda\u00e7\u00e3o geral","author_link":"https:\/\/blogopara.com.br\/index.php\/author\/blogopara"},"uagb_comment_info":0,"uagb_excerpt":"Representantes das Secretarias de Educa\u00e7\u00e3o de Juazeiro (Seduc) e da Secretaria de Educa\u00e7\u00e3o do Estado da Bahia (SEC) se reuniram na sede da Seduc, nesta quinta-feira (09), para discutir os desafios do munic\u00edpio para o in\u00edcio do ano letivo. Participaram do encontro a secret\u00e1ria de Educa\u00e7\u00e3o, Ma\u00e9ve Melo, e sua equipe, o assessor especial da&hellip;","jetpack_sharing_enabled":true,"jetpack_likes_enabled":true,"_links":{"self":[{"href":"https:\/\/blogopara.com.br\/index.php\/wp-json\/wp\/v2\/posts\/71254","targetHints":{"allow":["GET"]}}],"collection":[{"href":"https:\/\/blogopara.com.br\/index.php\/wp-json\/wp\/v2\/posts"}],"about":[{"href":"https:\/\/blogopara.com.br\/index.php\/wp-json\/wp\/v2\/types\/post"}],"author":[{"embeddable":true,"href":"https:\/\/blogopara.com.br\/index.php\/wp-json\/wp\/v2\/users\/1"}],"replies":[{"embeddable":true,"href":"https:\/\/blogopara.com.br\/index.php\/wp-json\/wp\/v2\/comments?post=71254"}],"version-history":[{"count":1,"href":"https:\/\/blogopara.com.br\/index.php\/wp-json\/wp\/v2\/posts\/71254\/revisions"}],"predecessor-version":[{"id":71256,"href":"https:\/\/blogopara.com.br\/index.php\/wp-json\/wp\/v2\/posts\/71254\/revisions\/71256"}],"wp:featuredmedia":[{"embeddable":true,"href":"https:\/\/blogopara.com.br\/index.php\/wp-json\/wp\/v2\/media\/71255"}],"wp:attachment":[{"href":"https:\/\/blogopara.com.br\/index.php\/wp-json\/wp\/v2\/media?parent=71254"}],"wp:term":[{"taxonomy":"category","embeddable":true,"href":"https:\/\/blogopara.com.br\/index.php\/wp-json\/wp\/v2\/categories?post=71254"},{"taxonomy":"post_tag","embeddable":true,"href":"https:\/\/blogopara.com.br\/index.php\/wp-json\/wp\/v2\/tags?post=71254"}],"curies":[{"name":"wp","href":"https:\/\/api.w.org\/{rel}","templated":true}]}}