{"id":71269,"date":"2025-01-10T14:08:36","date_gmt":"2025-01-10T17:08:36","guid":{"rendered":"https:\/\/blogopara.com.br\/?p=71269"},"modified":"2025-01-10T14:08:37","modified_gmt":"2025-01-10T17:08:37","slug":"gestos-ligados-a-faccoes-criminosas-provocam-mais-mortes-na-bahia","status":"publish","type":"post","link":"https:\/\/blogopara.com.br\/index.php\/2025\/01\/10\/gestos-ligados-a-faccoes-criminosas-provocam-mais-mortes-na-bahia","title":{"rendered":"Gestos ligados a fac\u00e7\u00f5es criminosas provocam mais mortes na Bahia"},"content":{"rendered":"<p style=\"text-align: justify;\">A morte de Marcos Vin\u00edcius Alves Gon\u00e7alves, 20 anos, assassinado a tiros em Feira de Santana, na segunda-feira (6), ap\u00f3s uma publica\u00e7\u00e3o nas redes sociais, reacendeu a preocupa\u00e7\u00e3o com gestos ligados a fac\u00e7\u00f5es criminosas e que estariam motivando assassinatos por bandidos rivais.<\/p>\n<p style=\"text-align: justify;\">A Bahia registrou ao menos oito mortes com essa motiva\u00e7\u00e3o em menos de 1 ano \u2013 a mais recente, de Marcos, tem apenas 24 horas. Ele aparece fazendo um gesto associado a uma fac\u00e7\u00e3o que atua no munic\u00edpio, que \u00e9 o segundo maior do estado.<\/p>\n<p style=\"text-align: justify;\">O crime ocorreu na Rua Boa Esperan\u00e7a, no bairro Asa Branca. De acordo com a Pol\u00edcia Civil, dois homens se aproximaram da v\u00edtima e efetuaram os disparos. O jovem n\u00e3o possu\u00eda antecedentes criminais. A corpora\u00e7\u00e3o apura se o caso trata-se mesmo de retalia\u00e7\u00e3o de uma fac\u00e7\u00e3o rival.<\/p>\n<p style=\"text-align: justify;\">No fim de 2024, o jovem Ian Lucas Barbosa de Jesus, tamb\u00e9m de 20 anos, morador de Narandiba, na capital, foi sequestrado no dia 31 e morto por traficantes do Bonde do Maluco (BDM) pouco ap\u00f3s ter sua imagem divulgada nas redes sociais, onde diz a frase \u201cc\u00ea sabe\u201d, durante uma festa no Trobogy.<\/p>\n<p style=\"text-align: justify;\">Segundo informa\u00e7\u00e3o de policiais da regi\u00e3o, o termo dito pelo rapaz passou a ser associado ao arquirrival do BDM, o Comando Vermelho (CV). Os dois grupos travam uma guerra violenta por territ\u00f3rios em Salvador e tamb\u00e9m no interior baiano.<\/p>\n<p style=\"text-align: justify;\">Na semana passada, um suposto comunicado atribu\u00eddo ao BDM circulou nas redes sociais, negando que integrantes da fac\u00e7\u00e3o estivessem cometendo assassinatos tendo como mote esses sinais, incluindo a express\u00e3o \u201cc\u00ea sabe\u201d e camisetas do personagem Mickey, da Disney. A veracidade do comunicado n\u00e3o foi confirmada.<\/p>\n<p style=\"text-align: justify;\">Nesta ter\u00e7a-feira (7), o secret\u00e1rio de Seguran\u00e7a P\u00fablica da Bahia, Marcelo Werner, voltou a dizer que n\u00e3o cita nomes de fac\u00e7\u00f5es ou lideran\u00e7as nem fala sobre gestos e s\u00edmbolos por considerar apologia. \u201cO que fazemos \u00e9 um trabalho articulado entre as for\u00e7as de seguran\u00e7a estaduais e federais no enfrentamento \u00e0 viol\u00eancia. Houve aumento de armas e drogas apreendidas, de pessoas presas, aumento do efetivo policial e de opera\u00e7\u00f5es realizadas no estado\u201d, afirmou.<\/p>\n<div class=\"flex flex-col p-2 px-0 w-full\" style=\"text-align: justify;\">\n<p id=\"paragrafo-fbttcy5krz\" class=\"font-normal text-[18px] leading-[30px] text-tw-theme-text-default\"><strong>3 de janeiro, Saubara<\/strong><\/p>\n<\/div>\n<p style=\"text-align: justify;\">O ambulante Allisson Cerqueira Nascimento, 18 anos, foi agredido at\u00e9 a morte por um grupo de homens na cidade de Saubara, no Rec\u00f4ncavo Baiano. Apesar de n\u00e3o ter liga\u00e7\u00e3o com o crime, ele foi assassinado porque usava uma camisa com o desenho do Mickey, supostamente vinculada \u00e0 fac\u00e7\u00e3o conhecida como \u2018A Tropa\u2019. Traficantes do BDM s\u00e3o suspeitos pelo crime.<\/p>\n<p style=\"text-align: justify;\"><strong>23 de fevereiro, em Salvador<\/strong><\/p>\n<p style=\"text-align: justify;\">Um casal foi morto dentro da pr\u00f3pria casa e na frente dos filhos no bairro de Massaranduba, na capital. Identificados como Lorena Rabelo dos Santos, 26 anos, e Everton Silva de Ara\u00fajo, os dois viraram alvos do CV ap\u00f3s Lorena fazer uma live onde saudava integrantes do BDM e provocava os rivais. Na live, que teria acontecido semanas antes, integrantes do CV chegaram a avisar que todos seriam mortos. Os suspeitos usaram uma escada para invadir o pr\u00e9dio ondes as v\u00edtimas moravam.<\/p>\n<p style=\"text-align: justify;\"><strong>9 de abril, em Salvador<\/strong><\/p>\n<p style=\"text-align: justify;\">Uma mulher acabou morta a tiros na Rua Neide Gama, no bairro do Engenho Velho da Federa\u00e7\u00e3o. A v\u00edtima teria sido abordada por traficantes do CV no local que examinaram seu aparelho telef\u00f4nico e encontraram v\u00eddeos em que ela faz um sinal em refer\u00eancia ao BDM. Depois, foi encontrada morta com dezenas de tiros na cabe\u00e7a. Na ocasi\u00e3o, o bairro registrava confrontos entre as fac\u00e7\u00f5es.<\/p>\n<p style=\"text-align: justify;\"><strong>7 de outubro, em Emiss\u00e1rio de Arembepe\/ Cama\u00e7ari<\/strong><\/p>\n<p style=\"text-align: justify;\">M\u00fasicos do Mal\u00ea Debal\u00ea, Daniel Natividade, de 24 anos, e Gustavo Natividade, de 15 anos, foram mortos a tiros em um ataque do CV ap\u00f3s posarem para foto onde faziam o n\u00famero 3. Os dois n\u00e3o tinham vincula\u00e7\u00e3o com o crime, mas foram associados ao BDM, que tem o n\u00famero como s\u00edmbolo utilizado em picha\u00e7\u00f5es e sauda\u00e7\u00f5es. Os irm\u00e3os foram perseguidos e executados. Duas pessoas tamb\u00e9m foram feridas.<\/p>\n","protected":false},"excerpt":{"rendered":"<p>A morte de Marcos Vin\u00edcius Alves Gon\u00e7alves, 20 anos, assassinado a tiros em Feira de Santana, na segunda-feira (6), ap\u00f3s uma publica\u00e7\u00e3o nas redes sociais, reacendeu a preocupa\u00e7\u00e3o com gestos ligados a fac\u00e7\u00f5es criminosas e que estariam motivando assassinatos por bandidos rivais. A Bahia registrou ao menos oito mortes com essa motiva\u00e7\u00e3o em menos de [&hellip;]<\/p>\n","protected":false},"author":1,"featured_media":24959,"comment_status":"open","ping_status":"open","sticky":false,"template":"","format":"standard","meta":{"_uag_custom_page_level_css":"","_monsterinsights_skip_tracking":false,"_monsterinsights_sitenote_active":false,"_monsterinsights_sitenote_note":"","_monsterinsights_sitenote_category":0,"jetpack_post_was_ever_published":false,"_jetpack_newsletter_access":"","_jetpack_dont_email_post_to_subs":false,"_jetpack_newsletter_tier_id":0,"_jetpack_memberships_contains_paywalled_content":false,"_jetpack_memberships_contains_paid_content":false,"footnotes":"","jetpack_publicize_message":"","jetpack_publicize_feature_enabled":true,"jetpack_social_post_already_shared":true,"jetpack_social_options":{"image_generator_settings":{"template":"highway","default_image_id":0,"font":"","enabled":false},"version":2}},"categories":[199,202],"tags":[],"class_list":["post-71269","post","type-post","status-publish","format-standard","has-post-thumbnail","hentry","category-bahia","category-policia"],"jetpack_publicize_connections":[],"jetpack_featured_media_url":"https:\/\/blogopara.com.br\/wp-content\/uploads\/2021\/06\/tiro-arma-pistola-1-e1586405588501-696x385-1.jpg","uagb_featured_image_src":{"full":["https:\/\/blogopara.com.br\/wp-content\/uploads\/2021\/06\/tiro-arma-pistola-1-e1586405588501-696x385-1.jpg",500,276,false],"thumbnail":["https:\/\/blogopara.com.br\/wp-content\/uploads\/2021\/06\/tiro-arma-pistola-1-e1586405588501-696x385-1-150x150.jpg",150,150,true],"medium":["https:\/\/blogopara.com.br\/wp-content\/uploads\/2021\/06\/tiro-arma-pistola-1-e1586405588501-696x385-1-300x166.jpg",300,166,true],"medium_large":["https:\/\/blogopara.com.br\/wp-content\/uploads\/2021\/06\/tiro-arma-pistola-1-e1586405588501-696x385-1.jpg",500,276,false],"large":["https:\/\/blogopara.com.br\/wp-content\/uploads\/2021\/06\/tiro-arma-pistola-1-e1586405588501-696x385-1.jpg",500,276,false],"1536x1536":["https:\/\/blogopara.com.br\/wp-content\/uploads\/2021\/06\/tiro-arma-pistola-1-e1586405588501-696x385-1.jpg",500,276,false],"2048x2048":["https:\/\/blogopara.com.br\/wp-content\/uploads\/2021\/06\/tiro-arma-pistola-1-e1586405588501-696x385-1.jpg",500,276,false],"mantranews-slider-large":["https:\/\/blogopara.com.br\/wp-content\/uploads\/2021\/06\/tiro-arma-pistola-1-e1586405588501-696x385-1.jpg",500,276,false],"mantranews-featured-medium":["https:\/\/blogopara.com.br\/wp-content\/uploads\/2021\/06\/tiro-arma-pistola-1-e1586405588501-696x385-1-420x276.jpg",420,276,true],"mantranews-featured-long":["https:\/\/blogopara.com.br\/wp-content\/uploads\/2021\/06\/tiro-arma-pistola-1-e1586405588501-696x385-1-300x276.jpg",300,276,true],"mantranews-block-medium":["https:\/\/blogopara.com.br\/wp-content\/uploads\/2021\/06\/tiro-arma-pistola-1-e1586405588501-696x385-1-464x276.jpg",464,276,true],"mantranews-carousel-image":["https:\/\/blogopara.com.br\/wp-content\/uploads\/2021\/06\/tiro-arma-pistola-1-e1586405588501-696x385-1.jpg",500,276,false],"mantranews-block-thumb":["https:\/\/blogopara.com.br\/wp-content\/uploads\/2021\/06\/tiro-arma-pistola-1-e1586405588501-696x385-1-322x230.jpg",322,230,true],"mantranews-single-large":["https:\/\/blogopara.com.br\/wp-content\/uploads\/2021\/06\/tiro-arma-pistola-1-e1586405588501-696x385-1.jpg",500,276,false]},"uagb_author_info":{"display_name":"Reda\u00e7\u00e3o geral","author_link":"https:\/\/blogopara.com.br\/index.php\/author\/blogopara"},"uagb_comment_info":0,"uagb_excerpt":"A morte de Marcos Vin\u00edcius Alves Gon\u00e7alves, 20 anos, assassinado a tiros em Feira de Santana, na segunda-feira (6), ap\u00f3s uma publica\u00e7\u00e3o nas redes sociais, reacendeu a preocupa\u00e7\u00e3o com gestos ligados a fac\u00e7\u00f5es criminosas e que estariam motivando assassinatos por bandidos rivais. A Bahia registrou ao menos oito mortes com essa motiva\u00e7\u00e3o em menos de&hellip;","jetpack_sharing_enabled":true,"jetpack_likes_enabled":true,"_links":{"self":[{"href":"https:\/\/blogopara.com.br\/index.php\/wp-json\/wp\/v2\/posts\/71269","targetHints":{"allow":["GET"]}}],"collection":[{"href":"https:\/\/blogopara.com.br\/index.php\/wp-json\/wp\/v2\/posts"}],"about":[{"href":"https:\/\/blogopara.com.br\/index.php\/wp-json\/wp\/v2\/types\/post"}],"author":[{"embeddable":true,"href":"https:\/\/blogopara.com.br\/index.php\/wp-json\/wp\/v2\/users\/1"}],"replies":[{"embeddable":true,"href":"https:\/\/blogopara.com.br\/index.php\/wp-json\/wp\/v2\/comments?post=71269"}],"version-history":[{"count":1,"href":"https:\/\/blogopara.com.br\/index.php\/wp-json\/wp\/v2\/posts\/71269\/revisions"}],"predecessor-version":[{"id":71270,"href":"https:\/\/blogopara.com.br\/index.php\/wp-json\/wp\/v2\/posts\/71269\/revisions\/71270"}],"wp:featuredmedia":[{"embeddable":true,"href":"https:\/\/blogopara.com.br\/index.php\/wp-json\/wp\/v2\/media\/24959"}],"wp:attachment":[{"href":"https:\/\/blogopara.com.br\/index.php\/wp-json\/wp\/v2\/media?parent=71269"}],"wp:term":[{"taxonomy":"category","embeddable":true,"href":"https:\/\/blogopara.com.br\/index.php\/wp-json\/wp\/v2\/categories?post=71269"},{"taxonomy":"post_tag","embeddable":true,"href":"https:\/\/blogopara.com.br\/index.php\/wp-json\/wp\/v2\/tags?post=71269"}],"curies":[{"name":"wp","href":"https:\/\/api.w.org\/{rel}","templated":true}]}}