{"id":71418,"date":"2025-01-13T15:02:56","date_gmt":"2025-01-13T18:02:56","guid":{"rendered":"https:\/\/blogopara.com.br\/?p=71418"},"modified":"2025-01-13T15:02:56","modified_gmt":"2025-01-13T18:02:56","slug":"prefeitura-de-casa-nova-trabalha-para-minimizar-impactos-da-chuva","status":"publish","type":"post","link":"https:\/\/blogopara.com.br\/index.php\/2025\/01\/13\/prefeitura-de-casa-nova-trabalha-para-minimizar-impactos-da-chuva","title":{"rendered":"Prefeitura de Casa Nova trabalha para minimizar impactos da chuva"},"content":{"rendered":"<p>A Prefeitura de Casa Nova est\u00e1 atuando de forma integrada para minimizar os impactos causados pelas fortes chuvas que atingem o munic\u00edpio. Equipes das secretarias de Sa\u00fade, A\u00e7\u00e3o Social, Obras, Educa\u00e7\u00e3o, Urbanismo, Cultura, Esporte, Meio Ambiente, Agricultura e do Servi\u00e7o Aut\u00f4nomo de \u00c1gua e Esgoto (SAAE) est\u00e3o mobilizadas para atender \u00e0s comunidades mais afetadas.<\/p>\n<p>As localidades de Z\u00e9 da Totonha, Jo\u00e3o e Maria, Vila Mass\u00fa, S\u00e3o Francisco, Gilson Viana, S\u00e3o Jer\u00f4nimo e o Distrito de Santana do Sobrado est\u00e3o recebendo aten\u00e7\u00e3o especial. Homens e m\u00e1quinas trabalham na limpeza de canais e na desobstru\u00e7\u00e3o de galerias de \u00e1guas pluviais para evitar alagamentos e garantir o escoamento adequado das \u00e1guas.<\/p>\n<p>O prefeito Anisio Viana destacou a import\u00e2ncia do trabalho conjunto para minimizar os impactos. \u201cNossa prioridade \u00e9 garantir a seguran\u00e7a e o bem-estar da popula\u00e7\u00e3o. Estamos com nossas equipes em campo para oferecer assist\u00eancia imediata \u00e0s fam\u00edlias e minimizar os transtornos causados pelas chuvas. Continuaremos empenhados at\u00e9 que a situa\u00e7\u00e3o esteja totalmente controlada\u201d, disse.<\/p>\n<p>Al\u00e9m das a\u00e7\u00f5es emergenciais, a Prefeitura tamb\u00e9m est\u00e1 organizando medidas de apoio social, incluindo o atendimento \u00e0s fam\u00edlias que tiveram suas casas atingidas. \u201cEstamos unidos e prontos para enfrentar este momento com responsabilidade e compromisso com o povo de Casa Nova. Infelizmente, anos do n\u00e3o cuidado com a nossa cidade resultou nesses problemas e n\u00f3s estamos desde o primeiro dia de governo empenhados em mudar essa realidade em Casa Nova\u201d, concluiu o prefeito.<\/p>\n<p>Plant\u00e3o<\/p>\n<p>A previs\u00e3o \u00e9 que a chuva continue at\u00e9 a quarta-feira (15). As equipes da Prefeitura de Casa Nova est\u00e3o em alerta, prontas para responderem \u00e0s demandas da comunidade que possam surgir<\/p>\n<p>&#8212;<br \/>\nTexto: Ascom\/PMCN<\/p>\n","protected":false},"excerpt":{"rendered":"<p>A Prefeitura de Casa Nova est\u00e1 atuando de forma integrada para minimizar os impactos causados pelas fortes chuvas que atingem o munic\u00edpio. Equipes das secretarias de Sa\u00fade, A\u00e7\u00e3o Social, Obras, Educa\u00e7\u00e3o, Urbanismo, Cultura, Esporte, Meio Ambiente, Agricultura e do Servi\u00e7o Aut\u00f4nomo de \u00c1gua e Esgoto (SAAE) est\u00e3o mobilizadas para atender \u00e0s comunidades mais afetadas. As [&hellip;]<\/p>\n","protected":false},"author":1,"featured_media":71421,"comment_status":"open","ping_status":"open","sticky":false,"template":"","format":"standard","meta":{"_uag_custom_page_level_css":"","_monsterinsights_skip_tracking":false,"_monsterinsights_sitenote_active":false,"_monsterinsights_sitenote_note":"","_monsterinsights_sitenote_category":0,"jetpack_post_was_ever_published":false,"_jetpack_newsletter_access":"","_jetpack_dont_email_post_to_subs":false,"_jetpack_newsletter_tier_id":0,"_jetpack_memberships_contains_paywalled_content":false,"_jetpack_memberships_contains_paid_content":false,"footnotes":"","jetpack_publicize_message":"","jetpack_publicize_feature_enabled":true,"jetpack_social_post_already_shared":true,"jetpack_social_options":{"image_generator_settings":{"template":"highway","default_image_id":0,"font":"","enabled":false},"version":2}},"categories":[10850],"tags":[],"class_list":["post-71418","post","type-post","status-publish","format-standard","has-post-thumbnail","hentry","category-vale-do-sao-francisco-vale-do-sao-francisco"],"jetpack_publicize_connections":[],"jetpack_featured_media_url":"https:\/\/blogopara.com.br\/wp-content\/uploads\/2025\/01\/cn2.jpg","uagb_featured_image_src":{"full":["https:\/\/blogopara.com.br\/wp-content\/uploads\/2025\/01\/cn2.jpg",500,375,false],"thumbnail":["https:\/\/blogopara.com.br\/wp-content\/uploads\/2025\/01\/cn2-150x150.jpg",150,150,true],"medium":["https:\/\/blogopara.com.br\/wp-content\/uploads\/2025\/01\/cn2-300x225.jpg",300,225,true],"medium_large":["https:\/\/blogopara.com.br\/wp-content\/uploads\/2025\/01\/cn2.jpg",500,375,false],"large":["https:\/\/blogopara.com.br\/wp-content\/uploads\/2025\/01\/cn2.jpg",500,375,false],"1536x1536":["https:\/\/blogopara.com.br\/wp-content\/uploads\/2025\/01\/cn2.jpg",500,375,false],"2048x2048":["https:\/\/blogopara.com.br\/wp-content\/uploads\/2025\/01\/cn2.jpg",500,375,false],"mantranews-slider-large":["https:\/\/blogopara.com.br\/wp-content\/uploads\/2025\/01\/cn2.jpg",500,375,false],"mantranews-featured-medium":["https:\/\/blogopara.com.br\/wp-content\/uploads\/2025\/01\/cn2-420x307.jpg",420,307,true],"mantranews-featured-long":["https:\/\/blogopara.com.br\/wp-content\/uploads\/2025\/01\/cn2-300x375.jpg",300,375,true],"mantranews-block-medium":["https:\/\/blogopara.com.br\/wp-content\/uploads\/2025\/01\/cn2-464x290.jpg",464,290,true],"mantranews-carousel-image":["https:\/\/blogopara.com.br\/wp-content\/uploads\/2025\/01\/cn2.jpg",500,375,false],"mantranews-block-thumb":["https:\/\/blogopara.com.br\/wp-content\/uploads\/2025\/01\/cn2-322x230.jpg",322,230,true],"mantranews-single-large":["https:\/\/blogopara.com.br\/wp-content\/uploads\/2025\/01\/cn2.jpg",500,375,false]},"uagb_author_info":{"display_name":"Reda\u00e7\u00e3o geral","author_link":"https:\/\/blogopara.com.br\/index.php\/author\/blogopara"},"uagb_comment_info":0,"uagb_excerpt":"A Prefeitura de Casa Nova est\u00e1 atuando de forma integrada para minimizar os impactos causados pelas fortes chuvas que atingem o munic\u00edpio. Equipes das secretarias de Sa\u00fade, A\u00e7\u00e3o Social, Obras, Educa\u00e7\u00e3o, Urbanismo, Cultura, Esporte, Meio Ambiente, Agricultura e do Servi\u00e7o Aut\u00f4nomo de \u00c1gua e Esgoto (SAAE) est\u00e3o mobilizadas para atender \u00e0s comunidades mais afetadas. As&hellip;","jetpack_sharing_enabled":true,"jetpack_likes_enabled":true,"_links":{"self":[{"href":"https:\/\/blogopara.com.br\/index.php\/wp-json\/wp\/v2\/posts\/71418","targetHints":{"allow":["GET"]}}],"collection":[{"href":"https:\/\/blogopara.com.br\/index.php\/wp-json\/wp\/v2\/posts"}],"about":[{"href":"https:\/\/blogopara.com.br\/index.php\/wp-json\/wp\/v2\/types\/post"}],"author":[{"embeddable":true,"href":"https:\/\/blogopara.com.br\/index.php\/wp-json\/wp\/v2\/users\/1"}],"replies":[{"embeddable":true,"href":"https:\/\/blogopara.com.br\/index.php\/wp-json\/wp\/v2\/comments?post=71418"}],"version-history":[{"count":1,"href":"https:\/\/blogopara.com.br\/index.php\/wp-json\/wp\/v2\/posts\/71418\/revisions"}],"predecessor-version":[{"id":71422,"href":"https:\/\/blogopara.com.br\/index.php\/wp-json\/wp\/v2\/posts\/71418\/revisions\/71422"}],"wp:featuredmedia":[{"embeddable":true,"href":"https:\/\/blogopara.com.br\/index.php\/wp-json\/wp\/v2\/media\/71421"}],"wp:attachment":[{"href":"https:\/\/blogopara.com.br\/index.php\/wp-json\/wp\/v2\/media?parent=71418"}],"wp:term":[{"taxonomy":"category","embeddable":true,"href":"https:\/\/blogopara.com.br\/index.php\/wp-json\/wp\/v2\/categories?post=71418"},{"taxonomy":"post_tag","embeddable":true,"href":"https:\/\/blogopara.com.br\/index.php\/wp-json\/wp\/v2\/tags?post=71418"}],"curies":[{"name":"wp","href":"https:\/\/api.w.org\/{rel}","templated":true}]}}