{"id":71424,"date":"2025-01-13T19:46:48","date_gmt":"2025-01-13T22:46:48","guid":{"rendered":"https:\/\/blogopara.com.br\/?p=71424"},"modified":"2025-01-13T19:46:48","modified_gmt":"2025-01-13T22:46:48","slug":"lula-sanciona-lei-que-proibe-uso-de-celular-nas-escolas-em-todo-o-pais-brasil","status":"publish","type":"post","link":"https:\/\/blogopara.com.br\/index.php\/2025\/01\/13\/lula-sanciona-lei-que-proibe-uso-de-celular-nas-escolas-em-todo-o-pais-brasil","title":{"rendered":"Lula sanciona lei que pro\u00edbe uso de celular nas escolas em todo o pa\u00eds brasil"},"content":{"rendered":"<p>O presidente Lula (PT) sancionou, na tarde desta segunda-feira (13), o projeto de lei que pro\u00edbe o uso de celular em escolas p\u00fablicas e privadas de todo o pa\u00eds.<\/p>\n<p>A proposta foi aprovada de forma simb\u00f3lica (sem a contagem de votos no painel) no Senado, em dezembro. A restri\u00e7\u00e3o ao uso de celular nas escolas ganhou tra\u00e7\u00e3o no Congresso Nacional depois que o Minist\u00e9rio da Educa\u00e7\u00e3o decidiu abra\u00e7ar a mudan\u00e7a.<\/p>\n<p>A expectativa do governo federal, no final do ano, era de colocar o PL em pr\u00e1tica no come\u00e7o do ano letivo.<\/p>\n<p>A san\u00e7\u00e3o ocorreu em evento fechado, mas transmitido na internet, com ministros e parlamentares no Pal\u00e1cio do Planalto. O texto ainda ser\u00e1 publicado no Di\u00e1rio Oficial da Uni\u00e3o, mas segundo o governo n\u00e3o ter\u00e1 vetos.<\/p>\n<p>Pa\u00edses como Fran\u00e7a, Espanha, Gr\u00e9cia, Dinamarca, It\u00e1lia e Holanda j\u00e1 possuem legisla\u00e7\u00f5es que restringem uso de celular em escolas.<\/p>\n<p>O projeto foi aprovado com amplo apoio no intervalo de uma semana. Na C\u00e2mara dos Deputados, o texto foi votado pela CCJ (Comiss\u00e3o de Constitui\u00e7\u00e3o e Justi\u00e7a) de forma terminativa, pulando o plen\u00e1rio. No Senado, a oposi\u00e7\u00e3o se dividiu sobre o projeto \u2014e saiu derrotada.<\/p>\n<p>A proibi\u00e7\u00e3o ao uso de celular e outros dispositivos eletr\u00f4nicos m\u00f3veis (como tablets e rel\u00f3gios conectados \u00e0 Internet) por parte dos alunos vale em todo o ambiente escolar, tanto nas aulas quanto nos recreios, intervalos e em atividades extracurriculares.<\/p>\n<p>O secret\u00e1rio municipal de Educa\u00e7\u00e3o do Rio de Janeiro, Renan Ferreirinha (PSD-RJ), reassumiu o mandato de deputado federal para relatar o projeto na C\u00e2mara. A capital foi pioneira no banimento de celulares em escolas, no come\u00e7o do ano.<\/p>\n<p>O estado de S\u00e3o Paulo aprovou uma lei de teor semelhante. No caso das escolas paulistas, a legisla\u00e7\u00e3o \u00e9 mais clara sobre o armazenamento dos aparelhos: devem ser guardados de forma que os alunos n\u00e3o tenham acesso a eles, o que descarta mochilas e arm\u00e1rios individuais.<\/p>\n<p>No caso do projeto de lei nacional, n\u00e3o existe determina\u00e7\u00e3o espec\u00edfica para o armazenamento dos equipamentos. Esse detalhe poder\u00e1 ser resolvido por meio de regulamenta\u00e7\u00e3o nacional posterior ou por meio de legisla\u00e7\u00f5es locais.<\/p>\n<p>Pesquisa Datafolha realizada em outubro mostrou que a maioria (62%) dos brasileiros a partir dos 16 anos \u00e9 favor\u00e1vel \u00e0 proibi\u00e7\u00e3o do uso de celulares por crian\u00e7as e adolescentes nas escolas, tanto em sala de aula quanto nos intervalos.<\/p>\n<p>Na parcela da popula\u00e7\u00e3o que tem filhos de at\u00e9 12 ou de at\u00e9 18 anos o apoio \u00e0 proibi\u00e7\u00e3o \u00e9 um pouco maior: 65%.<\/p>\n<p>\u00c9 ainda maior o n\u00famero dos que consideram que o celular traz mais preju\u00edzos do que benef\u00edcios ao aprendizado de crian\u00e7as e adolescentes: 76% da popula\u00e7\u00e3o e 78% entre os que s\u00e3o pais de crian\u00e7as.<\/p>\n<p>Marianna Holanda\/Folhapress<\/p>\n","protected":false},"excerpt":{"rendered":"<p>O presidente Lula (PT) sancionou, na tarde desta segunda-feira (13), o projeto de lei que pro\u00edbe o uso de celular em escolas p\u00fablicas e privadas de todo o pa\u00eds. A proposta foi aprovada de forma simb\u00f3lica (sem a contagem de votos no painel) no Senado, em dezembro. A restri\u00e7\u00e3o ao uso de celular nas escolas [&hellip;]<\/p>\n","protected":false},"author":1,"featured_media":48730,"comment_status":"open","ping_status":"open","sticky":false,"template":"","format":"standard","meta":{"_uag_custom_page_level_css":"","_monsterinsights_skip_tracking":false,"_monsterinsights_sitenote_active":false,"_monsterinsights_sitenote_note":"","_monsterinsights_sitenote_category":0,"jetpack_post_was_ever_published":false,"_jetpack_newsletter_access":"","_jetpack_dont_email_post_to_subs":false,"_jetpack_newsletter_tier_id":0,"_jetpack_memberships_contains_paywalled_content":false,"_jetpack_memberships_contains_paid_content":false,"footnotes":"","jetpack_publicize_message":"","jetpack_publicize_feature_enabled":true,"jetpack_social_post_already_shared":true,"jetpack_social_options":{"image_generator_settings":{"template":"highway","default_image_id":0,"font":"","enabled":false},"version":2}},"categories":[200],"tags":[],"class_list":["post-71424","post","type-post","status-publish","format-standard","has-post-thumbnail","hentry","category-brasil"],"jetpack_publicize_connections":[],"jetpack_featured_media_url":"https:\/\/blogopara.com.br\/wp-content\/uploads\/2023\/01\/1024px-2022-convencao-nacional-do-psb-lula-500x333-1.jpg","uagb_featured_image_src":{"full":["https:\/\/blogopara.com.br\/wp-content\/uploads\/2023\/01\/1024px-2022-convencao-nacional-do-psb-lula-500x333-1.jpg",500,333,false],"thumbnail":["https:\/\/blogopara.com.br\/wp-content\/uploads\/2023\/01\/1024px-2022-convencao-nacional-do-psb-lula-500x333-1-150x150.jpg",150,150,true],"medium":["https:\/\/blogopara.com.br\/wp-content\/uploads\/2023\/01\/1024px-2022-convencao-nacional-do-psb-lula-500x333-1-300x200.jpg",300,200,true],"medium_large":["https:\/\/blogopara.com.br\/wp-content\/uploads\/2023\/01\/1024px-2022-convencao-nacional-do-psb-lula-500x333-1.jpg",500,333,false],"large":["https:\/\/blogopara.com.br\/wp-content\/uploads\/2023\/01\/1024px-2022-convencao-nacional-do-psb-lula-500x333-1.jpg",500,333,false],"1536x1536":["https:\/\/blogopara.com.br\/wp-content\/uploads\/2023\/01\/1024px-2022-convencao-nacional-do-psb-lula-500x333-1.jpg",500,333,false],"2048x2048":["https:\/\/blogopara.com.br\/wp-content\/uploads\/2023\/01\/1024px-2022-convencao-nacional-do-psb-lula-500x333-1.jpg",500,333,false],"mantranews-slider-large":["https:\/\/blogopara.com.br\/wp-content\/uploads\/2023\/01\/1024px-2022-convencao-nacional-do-psb-lula-500x333-1.jpg",500,333,false],"mantranews-featured-medium":["https:\/\/blogopara.com.br\/wp-content\/uploads\/2023\/01\/1024px-2022-convencao-nacional-do-psb-lula-500x333-1-420x307.jpg",420,307,true],"mantranews-featured-long":["https:\/\/blogopara.com.br\/wp-content\/uploads\/2023\/01\/1024px-2022-convencao-nacional-do-psb-lula-500x333-1-300x333.jpg",300,333,true],"mantranews-block-medium":["https:\/\/blogopara.com.br\/wp-content\/uploads\/2023\/01\/1024px-2022-convencao-nacional-do-psb-lula-500x333-1-464x290.jpg",464,290,true],"mantranews-carousel-image":["https:\/\/blogopara.com.br\/wp-content\/uploads\/2023\/01\/1024px-2022-convencao-nacional-do-psb-lula-500x333-1.jpg",500,333,false],"mantranews-block-thumb":["https:\/\/blogopara.com.br\/wp-content\/uploads\/2023\/01\/1024px-2022-convencao-nacional-do-psb-lula-500x333-1-322x230.jpg",322,230,true],"mantranews-single-large":["https:\/\/blogopara.com.br\/wp-content\/uploads\/2023\/01\/1024px-2022-convencao-nacional-do-psb-lula-500x333-1.jpg",500,333,false]},"uagb_author_info":{"display_name":"Reda\u00e7\u00e3o geral","author_link":"https:\/\/blogopara.com.br\/index.php\/author\/blogopara"},"uagb_comment_info":0,"uagb_excerpt":"O presidente Lula (PT) sancionou, na tarde desta segunda-feira (13), o projeto de lei que pro\u00edbe o uso de celular em escolas p\u00fablicas e privadas de todo o pa\u00eds. A proposta foi aprovada de forma simb\u00f3lica (sem a contagem de votos no painel) no Senado, em dezembro. A restri\u00e7\u00e3o ao uso de celular nas escolas&hellip;","jetpack_sharing_enabled":true,"jetpack_likes_enabled":true,"_links":{"self":[{"href":"https:\/\/blogopara.com.br\/index.php\/wp-json\/wp\/v2\/posts\/71424","targetHints":{"allow":["GET"]}}],"collection":[{"href":"https:\/\/blogopara.com.br\/index.php\/wp-json\/wp\/v2\/posts"}],"about":[{"href":"https:\/\/blogopara.com.br\/index.php\/wp-json\/wp\/v2\/types\/post"}],"author":[{"embeddable":true,"href":"https:\/\/blogopara.com.br\/index.php\/wp-json\/wp\/v2\/users\/1"}],"replies":[{"embeddable":true,"href":"https:\/\/blogopara.com.br\/index.php\/wp-json\/wp\/v2\/comments?post=71424"}],"version-history":[{"count":1,"href":"https:\/\/blogopara.com.br\/index.php\/wp-json\/wp\/v2\/posts\/71424\/revisions"}],"predecessor-version":[{"id":71425,"href":"https:\/\/blogopara.com.br\/index.php\/wp-json\/wp\/v2\/posts\/71424\/revisions\/71425"}],"wp:featuredmedia":[{"embeddable":true,"href":"https:\/\/blogopara.com.br\/index.php\/wp-json\/wp\/v2\/media\/48730"}],"wp:attachment":[{"href":"https:\/\/blogopara.com.br\/index.php\/wp-json\/wp\/v2\/media?parent=71424"}],"wp:term":[{"taxonomy":"category","embeddable":true,"href":"https:\/\/blogopara.com.br\/index.php\/wp-json\/wp\/v2\/categories?post=71424"},{"taxonomy":"post_tag","embeddable":true,"href":"https:\/\/blogopara.com.br\/index.php\/wp-json\/wp\/v2\/tags?post=71424"}],"curies":[{"name":"wp","href":"https:\/\/api.w.org\/{rel}","templated":true}]}}