{"id":71458,"date":"2025-01-14T09:58:26","date_gmt":"2025-01-14T12:58:26","guid":{"rendered":"https:\/\/blogopara.com.br\/?p=71458"},"modified":"2025-01-14T09:58:26","modified_gmt":"2025-01-14T12:58:26","slug":"prefeitura-de-senhor-do-bonfim-lanca-o-projeto-bonfitness-para-movimentar-o-verao-nesta-terca-14","status":"publish","type":"post","link":"https:\/\/blogopara.com.br\/index.php\/2025\/01\/14\/prefeitura-de-senhor-do-bonfim-lanca-o-projeto-bonfitness-para-movimentar-o-verao-nesta-terca-14","title":{"rendered":"Prefeitura de Senhor do Bonfim lan\u00e7a o Projeto Bonfitness para movimentar o ver\u00e3o nesta ter\u00e7a (14)"},"content":{"rendered":"<p>A Prefeitura de Senhor do Bonfim, por meio da Superintend\u00eancia de Esportes, anuncia o Projeto Bonfitness, uma iniciativa inovadora que promete transformar as noites de ver\u00e3o na cidade em momentos de sa\u00fade, bem-estar e divers\u00e3o. O projeto, que conta com a parceria da Met Sports, ser\u00e1 realizado gratuitamente entre os dias 14 de janeiro e 22 de fevereiro, na Pra\u00e7a Nova do Congresso, sempre a partir das 19h, nas ter\u00e7as, quintas e s\u00e1bados, e conta com a parceria de academias, grupos de dan\u00e7a e profissionais habilitados.<\/p>\n<p>O objetivo do Bonfitness \u00e9 promover atividades f\u00edsicas ao ar livre, como Hitbox, Ritmos e Dan\u00e7a, voltadas para pessoas de todas as idades. &#8220;Nosso compromisso \u00e9 oferecer qualidade de vida para a popula\u00e7\u00e3o de Senhor do Bonfim. O Bonfitness \u00e9 mais uma a\u00e7\u00e3o que demonstra nossa preocupa\u00e7\u00e3o em criar espa\u00e7os de conviv\u00eancia e promover sa\u00fade e bem-estar para todos. Convidamos todos os bonfinenses para viver essa experi\u00eancia especial. N\u00e3o percam, venham cuidar da sa\u00fade, se divertir e aproveitar o melhor do ver\u00e3o com o Bonfitness\u201d, pontuou o prefeito La\u00e9rcio J\u00fanior<\/p>\n<p>Programa\u00e7\u00e3o da semana<\/p>\n<p>Nesta ter\u00e7a-feira (14) a programa\u00e7\u00e3o ser\u00e1 aberta com aulas de Dan\u00e7a e Hitbox, comandadas por Lekinho Merllyn. Na quinta-feira (16) ser\u00e1 a vez de Osvaldo Moura com aula de Gin\u00e1stica Aer\u00f3bica e no s\u00e1bado (18) o Studio Fit Rodrigo Lago traz aula de Funcional.<\/p>\n<p>O superintendente de esportes, Silvio Nunes, ressalta a import\u00e2ncia do projeto para incentivar h\u00e1bitos saud\u00e1veis na popula\u00e7\u00e3o. &#8220;O Bonfitness \u00e9 uma oportunidade \u00fanica para unir sa\u00fade, lazer e comunidade. Queremos que todos participem e aproveitem ao m\u00e1ximo as atividades. O ver\u00e3o \u00e9 o momento ideal para cuidar do corpo e da mente de forma leve e descontra\u00edda&#8221;.<br \/>\n&#8212;<br \/>\nTexto: Ascom PMSB<\/p>\n","protected":false},"excerpt":{"rendered":"<p>A Prefeitura de Senhor do Bonfim, por meio da Superintend\u00eancia de Esportes, anuncia o Projeto Bonfitness, uma iniciativa inovadora que promete transformar as noites de ver\u00e3o na cidade em momentos de sa\u00fade, bem-estar e divers\u00e3o. O projeto, que conta com a parceria da Met Sports, ser\u00e1 realizado gratuitamente entre os dias 14 de janeiro e [&hellip;]<\/p>\n","protected":false},"author":1,"featured_media":71459,"comment_status":"open","ping_status":"open","sticky":false,"template":"","format":"standard","meta":{"_uag_custom_page_level_css":"","_monsterinsights_skip_tracking":false,"_monsterinsights_sitenote_active":false,"_monsterinsights_sitenote_note":"","_monsterinsights_sitenote_category":0,"jetpack_post_was_ever_published":false,"_jetpack_newsletter_access":"","_jetpack_dont_email_post_to_subs":false,"_jetpack_newsletter_tier_id":0,"_jetpack_memberships_contains_paywalled_content":false,"_jetpack_memberships_contains_paid_content":false,"footnotes":"","jetpack_publicize_message":"","jetpack_publicize_feature_enabled":true,"jetpack_social_post_already_shared":true,"jetpack_social_options":{"image_generator_settings":{"template":"highway","default_image_id":0,"font":"","enabled":false},"version":2}},"categories":[10082],"tags":[],"class_list":["post-71458","post","type-post","status-publish","format-standard","has-post-thumbnail","hentry","category-senhor-do-bonfim"],"jetpack_publicize_connections":[],"jetpack_featured_media_url":"https:\/\/blogopara.com.br\/wp-content\/uploads\/2025\/01\/7b53e032-d2e9-4139-b5d2-2b97baf22e80.jpeg","uagb_featured_image_src":{"full":["https:\/\/blogopara.com.br\/wp-content\/uploads\/2025\/01\/7b53e032-d2e9-4139-b5d2-2b97baf22e80.jpeg",500,315,false],"thumbnail":["https:\/\/blogopara.com.br\/wp-content\/uploads\/2025\/01\/7b53e032-d2e9-4139-b5d2-2b97baf22e80-150x150.jpeg",150,150,true],"medium":["https:\/\/blogopara.com.br\/wp-content\/uploads\/2025\/01\/7b53e032-d2e9-4139-b5d2-2b97baf22e80-300x189.jpeg",300,189,true],"medium_large":["https:\/\/blogopara.com.br\/wp-content\/uploads\/2025\/01\/7b53e032-d2e9-4139-b5d2-2b97baf22e80.jpeg",500,315,false],"large":["https:\/\/blogopara.com.br\/wp-content\/uploads\/2025\/01\/7b53e032-d2e9-4139-b5d2-2b97baf22e80.jpeg",500,315,false],"1536x1536":["https:\/\/blogopara.com.br\/wp-content\/uploads\/2025\/01\/7b53e032-d2e9-4139-b5d2-2b97baf22e80.jpeg",500,315,false],"2048x2048":["https:\/\/blogopara.com.br\/wp-content\/uploads\/2025\/01\/7b53e032-d2e9-4139-b5d2-2b97baf22e80.jpeg",500,315,false],"mantranews-slider-large":["https:\/\/blogopara.com.br\/wp-content\/uploads\/2025\/01\/7b53e032-d2e9-4139-b5d2-2b97baf22e80.jpeg",500,315,false],"mantranews-featured-medium":["https:\/\/blogopara.com.br\/wp-content\/uploads\/2025\/01\/7b53e032-d2e9-4139-b5d2-2b97baf22e80-420x307.jpeg",420,307,true],"mantranews-featured-long":["https:\/\/blogopara.com.br\/wp-content\/uploads\/2025\/01\/7b53e032-d2e9-4139-b5d2-2b97baf22e80-300x315.jpeg",300,315,true],"mantranews-block-medium":["https:\/\/blogopara.com.br\/wp-content\/uploads\/2025\/01\/7b53e032-d2e9-4139-b5d2-2b97baf22e80-464x290.jpeg",464,290,true],"mantranews-carousel-image":["https:\/\/blogopara.com.br\/wp-content\/uploads\/2025\/01\/7b53e032-d2e9-4139-b5d2-2b97baf22e80.jpeg",500,315,false],"mantranews-block-thumb":["https:\/\/blogopara.com.br\/wp-content\/uploads\/2025\/01\/7b53e032-d2e9-4139-b5d2-2b97baf22e80-322x230.jpeg",322,230,true],"mantranews-single-large":["https:\/\/blogopara.com.br\/wp-content\/uploads\/2025\/01\/7b53e032-d2e9-4139-b5d2-2b97baf22e80.jpeg",500,315,false]},"uagb_author_info":{"display_name":"Reda\u00e7\u00e3o geral","author_link":"https:\/\/blogopara.com.br\/index.php\/author\/blogopara"},"uagb_comment_info":0,"uagb_excerpt":"A Prefeitura de Senhor do Bonfim, por meio da Superintend\u00eancia de Esportes, anuncia o Projeto Bonfitness, uma iniciativa inovadora que promete transformar as noites de ver\u00e3o na cidade em momentos de sa\u00fade, bem-estar e divers\u00e3o. O projeto, que conta com a parceria da Met Sports, ser\u00e1 realizado gratuitamente entre os dias 14 de janeiro e&hellip;","jetpack_sharing_enabled":true,"jetpack_likes_enabled":true,"_links":{"self":[{"href":"https:\/\/blogopara.com.br\/index.php\/wp-json\/wp\/v2\/posts\/71458","targetHints":{"allow":["GET"]}}],"collection":[{"href":"https:\/\/blogopara.com.br\/index.php\/wp-json\/wp\/v2\/posts"}],"about":[{"href":"https:\/\/blogopara.com.br\/index.php\/wp-json\/wp\/v2\/types\/post"}],"author":[{"embeddable":true,"href":"https:\/\/blogopara.com.br\/index.php\/wp-json\/wp\/v2\/users\/1"}],"replies":[{"embeddable":true,"href":"https:\/\/blogopara.com.br\/index.php\/wp-json\/wp\/v2\/comments?post=71458"}],"version-history":[{"count":1,"href":"https:\/\/blogopara.com.br\/index.php\/wp-json\/wp\/v2\/posts\/71458\/revisions"}],"predecessor-version":[{"id":71460,"href":"https:\/\/blogopara.com.br\/index.php\/wp-json\/wp\/v2\/posts\/71458\/revisions\/71460"}],"wp:featuredmedia":[{"embeddable":true,"href":"https:\/\/blogopara.com.br\/index.php\/wp-json\/wp\/v2\/media\/71459"}],"wp:attachment":[{"href":"https:\/\/blogopara.com.br\/index.php\/wp-json\/wp\/v2\/media?parent=71458"}],"wp:term":[{"taxonomy":"category","embeddable":true,"href":"https:\/\/blogopara.com.br\/index.php\/wp-json\/wp\/v2\/categories?post=71458"},{"taxonomy":"post_tag","embeddable":true,"href":"https:\/\/blogopara.com.br\/index.php\/wp-json\/wp\/v2\/tags?post=71458"}],"curies":[{"name":"wp","href":"https:\/\/api.w.org\/{rel}","templated":true}]}}