{"id":71471,"date":"2025-01-15T12:30:27","date_gmt":"2025-01-15T15:30:27","guid":{"rendered":"https:\/\/blogopara.com.br\/?p=71471"},"modified":"2025-01-14T18:32:34","modified_gmt":"2025-01-14T21:32:34","slug":"prefeitura-de-senhor-do-bonfim-inicia-inscricoes-para-o-edital-tiao-da-sanfona","status":"publish","type":"post","link":"https:\/\/blogopara.com.br\/index.php\/2025\/01\/15\/prefeitura-de-senhor-do-bonfim-inicia-inscricoes-para-o-edital-tiao-da-sanfona","title":{"rendered":"Prefeitura de Senhor do Bonfim inicia inscri\u00e7\u00f5es para o Edital Ti\u00e3o da Sanfona"},"content":{"rendered":"<p>A Prefeitura de Senhor do Bonfim, por meio da Secretaria Municipal de Cultura, iniciou nesta ter\u00e7a-feira (14) as inscri\u00e7\u00f5es para o Edital de Chamamento P\u00fablico N\u00ba 012\/2024 Ti\u00e3o da Sanfona, uma importante a\u00e7\u00e3o voltada para o fortalecimento e valoriza\u00e7\u00e3o da cultura local. A iniciativa, financiada com recursos da Pol\u00edtica Nacional Aldir Blanc de Fomento \u00e0 Cultura (PNAB), tem como objetivo impulsionar a produ\u00e7\u00e3o cultural e dar visibilidade aos talentos de diversas \u00e1reas no munic\u00edpio.<\/p>\n<p>As inscri\u00e7\u00f5es seguem at\u00e9 \u00e0s 18h do dia 14 de fevereiro de 2025. Os interessados podem se inscrever de forma presencial, na sede da Secretaria de Cultura, localizada na Esta\u00e7\u00e3o Ferrovi\u00e1ria, ou de forma virtual, pelo e-mail secultsb@gmail.com.<\/p>\n<p>O prefeito La\u00e9rcio J\u00fanior destacou a import\u00e2ncia do edital para o incentivo \u00e0 cultura no munic\u00edpio. \u201cCom o Edital Ti\u00e3o da Sanfona, reafirmamos nosso compromisso com a valoriza\u00e7\u00e3o da cultura de Senhor do Bonfim. \u00c9 uma oportunidade de destacar a criatividade e o talento dos nossos artistas, promovendo o desenvolvimento cultural que tanto nos orgulha. Convidamos todos os artistas, agentes culturais a participarem dessa iniciativa que valoriza a arte e o talento local\u201d, afirmou o prefeito.<\/p>\n<p>O edital<\/p>\n<p>Conta com um montante de R$ 556.163,17 provenientes do Fundo Nacional de Cultura do Governo Federal, que ir\u00e1 financiar 90 projetos culturais. Podem participar artistas e agentes culturais de diversos segmentos, como m\u00fasica, teatro, dan\u00e7a, literatura, artes visuais, povos tradicionais e outros.<\/p>\n<p>A secret\u00e1ria municipal de Cultura, Jaqueline Ara\u00fajo, ressaltou o impacto positivo da iniciativa. \u201cEstamos oferecendo um grande suporte para que os artistas e agentes culturais participem de forma ampla. Al\u00e9m de disponibilizarmos profissionais para auxiliar na elabora\u00e7\u00e3o dos projetos, nossa equipe estar\u00e1 realizando uma busca ativa em comunidades para garantir que ningu\u00e9m fique de fora dessa oportunidade\u201d, declarou a secret\u00e1ria.<\/p>\n<p>Informa\u00e7\u00f5es<\/p>\n<p>Para mais informa\u00e7\u00f5es e detalhes sobre a inscri\u00e7\u00e3o, os interessados podem entrar em contato com a Secretaria Municipal de Cultura pelo e-mail secultsb@gmail.com.<\/p>\n<p>&#8212;<br \/>\nTexto: Ascom PMSB<\/p>\n","protected":false},"excerpt":{"rendered":"<p>A Prefeitura de Senhor do Bonfim, por meio da Secretaria Municipal de Cultura, iniciou nesta ter\u00e7a-feira (14) as inscri\u00e7\u00f5es para o Edital de Chamamento P\u00fablico N\u00ba 012\/2024 Ti\u00e3o da Sanfona, uma importante a\u00e7\u00e3o voltada para o fortalecimento e valoriza\u00e7\u00e3o da cultura local. A iniciativa, financiada com recursos da Pol\u00edtica Nacional Aldir Blanc de Fomento \u00e0 [&hellip;]<\/p>\n","protected":false},"author":1,"featured_media":71472,"comment_status":"open","ping_status":"open","sticky":false,"template":"","format":"standard","meta":{"_uag_custom_page_level_css":"","_monsterinsights_skip_tracking":false,"_monsterinsights_sitenote_active":false,"_monsterinsights_sitenote_note":"","_monsterinsights_sitenote_category":0,"jetpack_post_was_ever_published":false,"_jetpack_newsletter_access":"","_jetpack_dont_email_post_to_subs":false,"_jetpack_newsletter_tier_id":0,"_jetpack_memberships_contains_paywalled_content":false,"_jetpack_memberships_contains_paid_content":false,"footnotes":"","jetpack_publicize_message":"","jetpack_publicize_feature_enabled":true,"jetpack_social_post_already_shared":true,"jetpack_social_options":{"image_generator_settings":{"template":"highway","default_image_id":0,"font":"","enabled":false},"version":2}},"categories":[1784],"tags":[],"class_list":["post-71471","post","type-post","status-publish","format-standard","has-post-thumbnail","hentry","category-cultura-2"],"jetpack_publicize_connections":[],"jetpack_featured_media_url":"https:\/\/blogopara.com.br\/wp-content\/uploads\/2025\/01\/thumbnail_Edital-Tiao-da-sanfona.jpg","uagb_featured_image_src":{"full":["https:\/\/blogopara.com.br\/wp-content\/uploads\/2025\/01\/thumbnail_Edital-Tiao-da-sanfona.jpg",499,477,false],"thumbnail":["https:\/\/blogopara.com.br\/wp-content\/uploads\/2025\/01\/thumbnail_Edital-Tiao-da-sanfona-150x150.jpg",150,150,true],"medium":["https:\/\/blogopara.com.br\/wp-content\/uploads\/2025\/01\/thumbnail_Edital-Tiao-da-sanfona-300x287.jpg",300,287,true],"medium_large":["https:\/\/blogopara.com.br\/wp-content\/uploads\/2025\/01\/thumbnail_Edital-Tiao-da-sanfona.jpg",499,477,false],"large":["https:\/\/blogopara.com.br\/wp-content\/uploads\/2025\/01\/thumbnail_Edital-Tiao-da-sanfona.jpg",499,477,false],"1536x1536":["https:\/\/blogopara.com.br\/wp-content\/uploads\/2025\/01\/thumbnail_Edital-Tiao-da-sanfona.jpg",499,477,false],"2048x2048":["https:\/\/blogopara.com.br\/wp-content\/uploads\/2025\/01\/thumbnail_Edital-Tiao-da-sanfona.jpg",499,477,false],"mantranews-slider-large":["https:\/\/blogopara.com.br\/wp-content\/uploads\/2025\/01\/thumbnail_Edital-Tiao-da-sanfona.jpg",499,477,false],"mantranews-featured-medium":["https:\/\/blogopara.com.br\/wp-content\/uploads\/2025\/01\/thumbnail_Edital-Tiao-da-sanfona-420x307.jpg",420,307,true],"mantranews-featured-long":["https:\/\/blogopara.com.br\/wp-content\/uploads\/2025\/01\/thumbnail_Edital-Tiao-da-sanfona-300x443.jpg",300,443,true],"mantranews-block-medium":["https:\/\/blogopara.com.br\/wp-content\/uploads\/2025\/01\/thumbnail_Edital-Tiao-da-sanfona-464x290.jpg",464,290,true],"mantranews-carousel-image":["https:\/\/blogopara.com.br\/wp-content\/uploads\/2025\/01\/thumbnail_Edital-Tiao-da-sanfona.jpg",499,477,false],"mantranews-block-thumb":["https:\/\/blogopara.com.br\/wp-content\/uploads\/2025\/01\/thumbnail_Edital-Tiao-da-sanfona-322x230.jpg",322,230,true],"mantranews-single-large":["https:\/\/blogopara.com.br\/wp-content\/uploads\/2025\/01\/thumbnail_Edital-Tiao-da-sanfona.jpg",499,477,false]},"uagb_author_info":{"display_name":"Reda\u00e7\u00e3o geral","author_link":"https:\/\/blogopara.com.br\/index.php\/author\/blogopara"},"uagb_comment_info":0,"uagb_excerpt":"A Prefeitura de Senhor do Bonfim, por meio da Secretaria Municipal de Cultura, iniciou nesta ter\u00e7a-feira (14) as inscri\u00e7\u00f5es para o Edital de Chamamento P\u00fablico N\u00ba 012\/2024 Ti\u00e3o da Sanfona, uma importante a\u00e7\u00e3o voltada para o fortalecimento e valoriza\u00e7\u00e3o da cultura local. A iniciativa, financiada com recursos da Pol\u00edtica Nacional Aldir Blanc de Fomento \u00e0&hellip;","jetpack_sharing_enabled":true,"jetpack_likes_enabled":true,"_links":{"self":[{"href":"https:\/\/blogopara.com.br\/index.php\/wp-json\/wp\/v2\/posts\/71471","targetHints":{"allow":["GET"]}}],"collection":[{"href":"https:\/\/blogopara.com.br\/index.php\/wp-json\/wp\/v2\/posts"}],"about":[{"href":"https:\/\/blogopara.com.br\/index.php\/wp-json\/wp\/v2\/types\/post"}],"author":[{"embeddable":true,"href":"https:\/\/blogopara.com.br\/index.php\/wp-json\/wp\/v2\/users\/1"}],"replies":[{"embeddable":true,"href":"https:\/\/blogopara.com.br\/index.php\/wp-json\/wp\/v2\/comments?post=71471"}],"version-history":[{"count":1,"href":"https:\/\/blogopara.com.br\/index.php\/wp-json\/wp\/v2\/posts\/71471\/revisions"}],"predecessor-version":[{"id":71473,"href":"https:\/\/blogopara.com.br\/index.php\/wp-json\/wp\/v2\/posts\/71471\/revisions\/71473"}],"wp:featuredmedia":[{"embeddable":true,"href":"https:\/\/blogopara.com.br\/index.php\/wp-json\/wp\/v2\/media\/71472"}],"wp:attachment":[{"href":"https:\/\/blogopara.com.br\/index.php\/wp-json\/wp\/v2\/media?parent=71471"}],"wp:term":[{"taxonomy":"category","embeddable":true,"href":"https:\/\/blogopara.com.br\/index.php\/wp-json\/wp\/v2\/categories?post=71471"},{"taxonomy":"post_tag","embeddable":true,"href":"https:\/\/blogopara.com.br\/index.php\/wp-json\/wp\/v2\/tags?post=71471"}],"curies":[{"name":"wp","href":"https:\/\/api.w.org\/{rel}","templated":true}]}}