{"id":71523,"date":"2025-01-16T10:09:18","date_gmt":"2025-01-16T13:09:18","guid":{"rendered":"https:\/\/blogopara.com.br\/?p=71523"},"modified":"2025-01-15T22:11:55","modified_gmt":"2025-01-16T01:11:55","slug":"produtores-de-serra-maravilha-avancam-na-certificacao-de-produtos-organicos-e-fortalece-a-agricultura-familiar","status":"publish","type":"post","link":"https:\/\/blogopara.com.br\/index.php\/2025\/01\/16\/produtores-de-serra-maravilha-avancam-na-certificacao-de-produtos-organicos-e-fortalece-a-agricultura-familiar","title":{"rendered":"Produtores de Serra Maravilha avan\u00e7am na certifica\u00e7\u00e3o de produtos org\u00e2nicos e fortalece a agricultura familiar"},"content":{"rendered":"<p>Em um importante passo para valorizar a produ\u00e7\u00e3o agr\u00edcola local e garantir alimentos mais saud\u00e1veis para a popula\u00e7\u00e3o, a Prefeitura de Senhor do Bonfim, por meio da Secretaria Municipal de Desenvolvimento Agropecu\u00e1rio e Agricultura Familiar, realizou na \u00faltima segunda-feira (13), uma reuni\u00e3o com produtores da Serra Maravilha para discutir a cria\u00e7\u00e3o de uma ag\u00eancia de certifica\u00e7\u00e3o de produtos de origem vegetal.<\/p>\n<p>O encontro, que contou com a participa\u00e7\u00e3o de cerca de 50 agricultores, teve como objetivo principal buscar uma entidade parceira para realizar a certifica\u00e7\u00e3o de frutas, verduras e outros produtos cultivados na regi\u00e3o, atendendo aos rigorosos crit\u00e9rios estabelecidos pelo Minist\u00e9rio da Agricultura, Pecu\u00e1ria e Abastecimento (Mapa). A certifica\u00e7\u00e3o dos produtos permitir\u00e1 aos agricultores acessar novos mercados, aumentar a renda e consolidar a Serra Maravilha como um polo de produ\u00e7\u00e3o de alimentos saud\u00e1veis e de alta qualidade.<\/p>\n<p>O secret\u00e1rio de Desenvolvimento Agropecu\u00e1rio, Paulo Terra Nova, destacou os benef\u00edcios da certifica\u00e7\u00e3o para os produtores e para a comunidade. &#8220;A certifica\u00e7\u00e3o garante a qualidade dos produtos, livre de agrot\u00f3xicos e outros qu\u00edmicos, e agrega um valor significativo \u00e0 produ\u00e7\u00e3o, podendo aumentar em at\u00e9 30% o pre\u00e7o das mercadorias comercializadas na feira org\u00e2nica. Al\u00e9m disso, o reconhecimento oficial do Minist\u00e9rio da Agricultura fortalece a marca dos produtos agroecol\u00f3gicos da Serra Maravilha\u201d, disse o secret\u00e1rio.<\/p>\n<p>&#8212;<\/p>\n<p>Texto: Ascom\/PMSB<\/p>\n","protected":false},"excerpt":{"rendered":"<p>Em um importante passo para valorizar a produ\u00e7\u00e3o agr\u00edcola local e garantir alimentos mais saud\u00e1veis para a popula\u00e7\u00e3o, a Prefeitura de Senhor do Bonfim, por meio da Secretaria Municipal de Desenvolvimento Agropecu\u00e1rio e Agricultura Familiar, realizou na \u00faltima segunda-feira (13), uma reuni\u00e3o com produtores da Serra Maravilha para discutir a cria\u00e7\u00e3o de uma ag\u00eancia de [&hellip;]<\/p>\n","protected":false},"author":1,"featured_media":71524,"comment_status":"open","ping_status":"open","sticky":false,"template":"","format":"standard","meta":{"_uag_custom_page_level_css":"","_monsterinsights_skip_tracking":false,"_monsterinsights_sitenote_active":false,"_monsterinsights_sitenote_note":"","_monsterinsights_sitenote_category":0,"jetpack_post_was_ever_published":false,"_jetpack_newsletter_access":"","_jetpack_dont_email_post_to_subs":false,"_jetpack_newsletter_tier_id":0,"_jetpack_memberships_contains_paywalled_content":false,"_jetpack_memberships_contains_paid_content":false,"footnotes":"","jetpack_publicize_message":"","jetpack_publicize_feature_enabled":true,"jetpack_social_post_already_shared":true,"jetpack_social_options":{"image_generator_settings":{"template":"highway","default_image_id":0,"font":"","enabled":false},"version":2}},"categories":[10082],"tags":[],"class_list":["post-71523","post","type-post","status-publish","format-standard","has-post-thumbnail","hentry","category-senhor-do-bonfim"],"jetpack_publicize_connections":[],"jetpack_featured_media_url":"https:\/\/blogopara.com.br\/wp-content\/uploads\/2025\/01\/WhatsApp-Image-2025-01-15-at-15.18.55.jpeg","uagb_featured_image_src":{"full":["https:\/\/blogopara.com.br\/wp-content\/uploads\/2025\/01\/WhatsApp-Image-2025-01-15-at-15.18.55.jpeg",500,281,false],"thumbnail":["https:\/\/blogopara.com.br\/wp-content\/uploads\/2025\/01\/WhatsApp-Image-2025-01-15-at-15.18.55-150x150.jpeg",150,150,true],"medium":["https:\/\/blogopara.com.br\/wp-content\/uploads\/2025\/01\/WhatsApp-Image-2025-01-15-at-15.18.55-300x169.jpeg",300,169,true],"medium_large":["https:\/\/blogopara.com.br\/wp-content\/uploads\/2025\/01\/WhatsApp-Image-2025-01-15-at-15.18.55.jpeg",500,281,false],"large":["https:\/\/blogopara.com.br\/wp-content\/uploads\/2025\/01\/WhatsApp-Image-2025-01-15-at-15.18.55.jpeg",500,281,false],"1536x1536":["https:\/\/blogopara.com.br\/wp-content\/uploads\/2025\/01\/WhatsApp-Image-2025-01-15-at-15.18.55.jpeg",500,281,false],"2048x2048":["https:\/\/blogopara.com.br\/wp-content\/uploads\/2025\/01\/WhatsApp-Image-2025-01-15-at-15.18.55.jpeg",500,281,false],"mantranews-slider-large":["https:\/\/blogopara.com.br\/wp-content\/uploads\/2025\/01\/WhatsApp-Image-2025-01-15-at-15.18.55.jpeg",500,281,false],"mantranews-featured-medium":["https:\/\/blogopara.com.br\/wp-content\/uploads\/2025\/01\/WhatsApp-Image-2025-01-15-at-15.18.55-420x281.jpeg",420,281,true],"mantranews-featured-long":["https:\/\/blogopara.com.br\/wp-content\/uploads\/2025\/01\/WhatsApp-Image-2025-01-15-at-15.18.55-300x281.jpeg",300,281,true],"mantranews-block-medium":["https:\/\/blogopara.com.br\/wp-content\/uploads\/2025\/01\/WhatsApp-Image-2025-01-15-at-15.18.55-464x281.jpeg",464,281,true],"mantranews-carousel-image":["https:\/\/blogopara.com.br\/wp-content\/uploads\/2025\/01\/WhatsApp-Image-2025-01-15-at-15.18.55.jpeg",500,281,false],"mantranews-block-thumb":["https:\/\/blogopara.com.br\/wp-content\/uploads\/2025\/01\/WhatsApp-Image-2025-01-15-at-15.18.55-322x230.jpeg",322,230,true],"mantranews-single-large":["https:\/\/blogopara.com.br\/wp-content\/uploads\/2025\/01\/WhatsApp-Image-2025-01-15-at-15.18.55.jpeg",500,281,false]},"uagb_author_info":{"display_name":"Reda\u00e7\u00e3o geral","author_link":"https:\/\/blogopara.com.br\/index.php\/author\/blogopara"},"uagb_comment_info":0,"uagb_excerpt":"Em um importante passo para valorizar a produ\u00e7\u00e3o agr\u00edcola local e garantir alimentos mais saud\u00e1veis para a popula\u00e7\u00e3o, a Prefeitura de Senhor do Bonfim, por meio da Secretaria Municipal de Desenvolvimento Agropecu\u00e1rio e Agricultura Familiar, realizou na \u00faltima segunda-feira (13), uma reuni\u00e3o com produtores da Serra Maravilha para discutir a cria\u00e7\u00e3o de uma ag\u00eancia de&hellip;","jetpack_sharing_enabled":true,"jetpack_likes_enabled":true,"_links":{"self":[{"href":"https:\/\/blogopara.com.br\/index.php\/wp-json\/wp\/v2\/posts\/71523","targetHints":{"allow":["GET"]}}],"collection":[{"href":"https:\/\/blogopara.com.br\/index.php\/wp-json\/wp\/v2\/posts"}],"about":[{"href":"https:\/\/blogopara.com.br\/index.php\/wp-json\/wp\/v2\/types\/post"}],"author":[{"embeddable":true,"href":"https:\/\/blogopara.com.br\/index.php\/wp-json\/wp\/v2\/users\/1"}],"replies":[{"embeddable":true,"href":"https:\/\/blogopara.com.br\/index.php\/wp-json\/wp\/v2\/comments?post=71523"}],"version-history":[{"count":1,"href":"https:\/\/blogopara.com.br\/index.php\/wp-json\/wp\/v2\/posts\/71523\/revisions"}],"predecessor-version":[{"id":71525,"href":"https:\/\/blogopara.com.br\/index.php\/wp-json\/wp\/v2\/posts\/71523\/revisions\/71525"}],"wp:featuredmedia":[{"embeddable":true,"href":"https:\/\/blogopara.com.br\/index.php\/wp-json\/wp\/v2\/media\/71524"}],"wp:attachment":[{"href":"https:\/\/blogopara.com.br\/index.php\/wp-json\/wp\/v2\/media?parent=71523"}],"wp:term":[{"taxonomy":"category","embeddable":true,"href":"https:\/\/blogopara.com.br\/index.php\/wp-json\/wp\/v2\/categories?post=71523"},{"taxonomy":"post_tag","embeddable":true,"href":"https:\/\/blogopara.com.br\/index.php\/wp-json\/wp\/v2\/tags?post=71523"}],"curies":[{"name":"wp","href":"https:\/\/api.w.org\/{rel}","templated":true}]}}