{"id":71654,"date":"2025-01-18T22:15:47","date_gmt":"2025-01-19T01:15:47","guid":{"rendered":"https:\/\/blogopara.com.br\/?p=71654"},"modified":"2025-01-18T22:15:47","modified_gmt":"2025-01-19T01:15:47","slug":"suzana-ramos-rebate-andrei-da-caixa-realizei-o-maior-carnaval-dos-ultimos-tempos-sem-privatizacoes-e-com-recursos-proprios","status":"publish","type":"post","link":"https:\/\/blogopara.com.br\/index.php\/2025\/01\/18\/suzana-ramos-rebate-andrei-da-caixa-realizei-o-maior-carnaval-dos-ultimos-tempos-sem-privatizacoes-e-com-recursos-proprios","title":{"rendered":"Suzana Ramos rebate Andrei da Caixa: &#8220;Realizei o maior carnaval dos \u00faltimos tempos, sem privatiza\u00e7\u00f5es e com recursos pr\u00f3prios"},"content":{"rendered":"<p class=\"x_MsoNormal\"><span data-olk-copy-source=\"MessageBody\">A atual administra\u00e7\u00e3o de Juazeiro justificou o cancelamento da maior festa da cidade em virtude de um endividamento herdado de mais de R$ 300 milh\u00f5es. <\/span><\/p>\n<p class=\"x_MsoNormal\"><span data-olk-copy-source=\"MessageBody\">O fato \u00e9 que a ex-prefeita recebeu o mesmo munic\u00edpio do ent\u00e3o gestor Paulo Bonfim com R$ 380 milh\u00f5es em d\u00e9bitos. Ou seja, mesmo com 80 milh\u00f5es de reais a mais em d\u00edvidas, segundo consta no relat\u00f3rio de transi\u00e7\u00e3o do governo de Paulo Bonfim (em anexo), a primeira mulher prefeita de Juazeiro realizou um dos maiores carnavais da hist\u00f3ria da cidade, sem privatiza\u00e7\u00f5es e com recursos pr\u00f3prios.<\/span><\/p>\n<p class=\"x_MsoNormal\">\u201cA d\u00edvida de Juazeiro \u00e9 hist\u00f3rica, assumi a cidade com d\u00e9bitos bem maiores do que est\u00e3o hoje, e mesmo com dificuldade, sem apoio dos Governos Federal e Estadual, paguei R$ 80 milh\u00f5es das d\u00edvidas e negociei o fim para 2030 deste d\u00e9bito do saneamento que assombra nossa cidade h\u00e1 d\u00e9cadas, dificultando o desenvolvimento do munic\u00edpio.<\/p>\n<p class=\"x_MsoNormal\">E com uma gest\u00e3o comprometida, respons\u00e1vel e transparente com o dinheiro p\u00fablico fizemos um carnaval lindo para o povo, com recursos pr\u00f3prios, democr\u00e1tico e sem privatiza\u00e7\u00f5es, com grandes nomes da m\u00fasica, condi\u00e7\u00f5es de trabalho para nossos ambulantes e liberdade de consumo para nossa gente, al\u00e9m de um polo voltado para a fam\u00edlia, como nunca existiu\u201d, concluiu Suzana.<b>\u00a0<\/b><\/p>\n<p class=\"x_MsoNormal\">Ascom Suzana Ramos<b>\u00a0<\/b><\/p>\n","protected":false},"excerpt":{"rendered":"<p>A atual administra\u00e7\u00e3o de Juazeiro justificou o cancelamento da maior festa da cidade em virtude de um endividamento herdado de mais de R$ 300 milh\u00f5es. O fato \u00e9 que a ex-prefeita recebeu o mesmo munic\u00edpio do ent\u00e3o gestor Paulo Bonfim com R$ 380 milh\u00f5es em d\u00e9bitos. Ou seja, mesmo com 80 milh\u00f5es de reais a [&hellip;]<\/p>\n","protected":false},"author":1,"featured_media":71655,"comment_status":"open","ping_status":"open","sticky":false,"template":"","format":"standard","meta":{"_uag_custom_page_level_css":"","_monsterinsights_skip_tracking":false,"_monsterinsights_sitenote_active":false,"_monsterinsights_sitenote_note":"","_monsterinsights_sitenote_category":0,"jetpack_post_was_ever_published":false,"_jetpack_newsletter_access":"","_jetpack_dont_email_post_to_subs":false,"_jetpack_newsletter_tier_id":0,"_jetpack_memberships_contains_paywalled_content":false,"_jetpack_memberships_contains_paid_content":false,"footnotes":"","jetpack_publicize_message":"","jetpack_publicize_feature_enabled":true,"jetpack_social_post_already_shared":true,"jetpack_social_options":{"image_generator_settings":{"template":"highway","default_image_id":0,"font":"","enabled":false},"version":2}},"categories":[203],"tags":[973,1196,11783,11198,15],"class_list":["post-71654","post","type-post","status-publish","format-standard","has-post-thumbnail","hentry","category-juazeiro","tag-carnaval","tag-endividamento","tag-gestao-de-andrei-da-caixa","tag-gestao-suzana-ramos","tag-paulo-bomfim"],"jetpack_publicize_connections":[],"jetpack_featured_media_url":"https:\/\/blogopara.com.br\/wp-content\/uploads\/2025\/01\/Cartao-de-aniversario-simples-e-delicado-com-fotos-rosa-e-preto-8.jpg","uagb_featured_image_src":{"full":["https:\/\/blogopara.com.br\/wp-content\/uploads\/2025\/01\/Cartao-de-aniversario-simples-e-delicado-com-fotos-rosa-e-preto-8.jpg",500,354,false],"thumbnail":["https:\/\/blogopara.com.br\/wp-content\/uploads\/2025\/01\/Cartao-de-aniversario-simples-e-delicado-com-fotos-rosa-e-preto-8-150x150.jpg",150,150,true],"medium":["https:\/\/blogopara.com.br\/wp-content\/uploads\/2025\/01\/Cartao-de-aniversario-simples-e-delicado-com-fotos-rosa-e-preto-8-300x212.jpg",300,212,true],"medium_large":["https:\/\/blogopara.com.br\/wp-content\/uploads\/2025\/01\/Cartao-de-aniversario-simples-e-delicado-com-fotos-rosa-e-preto-8.jpg",500,354,false],"large":["https:\/\/blogopara.com.br\/wp-content\/uploads\/2025\/01\/Cartao-de-aniversario-simples-e-delicado-com-fotos-rosa-e-preto-8.jpg",500,354,false],"1536x1536":["https:\/\/blogopara.com.br\/wp-content\/uploads\/2025\/01\/Cartao-de-aniversario-simples-e-delicado-com-fotos-rosa-e-preto-8.jpg",500,354,false],"2048x2048":["https:\/\/blogopara.com.br\/wp-content\/uploads\/2025\/01\/Cartao-de-aniversario-simples-e-delicado-com-fotos-rosa-e-preto-8.jpg",500,354,false],"mantranews-slider-large":["https:\/\/blogopara.com.br\/wp-content\/uploads\/2025\/01\/Cartao-de-aniversario-simples-e-delicado-com-fotos-rosa-e-preto-8.jpg",500,354,false],"mantranews-featured-medium":["https:\/\/blogopara.com.br\/wp-content\/uploads\/2025\/01\/Cartao-de-aniversario-simples-e-delicado-com-fotos-rosa-e-preto-8-420x307.jpg",420,307,true],"mantranews-featured-long":["https:\/\/blogopara.com.br\/wp-content\/uploads\/2025\/01\/Cartao-de-aniversario-simples-e-delicado-com-fotos-rosa-e-preto-8-300x354.jpg",300,354,true],"mantranews-block-medium":["https:\/\/blogopara.com.br\/wp-content\/uploads\/2025\/01\/Cartao-de-aniversario-simples-e-delicado-com-fotos-rosa-e-preto-8-464x290.jpg",464,290,true],"mantranews-carousel-image":["https:\/\/blogopara.com.br\/wp-content\/uploads\/2025\/01\/Cartao-de-aniversario-simples-e-delicado-com-fotos-rosa-e-preto-8.jpg",500,354,false],"mantranews-block-thumb":["https:\/\/blogopara.com.br\/wp-content\/uploads\/2025\/01\/Cartao-de-aniversario-simples-e-delicado-com-fotos-rosa-e-preto-8-322x230.jpg",322,230,true],"mantranews-single-large":["https:\/\/blogopara.com.br\/wp-content\/uploads\/2025\/01\/Cartao-de-aniversario-simples-e-delicado-com-fotos-rosa-e-preto-8.jpg",500,354,false]},"uagb_author_info":{"display_name":"Reda\u00e7\u00e3o geral","author_link":"https:\/\/blogopara.com.br\/index.php\/author\/blogopara"},"uagb_comment_info":0,"uagb_excerpt":"A atual administra\u00e7\u00e3o de Juazeiro justificou o cancelamento da maior festa da cidade em virtude de um endividamento herdado de mais de R$ 300 milh\u00f5es. O fato \u00e9 que a ex-prefeita recebeu o mesmo munic\u00edpio do ent\u00e3o gestor Paulo Bonfim com R$ 380 milh\u00f5es em d\u00e9bitos. Ou seja, mesmo com 80 milh\u00f5es de reais a&hellip;","jetpack_sharing_enabled":true,"jetpack_likes_enabled":true,"_links":{"self":[{"href":"https:\/\/blogopara.com.br\/index.php\/wp-json\/wp\/v2\/posts\/71654","targetHints":{"allow":["GET"]}}],"collection":[{"href":"https:\/\/blogopara.com.br\/index.php\/wp-json\/wp\/v2\/posts"}],"about":[{"href":"https:\/\/blogopara.com.br\/index.php\/wp-json\/wp\/v2\/types\/post"}],"author":[{"embeddable":true,"href":"https:\/\/blogopara.com.br\/index.php\/wp-json\/wp\/v2\/users\/1"}],"replies":[{"embeddable":true,"href":"https:\/\/blogopara.com.br\/index.php\/wp-json\/wp\/v2\/comments?post=71654"}],"version-history":[{"count":1,"href":"https:\/\/blogopara.com.br\/index.php\/wp-json\/wp\/v2\/posts\/71654\/revisions"}],"predecessor-version":[{"id":71656,"href":"https:\/\/blogopara.com.br\/index.php\/wp-json\/wp\/v2\/posts\/71654\/revisions\/71656"}],"wp:featuredmedia":[{"embeddable":true,"href":"https:\/\/blogopara.com.br\/index.php\/wp-json\/wp\/v2\/media\/71655"}],"wp:attachment":[{"href":"https:\/\/blogopara.com.br\/index.php\/wp-json\/wp\/v2\/media?parent=71654"}],"wp:term":[{"taxonomy":"category","embeddable":true,"href":"https:\/\/blogopara.com.br\/index.php\/wp-json\/wp\/v2\/categories?post=71654"},{"taxonomy":"post_tag","embeddable":true,"href":"https:\/\/blogopara.com.br\/index.php\/wp-json\/wp\/v2\/tags?post=71654"}],"curies":[{"name":"wp","href":"https:\/\/api.w.org\/{rel}","templated":true}]}}