{"id":71768,"date":"2025-01-22T10:23:09","date_gmt":"2025-01-22T13:23:09","guid":{"rendered":"https:\/\/blogopara.com.br\/?p=71768"},"modified":"2025-01-22T10:23:09","modified_gmt":"2025-01-22T13:23:09","slug":"triplo-homicidio-dois-adolescentes-e-um-jovem-sao-mortos-a-tiros-na-baixa-de-quintas","status":"publish","type":"post","link":"https:\/\/blogopara.com.br\/index.php\/2025\/01\/22\/triplo-homicidio-dois-adolescentes-e-um-jovem-sao-mortos-a-tiros-na-baixa-de-quintas","title":{"rendered":"Triplo homic\u00eddio: dois adolescentes e um jovem s\u00e3o mortos a tiros na Baixa de Quintas"},"content":{"rendered":"<p>A noite de ter\u00e7a-feira (21) foi de terror para os moradores da localidade de Freitas de Baixo, no bairro da Baixa de Quintas, em Salvador. Por volta das 22h, na Rua Desembargador J\u00falio de Brito, tr\u00eas pessoas foram mortas em um ataque armado, sendo dois adolescentes e um jovem. De acordo com informa\u00e7\u00f5es iniciais, homens armados chegaram atirando na dire\u00e7\u00e3o das v\u00edtimas, que morreram no local antes do socorro. Agentes da 37\u00ba Companhia Independente da Pol\u00edcia Militar (PM-BA) foram acionados por conta dos tiros, mas, quando chegaram no local, encontraram os tr\u00eas mortos.<\/p>\n<div class=\"flex flex-col p-2 px-0 w-full\">\n<p id=\"paragrafo-nf402m4ul8\" class=\"font-normal text-[18px] leading-[30px] text-tw-theme-text-default\">A Pol\u00edcia Civil (PC), foi acionada para o caso, realizou per\u00edcia e identificou as v\u00edtimas como Caique Santos Costa e Vit\u00f3ria Gabriele Costa Cruz, ambos com 15 anos, e Railan Andrade Santos, de 18. O registro, segundo a PC, ser\u00e1 investigado pela Delegacia de Homic\u00eddios M\u00faltiplos (DHM) ap\u00f3s o trabalho do Departamento de Pol\u00edcia T\u00e9cnica (DPT) expedidas. Oitivas e dilig\u00eancias ser\u00e3o realizadas para esclarecer as circunst\u00e2ncias, autoria e motiva\u00e7\u00e3o do crime.<\/p>\n<\/div>\n<div class=\"flex flex-col p-2 px-0 w-full\">\n<p id=\"paragrafo-lge37299k4\" class=\"font-normal text-[18px] leading-[30px] text-tw-theme-text-default\">Uma moradora, que prefere n\u00e3o se identificar, falou com a reportagem sobre o crime. De acordo com ela, o caso surpreendeu os moradores do local pela viol\u00eancia e os alvos dos tiros.\u201cO susto para n\u00f3s foi grande porque o Freitas nunca teve esse tipo de situa\u00e7\u00e3o. Vivo aqui h\u00e1 mais de 20 anos e nunca vi isso. Quando eu ouvi os barulhos ontem, quase n\u00e3o acredito. Ouvi o falat\u00f3rio do povo, sa\u00ed e tinha o corpo dos tr\u00eas l\u00e1 j\u00e1 mortos no ch\u00e3o. Tr\u00eas crian\u00e7as mortas, praticamente\u201d, lamenta a moradora.<\/p>\n<\/div>\n<div class=\"flex flex-col p-2 px-0 w-full\">\n<p id=\"paragrafo-c9dj9btqt6\" class=\"font-normal text-[18px] leading-[30px] text-tw-theme-text-default\">N\u00e3o h\u00e1 confirma\u00e7\u00e3o ainda sobre o que pode ter motivado o ataque a tiros que deixou os tr\u00eas mortos no local.<\/p>\n<\/div>\n","protected":false},"excerpt":{"rendered":"<p>A noite de ter\u00e7a-feira (21) foi de terror para os moradores da localidade de Freitas de Baixo, no bairro da Baixa de Quintas, em Salvador. Por volta das 22h, na Rua Desembargador J\u00falio de Brito, tr\u00eas pessoas foram mortas em um ataque armado, sendo dois adolescentes e um jovem. De acordo com informa\u00e7\u00f5es iniciais, homens [&hellip;]<\/p>\n","protected":false},"author":1,"featured_media":71769,"comment_status":"open","ping_status":"open","sticky":false,"template":"","format":"standard","meta":{"_uag_custom_page_level_css":"","_monsterinsights_skip_tracking":false,"_monsterinsights_sitenote_active":false,"_monsterinsights_sitenote_note":"","_monsterinsights_sitenote_category":0,"jetpack_post_was_ever_published":false,"_jetpack_newsletter_access":"","_jetpack_dont_email_post_to_subs":false,"_jetpack_newsletter_tier_id":0,"_jetpack_memberships_contains_paywalled_content":false,"_jetpack_memberships_contains_paid_content":false,"footnotes":"","jetpack_publicize_message":"","jetpack_publicize_feature_enabled":true,"jetpack_social_post_already_shared":true,"jetpack_social_options":{"image_generator_settings":{"template":"highway","default_image_id":0,"font":"","enabled":false},"version":2}},"categories":[199,202],"tags":[],"class_list":["post-71768","post","type-post","status-publish","format-standard","has-post-thumbnail","hentry","category-bahia","category-policia"],"jetpack_publicize_connections":[],"jetpack_featured_media_url":"https:\/\/blogopara.com.br\/wp-content\/uploads\/2025\/01\/homicidio.jpg","uagb_featured_image_src":{"full":["https:\/\/blogopara.com.br\/wp-content\/uploads\/2025\/01\/homicidio.jpg",500,327,false],"thumbnail":["https:\/\/blogopara.com.br\/wp-content\/uploads\/2025\/01\/homicidio-150x150.jpg",150,150,true],"medium":["https:\/\/blogopara.com.br\/wp-content\/uploads\/2025\/01\/homicidio-300x196.jpg",300,196,true],"medium_large":["https:\/\/blogopara.com.br\/wp-content\/uploads\/2025\/01\/homicidio.jpg",500,327,false],"large":["https:\/\/blogopara.com.br\/wp-content\/uploads\/2025\/01\/homicidio.jpg",500,327,false],"1536x1536":["https:\/\/blogopara.com.br\/wp-content\/uploads\/2025\/01\/homicidio.jpg",500,327,false],"2048x2048":["https:\/\/blogopara.com.br\/wp-content\/uploads\/2025\/01\/homicidio.jpg",500,327,false],"mantranews-slider-large":["https:\/\/blogopara.com.br\/wp-content\/uploads\/2025\/01\/homicidio.jpg",500,327,false],"mantranews-featured-medium":["https:\/\/blogopara.com.br\/wp-content\/uploads\/2025\/01\/homicidio-420x307.jpg",420,307,true],"mantranews-featured-long":["https:\/\/blogopara.com.br\/wp-content\/uploads\/2025\/01\/homicidio-300x327.jpg",300,327,true],"mantranews-block-medium":["https:\/\/blogopara.com.br\/wp-content\/uploads\/2025\/01\/homicidio-464x290.jpg",464,290,true],"mantranews-carousel-image":["https:\/\/blogopara.com.br\/wp-content\/uploads\/2025\/01\/homicidio.jpg",500,327,false],"mantranews-block-thumb":["https:\/\/blogopara.com.br\/wp-content\/uploads\/2025\/01\/homicidio-322x230.jpg",322,230,true],"mantranews-single-large":["https:\/\/blogopara.com.br\/wp-content\/uploads\/2025\/01\/homicidio.jpg",500,327,false]},"uagb_author_info":{"display_name":"Reda\u00e7\u00e3o geral","author_link":"https:\/\/blogopara.com.br\/index.php\/author\/blogopara"},"uagb_comment_info":0,"uagb_excerpt":"A noite de ter\u00e7a-feira (21) foi de terror para os moradores da localidade de Freitas de Baixo, no bairro da Baixa de Quintas, em Salvador. Por volta das 22h, na Rua Desembargador J\u00falio de Brito, tr\u00eas pessoas foram mortas em um ataque armado, sendo dois adolescentes e um jovem. De acordo com informa\u00e7\u00f5es iniciais, homens&hellip;","jetpack_sharing_enabled":true,"jetpack_likes_enabled":true,"_links":{"self":[{"href":"https:\/\/blogopara.com.br\/index.php\/wp-json\/wp\/v2\/posts\/71768","targetHints":{"allow":["GET"]}}],"collection":[{"href":"https:\/\/blogopara.com.br\/index.php\/wp-json\/wp\/v2\/posts"}],"about":[{"href":"https:\/\/blogopara.com.br\/index.php\/wp-json\/wp\/v2\/types\/post"}],"author":[{"embeddable":true,"href":"https:\/\/blogopara.com.br\/index.php\/wp-json\/wp\/v2\/users\/1"}],"replies":[{"embeddable":true,"href":"https:\/\/blogopara.com.br\/index.php\/wp-json\/wp\/v2\/comments?post=71768"}],"version-history":[{"count":1,"href":"https:\/\/blogopara.com.br\/index.php\/wp-json\/wp\/v2\/posts\/71768\/revisions"}],"predecessor-version":[{"id":71770,"href":"https:\/\/blogopara.com.br\/index.php\/wp-json\/wp\/v2\/posts\/71768\/revisions\/71770"}],"wp:featuredmedia":[{"embeddable":true,"href":"https:\/\/blogopara.com.br\/index.php\/wp-json\/wp\/v2\/media\/71769"}],"wp:attachment":[{"href":"https:\/\/blogopara.com.br\/index.php\/wp-json\/wp\/v2\/media?parent=71768"}],"wp:term":[{"taxonomy":"category","embeddable":true,"href":"https:\/\/blogopara.com.br\/index.php\/wp-json\/wp\/v2\/categories?post=71768"},{"taxonomy":"post_tag","embeddable":true,"href":"https:\/\/blogopara.com.br\/index.php\/wp-json\/wp\/v2\/tags?post=71768"}],"curies":[{"name":"wp","href":"https:\/\/api.w.org\/{rel}","templated":true}]}}