{"id":71776,"date":"2025-01-22T16:29:42","date_gmt":"2025-01-22T19:29:42","guid":{"rendered":"https:\/\/blogopara.com.br\/?p=71776"},"modified":"2025-01-22T16:29:42","modified_gmt":"2025-01-22T19:29:42","slug":"prefeitura-de-senhor-do-bonfim-investe-r-340-mil-em-saude-bucal-com-aquisicao-de-odontomovel","status":"publish","type":"post","link":"https:\/\/blogopara.com.br\/index.php\/2025\/01\/22\/prefeitura-de-senhor-do-bonfim-investe-r-340-mil-em-saude-bucal-com-aquisicao-de-odontomovel","title":{"rendered":"Prefeitura de Senhor do Bonfim investe R$ 340 mil em sa\u00fade bucal com aquisi\u00e7\u00e3o de Odontom\u00f3vel"},"content":{"rendered":"<p style=\"font-weight: 400;\">Com o objetivo de garantir uma sa\u00fade bucal de qualidade para toda a popula\u00e7\u00e3o, a Prefeitura de Senhor do Bonfim, por meio da Secretaria Municipal de Sa\u00fade, realizou um investimento de R$ 340 mil na aquisi\u00e7\u00e3o de um Odontom\u00f3vel. A unidade m\u00f3vel de sa\u00fade \u00e9 equipada com consult\u00f3rio odontol\u00f3gico, ferramentas de \u00faltima gera\u00e7\u00e3o e estrutura para oferecer atendimentos especializados. O objetivo \u00e9 levar tratamentos b\u00e1sicos, diagn\u00f3sticos precoces e a\u00e7\u00f5es preventivas para localidades mais distantes, incluindo \u00e1reas rurais e comunidades que enfrentam dificuldades de acesso aos postos fixos de sa\u00fade.<\/p>\n<p style=\"font-weight: 400;\">O prefeito La\u00e9rcio J\u00fanior expressou sua satisfa\u00e7\u00e3o com a aquisi\u00e7\u00e3o do Odontom\u00f3vel. \u201cAcreditamos que a sa\u00fade bucal \u00e9 um direito de todos e, com esse investimento, estamos levando mais qualidade de vida para a popula\u00e7\u00e3o. O equipamento ir\u00e1 facilitar o acesso aos servi\u00e7os odontol\u00f3gicos, especialmente para aqueles que moram em \u00e1reas mais distantes da sede do munic\u00edpio,\u201d afirmou.<\/p>\n<p style=\"font-weight: 400;\">Para as pol\u00edticas de sa\u00fade p\u00fablica, a implanta\u00e7\u00e3o de um Odontom\u00f3vel simboliza o compromisso com a inclus\u00e3o e com a oferta de servi\u00e7os de forma descentralizada, atingindo as pessoas mais vulner\u00e1veis e combatendo desigualdades hist\u00f3ricas.<\/p>\n<p style=\"font-weight: 400;\">\u201cEssa \u00e9 uma iniciativa que demonstra o empenho do munic\u00edpio em garantir o direito \u00e0 sa\u00fade de maneira pr\u00e1tica e eficiente. Portanto, investir em um Odontom\u00f3vel n\u00e3o \u00e9 apenas adquirir um ve\u00edculo, mas criar um canal direto entre o sistema de sa\u00fade e as comunidades mais distantes, promovendo dignidade, qualidade de vida e justi\u00e7a social,\u201d pontuou a secret\u00e1ria de Sa\u00fade, Renata Maia.<\/p>\n<p style=\"font-weight: 400;\">Texto: Ascom PMSB<\/p>\n","protected":false},"excerpt":{"rendered":"<p>Com o objetivo de garantir uma sa\u00fade bucal de qualidade para toda a popula\u00e7\u00e3o, a Prefeitura de Senhor do Bonfim, por meio da Secretaria Municipal de Sa\u00fade, realizou um investimento de R$ 340 mil na aquisi\u00e7\u00e3o de um Odontom\u00f3vel. A unidade m\u00f3vel de sa\u00fade \u00e9 equipada com consult\u00f3rio odontol\u00f3gico, ferramentas de \u00faltima gera\u00e7\u00e3o e estrutura [&hellip;]<\/p>\n","protected":false},"author":1,"featured_media":71777,"comment_status":"open","ping_status":"open","sticky":false,"template":"","format":"standard","meta":{"_uag_custom_page_level_css":"","_monsterinsights_skip_tracking":false,"_monsterinsights_sitenote_active":false,"_monsterinsights_sitenote_note":"","_monsterinsights_sitenote_category":0,"jetpack_post_was_ever_published":false,"_jetpack_newsletter_access":"","_jetpack_dont_email_post_to_subs":false,"_jetpack_newsletter_tier_id":0,"_jetpack_memberships_contains_paywalled_content":false,"_jetpack_memberships_contains_paid_content":false,"footnotes":"","jetpack_publicize_message":"","jetpack_publicize_feature_enabled":true,"jetpack_social_post_already_shared":true,"jetpack_social_options":{"image_generator_settings":{"template":"highway","default_image_id":0,"font":"","enabled":false},"version":2}},"categories":[205],"tags":[],"class_list":["post-71776","post","type-post","status-publish","format-standard","has-post-thumbnail","hentry","category-saude"],"jetpack_publicize_connections":[],"jetpack_featured_media_url":"https:\/\/blogopara.com.br\/wp-content\/uploads\/2025\/01\/WhatsApp-Image-2025-01-22-at-09.57.25.jpeg","uagb_featured_image_src":{"full":["https:\/\/blogopara.com.br\/wp-content\/uploads\/2025\/01\/WhatsApp-Image-2025-01-22-at-09.57.25.jpeg",500,333,false],"thumbnail":["https:\/\/blogopara.com.br\/wp-content\/uploads\/2025\/01\/WhatsApp-Image-2025-01-22-at-09.57.25-150x150.jpeg",150,150,true],"medium":["https:\/\/blogopara.com.br\/wp-content\/uploads\/2025\/01\/WhatsApp-Image-2025-01-22-at-09.57.25-300x200.jpeg",300,200,true],"medium_large":["https:\/\/blogopara.com.br\/wp-content\/uploads\/2025\/01\/WhatsApp-Image-2025-01-22-at-09.57.25.jpeg",500,333,false],"large":["https:\/\/blogopara.com.br\/wp-content\/uploads\/2025\/01\/WhatsApp-Image-2025-01-22-at-09.57.25.jpeg",500,333,false],"1536x1536":["https:\/\/blogopara.com.br\/wp-content\/uploads\/2025\/01\/WhatsApp-Image-2025-01-22-at-09.57.25.jpeg",500,333,false],"2048x2048":["https:\/\/blogopara.com.br\/wp-content\/uploads\/2025\/01\/WhatsApp-Image-2025-01-22-at-09.57.25.jpeg",500,333,false],"mantranews-slider-large":["https:\/\/blogopara.com.br\/wp-content\/uploads\/2025\/01\/WhatsApp-Image-2025-01-22-at-09.57.25.jpeg",500,333,false],"mantranews-featured-medium":["https:\/\/blogopara.com.br\/wp-content\/uploads\/2025\/01\/WhatsApp-Image-2025-01-22-at-09.57.25-420x307.jpeg",420,307,true],"mantranews-featured-long":["https:\/\/blogopara.com.br\/wp-content\/uploads\/2025\/01\/WhatsApp-Image-2025-01-22-at-09.57.25-300x333.jpeg",300,333,true],"mantranews-block-medium":["https:\/\/blogopara.com.br\/wp-content\/uploads\/2025\/01\/WhatsApp-Image-2025-01-22-at-09.57.25-464x290.jpeg",464,290,true],"mantranews-carousel-image":["https:\/\/blogopara.com.br\/wp-content\/uploads\/2025\/01\/WhatsApp-Image-2025-01-22-at-09.57.25.jpeg",500,333,false],"mantranews-block-thumb":["https:\/\/blogopara.com.br\/wp-content\/uploads\/2025\/01\/WhatsApp-Image-2025-01-22-at-09.57.25-322x230.jpeg",322,230,true],"mantranews-single-large":["https:\/\/blogopara.com.br\/wp-content\/uploads\/2025\/01\/WhatsApp-Image-2025-01-22-at-09.57.25.jpeg",500,333,false]},"uagb_author_info":{"display_name":"Reda\u00e7\u00e3o geral","author_link":"https:\/\/blogopara.com.br\/index.php\/author\/blogopara"},"uagb_comment_info":0,"uagb_excerpt":"Com o objetivo de garantir uma sa\u00fade bucal de qualidade para toda a popula\u00e7\u00e3o, a Prefeitura de Senhor do Bonfim, por meio da Secretaria Municipal de Sa\u00fade, realizou um investimento de R$ 340 mil na aquisi\u00e7\u00e3o de um Odontom\u00f3vel. A unidade m\u00f3vel de sa\u00fade \u00e9 equipada com consult\u00f3rio odontol\u00f3gico, ferramentas de \u00faltima gera\u00e7\u00e3o e estrutura&hellip;","jetpack_sharing_enabled":true,"jetpack_likes_enabled":true,"_links":{"self":[{"href":"https:\/\/blogopara.com.br\/index.php\/wp-json\/wp\/v2\/posts\/71776","targetHints":{"allow":["GET"]}}],"collection":[{"href":"https:\/\/blogopara.com.br\/index.php\/wp-json\/wp\/v2\/posts"}],"about":[{"href":"https:\/\/blogopara.com.br\/index.php\/wp-json\/wp\/v2\/types\/post"}],"author":[{"embeddable":true,"href":"https:\/\/blogopara.com.br\/index.php\/wp-json\/wp\/v2\/users\/1"}],"replies":[{"embeddable":true,"href":"https:\/\/blogopara.com.br\/index.php\/wp-json\/wp\/v2\/comments?post=71776"}],"version-history":[{"count":1,"href":"https:\/\/blogopara.com.br\/index.php\/wp-json\/wp\/v2\/posts\/71776\/revisions"}],"predecessor-version":[{"id":71778,"href":"https:\/\/blogopara.com.br\/index.php\/wp-json\/wp\/v2\/posts\/71776\/revisions\/71778"}],"wp:featuredmedia":[{"embeddable":true,"href":"https:\/\/blogopara.com.br\/index.php\/wp-json\/wp\/v2\/media\/71777"}],"wp:attachment":[{"href":"https:\/\/blogopara.com.br\/index.php\/wp-json\/wp\/v2\/media?parent=71776"}],"wp:term":[{"taxonomy":"category","embeddable":true,"href":"https:\/\/blogopara.com.br\/index.php\/wp-json\/wp\/v2\/categories?post=71776"},{"taxonomy":"post_tag","embeddable":true,"href":"https:\/\/blogopara.com.br\/index.php\/wp-json\/wp\/v2\/tags?post=71776"}],"curies":[{"name":"wp","href":"https:\/\/api.w.org\/{rel}","templated":true}]}}