{"id":71795,"date":"2025-01-22T21:21:07","date_gmt":"2025-01-23T00:21:07","guid":{"rendered":"https:\/\/blogopara.com.br\/?p=71795"},"modified":"2025-01-22T21:21:07","modified_gmt":"2025-01-23T00:21:07","slug":"janeiro-branco-reforca-importancia-da-saude-mental-e-cognitiva","status":"publish","type":"post","link":"https:\/\/blogopara.com.br\/index.php\/2025\/01\/22\/janeiro-branco-reforca-importancia-da-saude-mental-e-cognitiva","title":{"rendered":"Janeiro Branco refor\u00e7a import\u00e2ncia da sa\u00fade mental e cognitiva"},"content":{"rendered":"<p>O Janeiro Branco \u00e9 uma campanha que, desde sua cria\u00e7\u00e3o, tem ganhado cada vez mais destaque e, em 2025, a iniciativa completa 11 anos de exist\u00eancia. Com o objetivo de conscientizar sobre a import\u00e2ncia da sa\u00fade mental, ela se torna um marco no in\u00edcio do ano, uma oportunidade para reflex\u00e3o sobre o bem-estar psicol\u00f3gico e emocional.<\/p>\n<p>Al\u00e9m disso, a campanha n\u00e3o \u00e9 apenas um alerta sobre transtornos mentais. O intuito \u00e9 tamb\u00e9m quebrar estigmas que ainda cercam as doen\u00e7as psicol\u00f3gicas e ampliar o entendimento de que a sa\u00fade mental est\u00e1 intimamente ligada \u00e0 sa\u00fade f\u00edsica. \u00c9 uma oportunidade de promover o autocuidado e incentivar as pessoas a buscarem apoio psicol\u00f3gico sempre que necess\u00e1rio.<\/p>\n<p>O Dr. Leonardo Halley, neurologista e professor do IDOMED, destaca a import\u00e2ncia do Janeiro Branco ao afirmar que a campanha \u00e9 fundamental para a promo\u00e7\u00e3o da sa\u00fade mental. \u201cEla chama aten\u00e7\u00e3o para a necessidade de refletirmos sobre nosso bem-estar psicol\u00f3gico logo no in\u00edcio do ano, quebrando estigmas e instruindo a popula\u00e7\u00e3o a buscar o autocuidado e apoio psicol\u00f3gico quando necess\u00e1rio. A sa\u00fade f\u00edsica e a mental andam de m\u00e3os dadas e para ser saud\u00e1vel, ambas precisam estar bem\u201d, refor\u00e7a.<\/p>\n<p>O m\u00e9dico ainda complementa: \u201ca ideia central da campanha \u00e9, portanto, conscientizar a popula\u00e7\u00e3o sobre as doen\u00e7as mentais, discutir como a sa\u00fade emocional impacta diretamente a vida das pessoas e alertar sobre a import\u00e2ncia do acompanhamento psicol\u00f3gico para todos. Esse cuidado deve ser visto como uma prioridade tanto por profissionais de sa\u00fade quanto pela sociedade em geral\u201d, endossa a imprescindibilidade da a\u00e7\u00e3o.<\/p>\n<p>Com o passar dos anos, a campanha tem se adaptado aos novos desafios que surgem no contexto da sa\u00fade mental. A professora de psicologia da Wyden, Kalina Galv\u00e3o, destaca que &#8220;a campanha \u00e9 essencial para promover a sa\u00fade mental. Agora, em 2025, completamos 11 anos de campanha. A cada ano, novos desafios surgem, porque a sa\u00fade mental n\u00e3o se resume<\/p>\n<p>apenas a transtornos ou problemas psicol\u00f3gicos. Ela tamb\u00e9m envolve saber lidar com as adversidades do dia a dia\u201d, pontua.<\/p>\n<p>Ainda segundo a psic\u00f3loga, a sa\u00fade mental \u00e9 um tema complexo e din\u00e2mico, que est\u00e1 em constante evolu\u00e7\u00e3o. &#8220;\u00c9 um assunto que n\u00e3o se esgota, que precisa ser debatido continuamente, pois a forma como lidamos com as dificuldades emocionais pode mudar ao longo do tempo. A campanha visa desmistificar as doen\u00e7as mentais e trazer informa\u00e7\u00f5es valiosas para a popula\u00e7\u00e3o, criando um espa\u00e7o de conscientiza\u00e7\u00e3o e acolhimento&#8221;, reitera.<\/p>\n<p>Segundo os especialistas, a sa\u00fade mental deve ser encarada como uma prioridade no cuidado com o ser humano, uma vez que \u00e9 essencial para o bom desempenho no trabalho, nas rela\u00e7\u00f5es pessoais e para a qualidade de vida.<\/p>\n","protected":false},"excerpt":{"rendered":"<p>O Janeiro Branco \u00e9 uma campanha que, desde sua cria\u00e7\u00e3o, tem ganhado cada vez mais destaque e, em 2025, a iniciativa completa 11 anos de exist\u00eancia. Com o objetivo de conscientizar sobre a import\u00e2ncia da sa\u00fade mental, ela se torna um marco no in\u00edcio do ano, uma oportunidade para reflex\u00e3o sobre o bem-estar psicol\u00f3gico e [&hellip;]<\/p>\n","protected":false},"author":1,"featured_media":71796,"comment_status":"open","ping_status":"open","sticky":false,"template":"","format":"standard","meta":{"_uag_custom_page_level_css":"","_monsterinsights_skip_tracking":false,"_monsterinsights_sitenote_active":false,"_monsterinsights_sitenote_note":"","_monsterinsights_sitenote_category":0,"jetpack_post_was_ever_published":false,"_jetpack_newsletter_access":"","_jetpack_dont_email_post_to_subs":false,"_jetpack_newsletter_tier_id":0,"_jetpack_memberships_contains_paywalled_content":false,"_jetpack_memberships_contains_paid_content":false,"footnotes":"","jetpack_publicize_message":"","jetpack_publicize_feature_enabled":true,"jetpack_social_post_already_shared":true,"jetpack_social_options":{"image_generator_settings":{"template":"highway","default_image_id":0,"font":"","enabled":false},"version":2}},"categories":[205],"tags":[],"class_list":["post-71795","post","type-post","status-publish","format-standard","has-post-thumbnail","hentry","category-saude"],"jetpack_publicize_connections":[],"jetpack_featured_media_url":"https:\/\/blogopara.com.br\/wp-content\/uploads\/2025\/01\/thumbnail_Janeiro-Branco.png","uagb_featured_image_src":{"full":["https:\/\/blogopara.com.br\/wp-content\/uploads\/2025\/01\/thumbnail_Janeiro-Branco.png",500,281,false],"thumbnail":["https:\/\/blogopara.com.br\/wp-content\/uploads\/2025\/01\/thumbnail_Janeiro-Branco-150x150.png",150,150,true],"medium":["https:\/\/blogopara.com.br\/wp-content\/uploads\/2025\/01\/thumbnail_Janeiro-Branco-300x169.png",300,169,true],"medium_large":["https:\/\/blogopara.com.br\/wp-content\/uploads\/2025\/01\/thumbnail_Janeiro-Branco.png",500,281,false],"large":["https:\/\/blogopara.com.br\/wp-content\/uploads\/2025\/01\/thumbnail_Janeiro-Branco.png",500,281,false],"1536x1536":["https:\/\/blogopara.com.br\/wp-content\/uploads\/2025\/01\/thumbnail_Janeiro-Branco.png",500,281,false],"2048x2048":["https:\/\/blogopara.com.br\/wp-content\/uploads\/2025\/01\/thumbnail_Janeiro-Branco.png",500,281,false],"mantranews-slider-large":["https:\/\/blogopara.com.br\/wp-content\/uploads\/2025\/01\/thumbnail_Janeiro-Branco.png",500,281,false],"mantranews-featured-medium":["https:\/\/blogopara.com.br\/wp-content\/uploads\/2025\/01\/thumbnail_Janeiro-Branco-420x281.png",420,281,true],"mantranews-featured-long":["https:\/\/blogopara.com.br\/wp-content\/uploads\/2025\/01\/thumbnail_Janeiro-Branco-300x281.png",300,281,true],"mantranews-block-medium":["https:\/\/blogopara.com.br\/wp-content\/uploads\/2025\/01\/thumbnail_Janeiro-Branco-464x281.png",464,281,true],"mantranews-carousel-image":["https:\/\/blogopara.com.br\/wp-content\/uploads\/2025\/01\/thumbnail_Janeiro-Branco.png",500,281,false],"mantranews-block-thumb":["https:\/\/blogopara.com.br\/wp-content\/uploads\/2025\/01\/thumbnail_Janeiro-Branco-322x230.png",322,230,true],"mantranews-single-large":["https:\/\/blogopara.com.br\/wp-content\/uploads\/2025\/01\/thumbnail_Janeiro-Branco.png",500,281,false]},"uagb_author_info":{"display_name":"Reda\u00e7\u00e3o geral","author_link":"https:\/\/blogopara.com.br\/index.php\/author\/blogopara"},"uagb_comment_info":0,"uagb_excerpt":"O Janeiro Branco \u00e9 uma campanha que, desde sua cria\u00e7\u00e3o, tem ganhado cada vez mais destaque e, em 2025, a iniciativa completa 11 anos de exist\u00eancia. Com o objetivo de conscientizar sobre a import\u00e2ncia da sa\u00fade mental, ela se torna um marco no in\u00edcio do ano, uma oportunidade para reflex\u00e3o sobre o bem-estar psicol\u00f3gico e&hellip;","jetpack_sharing_enabled":true,"jetpack_likes_enabled":true,"_links":{"self":[{"href":"https:\/\/blogopara.com.br\/index.php\/wp-json\/wp\/v2\/posts\/71795","targetHints":{"allow":["GET"]}}],"collection":[{"href":"https:\/\/blogopara.com.br\/index.php\/wp-json\/wp\/v2\/posts"}],"about":[{"href":"https:\/\/blogopara.com.br\/index.php\/wp-json\/wp\/v2\/types\/post"}],"author":[{"embeddable":true,"href":"https:\/\/blogopara.com.br\/index.php\/wp-json\/wp\/v2\/users\/1"}],"replies":[{"embeddable":true,"href":"https:\/\/blogopara.com.br\/index.php\/wp-json\/wp\/v2\/comments?post=71795"}],"version-history":[{"count":1,"href":"https:\/\/blogopara.com.br\/index.php\/wp-json\/wp\/v2\/posts\/71795\/revisions"}],"predecessor-version":[{"id":71797,"href":"https:\/\/blogopara.com.br\/index.php\/wp-json\/wp\/v2\/posts\/71795\/revisions\/71797"}],"wp:featuredmedia":[{"embeddable":true,"href":"https:\/\/blogopara.com.br\/index.php\/wp-json\/wp\/v2\/media\/71796"}],"wp:attachment":[{"href":"https:\/\/blogopara.com.br\/index.php\/wp-json\/wp\/v2\/media?parent=71795"}],"wp:term":[{"taxonomy":"category","embeddable":true,"href":"https:\/\/blogopara.com.br\/index.php\/wp-json\/wp\/v2\/categories?post=71795"},{"taxonomy":"post_tag","embeddable":true,"href":"https:\/\/blogopara.com.br\/index.php\/wp-json\/wp\/v2\/tags?post=71795"}],"curies":[{"name":"wp","href":"https:\/\/api.w.org\/{rel}","templated":true}]}}