{"id":71810,"date":"2025-01-23T15:31:25","date_gmt":"2025-01-23T18:31:25","guid":{"rendered":"https:\/\/blogopara.com.br\/?p=71810"},"modified":"2025-01-23T15:31:25","modified_gmt":"2025-01-23T18:31:25","slug":"gestao-anisio-viana-encontra-educacao-em-estado-critico-e-sem-cumprir-200-dias-letivos","status":"publish","type":"post","link":"https:\/\/blogopara.com.br\/index.php\/2025\/01\/23\/gestao-anisio-viana-encontra-educacao-em-estado-critico-e-sem-cumprir-200-dias-letivos","title":{"rendered":"Gest\u00e3o Anisio Viana encontra educa\u00e7\u00e3o em estado cr\u00edtico e sem cumprir 200 dias letivos"},"content":{"rendered":"<p>A nova gest\u00e3o de Casa Nova, liderada pelo prefeito Anisio Viana, enfrenta um cen\u00e1rio alarmante na \u00e1rea da educa\u00e7\u00e3o. O diagn\u00f3stico inicial revela uma situa\u00e7\u00e3o sem precedentes de abandono, marcada por irregularidades graves que afetam diretamente o futuro dos estudantes.<\/p>\n<p>Um dos pontos mais cr\u00edticos \u00e9 o descumprimento dos 200 dias letivos, uma obriga\u00e7\u00e3o prevista em lei. Segundo o prefeito, Anisio Viana, esse cen\u00e1rio \u00e9 inadmiss\u00edvel. &#8220;\u00c9 inaceit\u00e1vel que o m\u00ednimo exigido pela legisla\u00e7\u00e3o n\u00e3o tenha sido cumprido. O ano letivo de 2024 terminou em outubro e ap\u00f3s as elei\u00e7\u00f5es todos foram dispensados. Isso \u00e9 uma ilegalidade absurda e um preju\u00edzo irrevers\u00edvel para nossos alunos. Ap\u00f3s dois anos de pandemia, a educa\u00e7\u00e3o deveria estar em plena recupera\u00e7\u00e3o, mas o que encontramos foi o oposto&#8221;, assinalou o prefeito.<\/p>\n<p>A situa\u00e7\u00e3o \u00e9 agravada pela falta de transi\u00e7\u00e3o entre gest\u00f5es, o que dificultou ainda mais o trabalho inicial da equipe atual. O secret\u00e1rio de Educa\u00e7\u00e3o, Daniel Torres, apontou que um dos grandes desafios \u201cser\u00e1 recuperar a aprendizagem dos alunos principalmente os da maior escola do munic\u00edpio, no distrito de Santana do Sobrado, que teve alunos deslocados para espa\u00e7os inadequados e superlotados durante uma reforma. Isso fez com que metade dos estudantes assistisse \u00e0s aulas apenas dois dias por semana. \u00c9 um reflexo de como a educa\u00e7\u00e3o foi negligenciada nos \u00faltimos anos&#8221;, pontuou Daniel Torres, acrescentando que \u201cprocessos b\u00e1sicos, como matr\u00edculas e registros escolares, ainda s\u00e3o feitos manualmente em toda a rede\u201d.<\/p>\n<p>Outros problemas<\/p>\n<p>O censo escolar, centralizado na Secretaria de Educa\u00e7\u00e3o, n\u00e3o refletia a realidade das escolas por falta de acompanhamento adequado. Outro problema grave \u00e9 a precariedade estrutural. Muitos pr\u00e9dios escolares est\u00e3o sucateados, e no interior a situa\u00e7\u00e3o \u00e9 ainda pior, com v\u00e1rias escolas funcionando em im\u00f3veis alugados e sem condi\u00e7\u00f5es adequadas. Como resultado, o munic\u00edpio registra um dos piores \u00edndices de alfabetiza\u00e7\u00e3o da Bahia e ocupa a \u00faltima posi\u00e7\u00e3o na regi\u00e3o norte do estado.<\/p>\n<p>O prefeito Anisio Viana reiterou o compromisso de sua gest\u00e3o em reverter esse cen\u00e1rio. &#8220;Estamos trabalhando para reorganizar o calend\u00e1rio escolar, recuperar os pr\u00e9dios e trazer dignidade para nossos alunos e professores. N\u00e3o \u00e9 uma tarefa f\u00e1cil, mas \u00e9 uma prioridade absoluta. J\u00e1 estamos adotando medidas emergenciais para regularizar o n\u00famero de dias letivos e garantir a retomada da qualidade na educa\u00e7\u00e3o, al\u00e9m de estruturar um planejamento de m\u00e9dio e longo prazo para sanar as falhas herdadas&#8221;, finalizou Anisio Viana.<\/p>\n<p>Texto: Ascom PMCN<\/p>\n","protected":false},"excerpt":{"rendered":"<p>A nova gest\u00e3o de Casa Nova, liderada pelo prefeito Anisio Viana, enfrenta um cen\u00e1rio alarmante na \u00e1rea da educa\u00e7\u00e3o. O diagn\u00f3stico inicial revela uma situa\u00e7\u00e3o sem precedentes de abandono, marcada por irregularidades graves que afetam diretamente o futuro dos estudantes. Um dos pontos mais cr\u00edticos \u00e9 o descumprimento dos 200 dias letivos, uma obriga\u00e7\u00e3o prevista [&hellip;]<\/p>\n","protected":false},"author":1,"featured_media":71812,"comment_status":"open","ping_status":"open","sticky":false,"template":"","format":"standard","meta":{"_uag_custom_page_level_css":"","_monsterinsights_skip_tracking":false,"_monsterinsights_sitenote_active":false,"_monsterinsights_sitenote_note":"","_monsterinsights_sitenote_category":0,"jetpack_post_was_ever_published":false,"_jetpack_newsletter_access":"","_jetpack_dont_email_post_to_subs":false,"_jetpack_newsletter_tier_id":0,"_jetpack_memberships_contains_paywalled_content":false,"_jetpack_memberships_contains_paid_content":false,"footnotes":"","jetpack_publicize_message":"","jetpack_publicize_feature_enabled":true,"jetpack_social_post_already_shared":true,"jetpack_social_options":{"image_generator_settings":{"template":"highway","default_image_id":0,"font":"","enabled":false},"version":2}},"categories":[209,197],"tags":[],"class_list":["post-71810","post","type-post","status-publish","format-standard","has-post-thumbnail","hentry","category-educacao","category-politica"],"jetpack_publicize_connections":[],"jetpack_featured_media_url":"https:\/\/blogopara.com.br\/wp-content\/uploads\/2025\/01\/thumbnail_WhatsApp-Image-2025-01-23-at-09.21.00.jpg","uagb_featured_image_src":{"full":["https:\/\/blogopara.com.br\/wp-content\/uploads\/2025\/01\/thumbnail_WhatsApp-Image-2025-01-23-at-09.21.00.jpg",500,205,false],"thumbnail":["https:\/\/blogopara.com.br\/wp-content\/uploads\/2025\/01\/thumbnail_WhatsApp-Image-2025-01-23-at-09.21.00-150x150.jpg",150,150,true],"medium":["https:\/\/blogopara.com.br\/wp-content\/uploads\/2025\/01\/thumbnail_WhatsApp-Image-2025-01-23-at-09.21.00-300x123.jpg",300,123,true],"medium_large":["https:\/\/blogopara.com.br\/wp-content\/uploads\/2025\/01\/thumbnail_WhatsApp-Image-2025-01-23-at-09.21.00.jpg",500,205,false],"large":["https:\/\/blogopara.com.br\/wp-content\/uploads\/2025\/01\/thumbnail_WhatsApp-Image-2025-01-23-at-09.21.00.jpg",500,205,false],"1536x1536":["https:\/\/blogopara.com.br\/wp-content\/uploads\/2025\/01\/thumbnail_WhatsApp-Image-2025-01-23-at-09.21.00.jpg",500,205,false],"2048x2048":["https:\/\/blogopara.com.br\/wp-content\/uploads\/2025\/01\/thumbnail_WhatsApp-Image-2025-01-23-at-09.21.00.jpg",500,205,false],"mantranews-slider-large":["https:\/\/blogopara.com.br\/wp-content\/uploads\/2025\/01\/thumbnail_WhatsApp-Image-2025-01-23-at-09.21.00.jpg",500,205,false],"mantranews-featured-medium":["https:\/\/blogopara.com.br\/wp-content\/uploads\/2025\/01\/thumbnail_WhatsApp-Image-2025-01-23-at-09.21.00-420x205.jpg",420,205,true],"mantranews-featured-long":["https:\/\/blogopara.com.br\/wp-content\/uploads\/2025\/01\/thumbnail_WhatsApp-Image-2025-01-23-at-09.21.00-300x205.jpg",300,205,true],"mantranews-block-medium":["https:\/\/blogopara.com.br\/wp-content\/uploads\/2025\/01\/thumbnail_WhatsApp-Image-2025-01-23-at-09.21.00-464x205.jpg",464,205,true],"mantranews-carousel-image":["https:\/\/blogopara.com.br\/wp-content\/uploads\/2025\/01\/thumbnail_WhatsApp-Image-2025-01-23-at-09.21.00.jpg",500,205,false],"mantranews-block-thumb":["https:\/\/blogopara.com.br\/wp-content\/uploads\/2025\/01\/thumbnail_WhatsApp-Image-2025-01-23-at-09.21.00-322x205.jpg",322,205,true],"mantranews-single-large":["https:\/\/blogopara.com.br\/wp-content\/uploads\/2025\/01\/thumbnail_WhatsApp-Image-2025-01-23-at-09.21.00.jpg",500,205,false]},"uagb_author_info":{"display_name":"Reda\u00e7\u00e3o geral","author_link":"https:\/\/blogopara.com.br\/index.php\/author\/blogopara"},"uagb_comment_info":0,"uagb_excerpt":"A nova gest\u00e3o de Casa Nova, liderada pelo prefeito Anisio Viana, enfrenta um cen\u00e1rio alarmante na \u00e1rea da educa\u00e7\u00e3o. O diagn\u00f3stico inicial revela uma situa\u00e7\u00e3o sem precedentes de abandono, marcada por irregularidades graves que afetam diretamente o futuro dos estudantes. Um dos pontos mais cr\u00edticos \u00e9 o descumprimento dos 200 dias letivos, uma obriga\u00e7\u00e3o prevista&hellip;","jetpack_sharing_enabled":true,"jetpack_likes_enabled":true,"_links":{"self":[{"href":"https:\/\/blogopara.com.br\/index.php\/wp-json\/wp\/v2\/posts\/71810","targetHints":{"allow":["GET"]}}],"collection":[{"href":"https:\/\/blogopara.com.br\/index.php\/wp-json\/wp\/v2\/posts"}],"about":[{"href":"https:\/\/blogopara.com.br\/index.php\/wp-json\/wp\/v2\/types\/post"}],"author":[{"embeddable":true,"href":"https:\/\/blogopara.com.br\/index.php\/wp-json\/wp\/v2\/users\/1"}],"replies":[{"embeddable":true,"href":"https:\/\/blogopara.com.br\/index.php\/wp-json\/wp\/v2\/comments?post=71810"}],"version-history":[{"count":1,"href":"https:\/\/blogopara.com.br\/index.php\/wp-json\/wp\/v2\/posts\/71810\/revisions"}],"predecessor-version":[{"id":71813,"href":"https:\/\/blogopara.com.br\/index.php\/wp-json\/wp\/v2\/posts\/71810\/revisions\/71813"}],"wp:featuredmedia":[{"embeddable":true,"href":"https:\/\/blogopara.com.br\/index.php\/wp-json\/wp\/v2\/media\/71812"}],"wp:attachment":[{"href":"https:\/\/blogopara.com.br\/index.php\/wp-json\/wp\/v2\/media?parent=71810"}],"wp:term":[{"taxonomy":"category","embeddable":true,"href":"https:\/\/blogopara.com.br\/index.php\/wp-json\/wp\/v2\/categories?post=71810"},{"taxonomy":"post_tag","embeddable":true,"href":"https:\/\/blogopara.com.br\/index.php\/wp-json\/wp\/v2\/tags?post=71810"}],"curies":[{"name":"wp","href":"https:\/\/api.w.org\/{rel}","templated":true}]}}