{"id":7187,"date":"2020-02-12T22:39:33","date_gmt":"2020-02-13T01:39:33","guid":{"rendered":"http:\/\/blogopara.com.br\/?p=7187"},"modified":"2020-02-12T22:39:39","modified_gmt":"2020-02-13T01:39:39","slug":"bahia-os-concursos-para-soldado-da-policia-militar-e-do-corpo-de-bombeiro-estao-suspensos","status":"publish","type":"post","link":"https:\/\/blogopara.com.br\/index.php\/2020\/02\/12\/bahia-os-concursos-para-soldado-da-policia-militar-e-do-corpo-de-bombeiro-estao-suspensos","title":{"rendered":"Bahia: Os concursos para Soldado da Pol\u00edcia Militar e do Corpo de Bombeiro est\u00e3o suspensos"},"content":{"rendered":"<p style=\"text-align: justify;\">Os concursos p\u00fablicos para Soldado da Pol\u00edcia Militar e do Corpo de Bombeiros Militar do Estado da Bahia est\u00e3o suspensos. O comunicado de suspens\u00e3o foi divulgado nesta quarta-feira, 12 de fevereiro, pela Secretaria de Administra\u00e7\u00e3o do Estado. Segundo a pasta, a suspens\u00e3o ocorre ap\u00f3s a realiza\u00e7\u00e3o das provas objetivas e discursivas, aplicadas no dia 19 de janeiro.<\/p>\n<p style=\"text-align: justify;\">\u201cFica suspenso o Concurso P\u00fablico para Sele\u00e7\u00e3o de Candidatos ao Curso de Forma\u00e7\u00e3o de Soldado da Pol\u00edcia Militar da Bahia e do Corpo de Bombeiros Militar da Bahia do quadro de pessoal da Pol\u00edcia Militar da Bahia e do Corpo de Bombeiros Militar da Bahia do Edital de Abertura de Inscri\u00e7\u00f5es \u2013 SAEB \u2013 03\/2019, at\u00e9 o julgamento final do m\u00e9rito ou modifica\u00e7\u00e3o da mencionada decis\u00e3o judicial\u201d, diz o texto.<\/p>\n<p style=\"text-align: justify;\">A Defensoria P\u00fablica do Estado da Bahia \u2013 DPE\/BA obteve liminar favor\u00e1vel ao pedido de mandado de seguran\u00e7a coletivo para a corre\u00e7\u00e3o de falhas nos editais. Segundo o \u00f3rg\u00e3o, entre os temas do edital questionados est\u00e3o:<\/p>\n<p style=\"text-align: justify;\">a exig\u00eancia de exames ginecol\u00f3gicos admissionais considerados invasivos;<br \/>\na impossibilidade de remarca\u00e7\u00e3o do Teste de Aptid\u00e3o F\u00edsica (TAF) para gestantes;<br \/>\na desproporcionalidade das vagas quanto ao g\u00eanero; e<br \/>\no momento da comprova\u00e7\u00e3o da idade m\u00e1xima para aprova\u00e7\u00e3o no concurso.<\/p>\n<p style=\"text-align: justify;\">Na decis\u00e3o proferida, a desembargadora inclusive cita decis\u00f5es do STF que v\u00e3o ao encontro aos pedidos solicitados pela Defensoria P\u00fablica do Estado da Bahia.<\/p>\n<p style=\"text-align: justify;\">A liminar suspende a exig\u00eancia de exames ginecol\u00f3gicos considerados invasivos, a realiza\u00e7\u00e3o do Teste de Aptid\u00e3o F\u00edsica para candidatas gestantes, com direito \u00e0 remarca\u00e7\u00e3o do teste, e a exig\u00eancia de idade m\u00e1xima na inscri\u00e7\u00e3o do concurso p\u00fablico para oficiais da Pol\u00edcia Militar e Corpo de Bombeiro Militar da Bahia.<\/p>\n","protected":false},"excerpt":{"rendered":"<p>Os concursos p\u00fablicos para Soldado da Pol\u00edcia Militar e do Corpo de Bombeiros Militar do Estado da Bahia est\u00e3o suspensos. O comunicado de suspens\u00e3o foi divulgado nesta quarta-feira, 12 de fevereiro, pela Secretaria de Administra\u00e7\u00e3o do Estado. Segundo a pasta, a suspens\u00e3o ocorre ap\u00f3s a realiza\u00e7\u00e3o das provas objetivas e discursivas, aplicadas no dia 19 [&hellip;]<\/p>\n","protected":false},"author":1,"featured_media":1786,"comment_status":"open","ping_status":"open","sticky":false,"template":"","format":"standard","meta":{"_uag_custom_page_level_css":"","_monsterinsights_skip_tracking":false,"_monsterinsights_sitenote_active":false,"_monsterinsights_sitenote_note":"","_monsterinsights_sitenote_category":0,"jetpack_post_was_ever_published":false,"_jetpack_newsletter_access":"","_jetpack_dont_email_post_to_subs":false,"_jetpack_newsletter_tier_id":0,"_jetpack_memberships_contains_paywalled_content":false,"_jetpack_memberships_contains_paid_content":false,"footnotes":"","jetpack_publicize_message":"","jetpack_publicize_feature_enabled":true,"jetpack_social_post_already_shared":true,"jetpack_social_options":{"image_generator_settings":{"template":"highway","default_image_id":0,"font":"","enabled":false},"version":2}},"categories":[199],"tags":[],"class_list":["post-7187","post","type-post","status-publish","format-standard","has-post-thumbnail","hentry","category-bahia"],"jetpack_publicize_connections":[],"jetpack_featured_media_url":"https:\/\/blogopara.com.br\/wp-content\/uploads\/2019\/07\/pm-bombeiros-concurso2-e1606487957284.jpg","uagb_featured_image_src":{"full":["https:\/\/blogopara.com.br\/wp-content\/uploads\/2019\/07\/pm-bombeiros-concurso2-e1606487957284.jpg",500,221,false],"thumbnail":["https:\/\/blogopara.com.br\/wp-content\/uploads\/2019\/07\/pm-bombeiros-concurso2-150x150.jpg",150,150,true],"medium":["https:\/\/blogopara.com.br\/wp-content\/uploads\/2019\/07\/pm-bombeiros-concurso2-300x132.jpg",300,132,true],"medium_large":["https:\/\/blogopara.com.br\/wp-content\/uploads\/2019\/07\/pm-bombeiros-concurso2-768x339.jpg",640,283,true],"large":["https:\/\/blogopara.com.br\/wp-content\/uploads\/2019\/07\/pm-bombeiros-concurso2-e1606487957284.jpg",500,221,false],"1536x1536":["https:\/\/blogopara.com.br\/wp-content\/uploads\/2019\/07\/pm-bombeiros-concurso2-e1606487957284.jpg",500,221,false],"2048x2048":["https:\/\/blogopara.com.br\/wp-content\/uploads\/2019\/07\/pm-bombeiros-concurso2-e1606487957284.jpg",500,221,false],"mantranews-slider-large":["https:\/\/blogopara.com.br\/wp-content\/uploads\/2019\/07\/pm-bombeiros-concurso2-e1606487957284.jpg",500,221,false],"mantranews-featured-medium":["https:\/\/blogopara.com.br\/wp-content\/uploads\/2019\/07\/pm-bombeiros-concurso2-e1606487957284.jpg",420,186,false],"mantranews-featured-long":["https:\/\/blogopara.com.br\/wp-content\/uploads\/2019\/07\/pm-bombeiros-concurso2-e1606487957284.jpg",300,133,false],"mantranews-block-medium":["https:\/\/blogopara.com.br\/wp-content\/uploads\/2019\/07\/pm-bombeiros-concurso2-e1606487957284.jpg",464,205,false],"mantranews-carousel-image":["https:\/\/blogopara.com.br\/wp-content\/uploads\/2019\/07\/pm-bombeiros-concurso2-e1606487957284.jpg",500,221,false],"mantranews-block-thumb":["https:\/\/blogopara.com.br\/wp-content\/uploads\/2019\/07\/pm-bombeiros-concurso2-e1606487957284.jpg",322,142,false],"mantranews-single-large":["https:\/\/blogopara.com.br\/wp-content\/uploads\/2019\/07\/pm-bombeiros-concurso2-e1606487957284.jpg",500,221,false]},"uagb_author_info":{"display_name":"Reda\u00e7\u00e3o geral","author_link":"https:\/\/blogopara.com.br\/index.php\/author\/blogopara"},"uagb_comment_info":0,"uagb_excerpt":"Os concursos p\u00fablicos para Soldado da Pol\u00edcia Militar e do Corpo de Bombeiros Militar do Estado da Bahia est\u00e3o suspensos. O comunicado de suspens\u00e3o foi divulgado nesta quarta-feira, 12 de fevereiro, pela Secretaria de Administra\u00e7\u00e3o do Estado. Segundo a pasta, a suspens\u00e3o ocorre ap\u00f3s a realiza\u00e7\u00e3o das provas objetivas e discursivas, aplicadas no dia 19&hellip;","jetpack_sharing_enabled":true,"jetpack_likes_enabled":true,"_links":{"self":[{"href":"https:\/\/blogopara.com.br\/index.php\/wp-json\/wp\/v2\/posts\/7187","targetHints":{"allow":["GET"]}}],"collection":[{"href":"https:\/\/blogopara.com.br\/index.php\/wp-json\/wp\/v2\/posts"}],"about":[{"href":"https:\/\/blogopara.com.br\/index.php\/wp-json\/wp\/v2\/types\/post"}],"author":[{"embeddable":true,"href":"https:\/\/blogopara.com.br\/index.php\/wp-json\/wp\/v2\/users\/1"}],"replies":[{"embeddable":true,"href":"https:\/\/blogopara.com.br\/index.php\/wp-json\/wp\/v2\/comments?post=7187"}],"version-history":[{"count":1,"href":"https:\/\/blogopara.com.br\/index.php\/wp-json\/wp\/v2\/posts\/7187\/revisions"}],"predecessor-version":[{"id":7188,"href":"https:\/\/blogopara.com.br\/index.php\/wp-json\/wp\/v2\/posts\/7187\/revisions\/7188"}],"wp:featuredmedia":[{"embeddable":true,"href":"https:\/\/blogopara.com.br\/index.php\/wp-json\/wp\/v2\/media\/1786"}],"wp:attachment":[{"href":"https:\/\/blogopara.com.br\/index.php\/wp-json\/wp\/v2\/media?parent=7187"}],"wp:term":[{"taxonomy":"category","embeddable":true,"href":"https:\/\/blogopara.com.br\/index.php\/wp-json\/wp\/v2\/categories?post=7187"},{"taxonomy":"post_tag","embeddable":true,"href":"https:\/\/blogopara.com.br\/index.php\/wp-json\/wp\/v2\/tags?post=7187"}],"curies":[{"name":"wp","href":"https:\/\/api.w.org\/{rel}","templated":true}]}}