{"id":71980,"date":"2025-01-27T18:58:54","date_gmt":"2025-01-27T21:58:54","guid":{"rendered":"https:\/\/blogopara.com.br\/?p=71980"},"modified":"2025-01-27T18:58:54","modified_gmt":"2025-01-27T21:58:54","slug":"quaest-avaliacao-negativa-do-governo-lula-sobe-para-37-apos-crise-do-pix","status":"publish","type":"post","link":"https:\/\/blogopara.com.br\/index.php\/2025\/01\/27\/quaest-avaliacao-negativa-do-governo-lula-sobe-para-37-apos-crise-do-pix","title":{"rendered":"Quaest: Avalia\u00e7\u00e3o negativa do governo Lula sobe para 37% ap\u00f3s crise do Pix"},"content":{"rendered":"<p>A avalia\u00e7\u00e3o negativa do governo Lula (PT) atingiu 37%, maior patamar num\u00e9rico desde o in\u00edcio do mandato, mostra levantamento da Quaest divulgado nesta segunda-feira (27). O \u00edndice cresceu seis pontos desde a \u00faltima pesquisa, no intervalo de um m\u00eas e meio.<\/p>\n<p>A gest\u00e3o \u00e9 considerada positiva por 31% dos entrevistados e avaliada como regular por 28%. Outros 4% n\u00e3o souberam ou n\u00e3o quiseram responder.<\/p>\n<p>Foram entrevistados nesta rodada 4.500 eleitores com 16 anos ou mais, entre quinta-feira (23) e domingo (26). A margem de erro \u00e9 de um ponto percentual, para mais ou para menos, dentro do n\u00edvel de confian\u00e7a de 95%.<\/p>\n<p>\u00c9 a primeira vez que a avalia\u00e7\u00e3o negativa supera a positiva, considerando as pesquisas anteriores da empresa desde o in\u00edcio do governo.<\/p>\n<p>Em dezembro, na pesquisa anterior, 33% avaliaram o governo positivamente, ante 31% que opinaram negativamente e 34% que o consideravam regular. Outros 2% n\u00e3o souberam ou n\u00e3o quiseram responder.<\/p>\n<p>No pico de insatisfa\u00e7\u00e3o at\u00e9 ent\u00e3o, a avalia\u00e7\u00e3o negativa havia atingido 34%, em fevereiro de 2024 \u2014a pesquisa na \u00e9poca tinha margem de erro de 2,2 pontos percentuais, para mais ou para menos.<\/p>\n<p>O aumento da rejei\u00e7\u00e3o retratado no levantamento deste m\u00eas ocorre na esteira da crise do Pix, que obrigou a gest\u00e3o Lula a preparar uma contraofensiva de olho na popularidade.<\/p>\n<p>Para 66% dos entrevistados, o governo mais errou do que acertou diante da crise, frente a 19% que avaliam que mais acertou. Quando questionados sobre qual a not\u00edcia mais negativa que ouviram a respeito da gest\u00e3o Lula, 11% citaram espontaneamente o Pix.<\/p>\n<p>Para 53% dos eleitores, a comunica\u00e7\u00e3o do governo \u00e9 negativa, diante de 18% que a consideram positiva e outros 23% que a avaliam como regular.<\/p>\n<p>A popularidade da gest\u00e3o derreteu especialmente no Nordeste (onde a avalia\u00e7\u00e3o positiva recuou de 48% para 37%); entre as mulheres (avalia\u00e7\u00e3o negativa subiu de 27% para 36%); entre os que completaram o ensino m\u00e9dio (avalia\u00e7\u00e3o negativa passou de 33% para 43%) e entre os que ganham de dois a cinco sal\u00e1rios m\u00ednimos (avalia\u00e7\u00e3o negativa foi de 32% para 41%).<\/p>\n<p>A empresa de pesquisa e consultoria tamb\u00e9m perguntou aos eleitores a opini\u00e3o em rela\u00e7\u00e3o ao trabalho do presidente \u201447% afirmaram aprov\u00e1-lo, contra 49% que disseram desaprov\u00e1-lo e 4% que n\u00e3o souberam ou n\u00e3o quiseram responder.<\/p>\n<p>Nesse quesito tamb\u00e9m houve queda na popularidade em rela\u00e7\u00e3o ao levantamento de dezembro, quando 52% afirmaram aprovar o trabalho de Lula, frente a 47% que o desaprovavam.<\/p>\n<p>Para 50% dos entrevistados, o pa\u00eds est\u00e1 na dire\u00e7\u00e3o errada (eram 46% em dezembro), contra 39% que dizem que o Brasil est\u00e1 na dire\u00e7\u00e3o certa (eram 43% na pesquisa anterior).<\/p>\n<p>A viol\u00eancia e as quest\u00f5es sociais foram apontados como os dois principais problemas do governo, escolhidos por 26% e 23% dos entrevistados, respectivamente. Em dezembro, os mesmos temas foram citados por 20% e 18% dos eleitores.<\/p>\n<p>Em rela\u00e7\u00e3o ao levantamento anterior, tamb\u00e9m aumentou de 78% para 83% a porcentagem de entrevistados que identificaram aumento nos pre\u00e7os do mercado no \u00faltimo m\u00eas. Em outubro, eram 65%.<\/p>\n<p>A avalia\u00e7\u00e3o sobre a economia permanece negativa: 39% afirmam que a situa\u00e7\u00e3o piorou nos \u00faltimos 12 meses. J\u00e1 a avalia\u00e7\u00e3o positiva vem caindo desde outubro, quando 33% diziam que a economia havia melhorado, frente a 25% de agora.<\/p>\n<p>O levantamento da Quaest \u00e9 financiado pela corretora de investimentos digital Genial Investimentos, controlada pelo banco Genial.<\/p>\n<p>&nbsp;<\/p>\n<p><span class=\"assinatura_exclusiva\">Ana Luiza Albuquerque\/Folhapress<\/span><\/p>\n","protected":false},"excerpt":{"rendered":"<p>A avalia\u00e7\u00e3o negativa do governo Lula (PT) atingiu 37%, maior patamar num\u00e9rico desde o in\u00edcio do mandato, mostra levantamento da Quaest divulgado nesta segunda-feira (27). O \u00edndice cresceu seis pontos desde a \u00faltima pesquisa, no intervalo de um m\u00eas e meio. A gest\u00e3o \u00e9 considerada positiva por 31% dos entrevistados e avaliada como regular por [&hellip;]<\/p>\n","protected":false},"author":1,"featured_media":48844,"comment_status":"open","ping_status":"open","sticky":false,"template":"","format":"standard","meta":{"_uag_custom_page_level_css":"","_monsterinsights_skip_tracking":false,"_monsterinsights_sitenote_active":false,"_monsterinsights_sitenote_note":"","_monsterinsights_sitenote_category":0,"jetpack_post_was_ever_published":false,"_jetpack_newsletter_access":"","_jetpack_dont_email_post_to_subs":false,"_jetpack_newsletter_tier_id":0,"_jetpack_memberships_contains_paywalled_content":false,"_jetpack_memberships_contains_paid_content":false,"footnotes":"","jetpack_publicize_message":"","jetpack_publicize_feature_enabled":true,"jetpack_social_post_already_shared":true,"jetpack_social_options":{"image_generator_settings":{"template":"highway","default_image_id":0,"font":"","enabled":false},"version":2}},"categories":[200,197],"tags":[],"class_list":["post-71980","post","type-post","status-publish","format-standard","has-post-thumbnail","hentry","category-brasil","category-politica"],"jetpack_publicize_connections":[],"jetpack_featured_media_url":"https:\/\/blogopara.com.br\/wp-content\/uploads\/2023\/01\/Lula-monta-grupo-de-trabalho-para-discutir-salario-minimo-500x333-1.webp","uagb_featured_image_src":{"full":["https:\/\/blogopara.com.br\/wp-content\/uploads\/2023\/01\/Lula-monta-grupo-de-trabalho-para-discutir-salario-minimo-500x333-1.webp",500,333,false],"thumbnail":["https:\/\/blogopara.com.br\/wp-content\/uploads\/2023\/01\/Lula-monta-grupo-de-trabalho-para-discutir-salario-minimo-500x333-1-150x150.webp",150,150,true],"medium":["https:\/\/blogopara.com.br\/wp-content\/uploads\/2023\/01\/Lula-monta-grupo-de-trabalho-para-discutir-salario-minimo-500x333-1-300x200.webp",300,200,true],"medium_large":["https:\/\/blogopara.com.br\/wp-content\/uploads\/2023\/01\/Lula-monta-grupo-de-trabalho-para-discutir-salario-minimo-500x333-1.webp",500,333,false],"large":["https:\/\/blogopara.com.br\/wp-content\/uploads\/2023\/01\/Lula-monta-grupo-de-trabalho-para-discutir-salario-minimo-500x333-1.webp",500,333,false],"1536x1536":["https:\/\/blogopara.com.br\/wp-content\/uploads\/2023\/01\/Lula-monta-grupo-de-trabalho-para-discutir-salario-minimo-500x333-1.webp",500,333,false],"2048x2048":["https:\/\/blogopara.com.br\/wp-content\/uploads\/2023\/01\/Lula-monta-grupo-de-trabalho-para-discutir-salario-minimo-500x333-1.webp",500,333,false],"mantranews-slider-large":["https:\/\/blogopara.com.br\/wp-content\/uploads\/2023\/01\/Lula-monta-grupo-de-trabalho-para-discutir-salario-minimo-500x333-1.webp",500,333,false],"mantranews-featured-medium":["https:\/\/blogopara.com.br\/wp-content\/uploads\/2023\/01\/Lula-monta-grupo-de-trabalho-para-discutir-salario-minimo-500x333-1-420x307.webp",420,307,true],"mantranews-featured-long":["https:\/\/blogopara.com.br\/wp-content\/uploads\/2023\/01\/Lula-monta-grupo-de-trabalho-para-discutir-salario-minimo-500x333-1-300x333.webp",300,333,true],"mantranews-block-medium":["https:\/\/blogopara.com.br\/wp-content\/uploads\/2023\/01\/Lula-monta-grupo-de-trabalho-para-discutir-salario-minimo-500x333-1-464x290.webp",464,290,true],"mantranews-carousel-image":["https:\/\/blogopara.com.br\/wp-content\/uploads\/2023\/01\/Lula-monta-grupo-de-trabalho-para-discutir-salario-minimo-500x333-1.webp",500,333,false],"mantranews-block-thumb":["https:\/\/blogopara.com.br\/wp-content\/uploads\/2023\/01\/Lula-monta-grupo-de-trabalho-para-discutir-salario-minimo-500x333-1-322x230.webp",322,230,true],"mantranews-single-large":["https:\/\/blogopara.com.br\/wp-content\/uploads\/2023\/01\/Lula-monta-grupo-de-trabalho-para-discutir-salario-minimo-500x333-1.webp",500,333,false]},"uagb_author_info":{"display_name":"Reda\u00e7\u00e3o geral","author_link":"https:\/\/blogopara.com.br\/index.php\/author\/blogopara"},"uagb_comment_info":0,"uagb_excerpt":"A avalia\u00e7\u00e3o negativa do governo Lula (PT) atingiu 37%, maior patamar num\u00e9rico desde o in\u00edcio do mandato, mostra levantamento da Quaest divulgado nesta segunda-feira (27). O \u00edndice cresceu seis pontos desde a \u00faltima pesquisa, no intervalo de um m\u00eas e meio. A gest\u00e3o \u00e9 considerada positiva por 31% dos entrevistados e avaliada como regular por&hellip;","jetpack_sharing_enabled":true,"jetpack_likes_enabled":true,"_links":{"self":[{"href":"https:\/\/blogopara.com.br\/index.php\/wp-json\/wp\/v2\/posts\/71980","targetHints":{"allow":["GET"]}}],"collection":[{"href":"https:\/\/blogopara.com.br\/index.php\/wp-json\/wp\/v2\/posts"}],"about":[{"href":"https:\/\/blogopara.com.br\/index.php\/wp-json\/wp\/v2\/types\/post"}],"author":[{"embeddable":true,"href":"https:\/\/blogopara.com.br\/index.php\/wp-json\/wp\/v2\/users\/1"}],"replies":[{"embeddable":true,"href":"https:\/\/blogopara.com.br\/index.php\/wp-json\/wp\/v2\/comments?post=71980"}],"version-history":[{"count":1,"href":"https:\/\/blogopara.com.br\/index.php\/wp-json\/wp\/v2\/posts\/71980\/revisions"}],"predecessor-version":[{"id":71981,"href":"https:\/\/blogopara.com.br\/index.php\/wp-json\/wp\/v2\/posts\/71980\/revisions\/71981"}],"wp:featuredmedia":[{"embeddable":true,"href":"https:\/\/blogopara.com.br\/index.php\/wp-json\/wp\/v2\/media\/48844"}],"wp:attachment":[{"href":"https:\/\/blogopara.com.br\/index.php\/wp-json\/wp\/v2\/media?parent=71980"}],"wp:term":[{"taxonomy":"category","embeddable":true,"href":"https:\/\/blogopara.com.br\/index.php\/wp-json\/wp\/v2\/categories?post=71980"},{"taxonomy":"post_tag","embeddable":true,"href":"https:\/\/blogopara.com.br\/index.php\/wp-json\/wp\/v2\/tags?post=71980"}],"curies":[{"name":"wp","href":"https:\/\/api.w.org\/{rel}","templated":true}]}}